{"id":1338,"date":"2020-05-12T16:11:46","date_gmt":"2020-05-12T16:11:46","guid":{"rendered":"https:\/\/www.istanbulberlin.com\/?p=1338"},"modified":"2020-05-13T15:25:07","modified_gmt":"2020-05-13T12:25:07","slug":"zamanin-icinden-florian-schneider-asena-hayal","status":"publish","type":"post","link":"https:\/\/www.istanbulberlin.com\/en-de\/zamanin-icinden-florian-schneider-asena-hayal\/","title":{"rendered":"Asena Hayal: Wonderful Combination of Machines and Human Soul"},"content":{"rendered":"<h6 class=\"p1\">The death of one of the founders of German electronic music group Kraftwerk, Florian Schneider was announced on May 6th 2020.  Asena Hayal joined my little investigation on the group. She is the Director of <a target=\"_blank\" href=\"https:\/\/www.icaf.com.tr\/\"><span class=\"s1\">Istanbul Comics and Art Festival (ICAF)<\/span><\/a> and DJ.<\/h6>\n<h5 class=\"p1\">HOW DID FLORIAN SCHNEIDER &amp; KRAFTWERK REVOLUTIONIZE POPULAR MUSIC?<\/h5>\n<p class=\"p1\"><img loading=\"lazy\" decoding=\"async\" class=\"wp-image-1341 alignleft\" src=\"https:\/\/www.istanbulberlin.com\/wp-content\/uploads\/2020\/05\/IB_ZI_FS_Asena_Hayal_2-scaled.jpg\" alt=\"\" width=\"361\" height=\"481\" srcset=\"https:\/\/www.istanbulberlin.com\/wp-content\/uploads\/2020\/05\/IB_ZI_FS_Asena_Hayal_2-scaled.jpg 1920w, https:\/\/www.istanbulberlin.com\/wp-content\/uploads\/2020\/05\/IB_ZI_FS_Asena_Hayal_2-225x300.jpg 225w, https:\/\/www.istanbulberlin.com\/wp-content\/uploads\/2020\/05\/IB_ZI_FS_Asena_Hayal_2-768x1024.jpg 768w, https:\/\/www.istanbulberlin.com\/wp-content\/uploads\/2020\/05\/IB_ZI_FS_Asena_Hayal_2-1152x1536.jpg 1152w, https:\/\/www.istanbulberlin.com\/wp-content\/uploads\/2020\/05\/IB_ZI_FS_Asena_Hayal_2-1536x2048.jpg 1536w\" sizes=\"auto, (max-width: 361px) 100vw, 361px\" \/>Florian Schneider, together with Ralf H\u00fctter played certainly the most important role in introducing electronic music to popular culture. Music authorities describe the band as \u201cthe Beatles of electronic\u201d, offering a wonderful combination of machines and the human soul they carried electronic music to another point. Their music influenced a variety of music genres from 80s <em>hip hop<\/em> to <em>EDM<\/em>, <em>trance<\/em> and <em>house<\/em> . <em>genre<\/em>&#8216;\u0131 etkiledi.<\/p>\n<h5 class=\"p1\">Machines making music. Repetitions. Technology. Which ideas flourish in Kraftwerk's music?<\/h5>\n<p class=\"p1\">Schneider and H\u00fctter had conservatory education. But instead of performing the classical music from the past over and over again, they set off with the question: \u201cWhat is the <em>sound<\/em>of today\u2019s Germany?\u201d They hugged the idea that \u201cmachines are also born from human imagination\u201d. The industrial elements of the music swelling from the industrial giant in Europe, Germany influenced so many other musical movements,<span class=\"Apple-converted-space\">\u00a0<\/span>like <em>Detroit techno,<\/em>where the city industrialized rapidly.<\/p>\n<h5 class=\"p1\">3 essential Kraftwerk songs?<\/h5>\n<p class=\"p1\">A 22 minutes masterpiece <a target=\"_blank\" href=\"https:\/\/www.youtube.com\/watch?v=vkOZNJYAZ7c&amp;t=256s\">Autobahn<\/a>, the most important song in the popularization of Kraftwerk <a target=\"_blank\" href=\"https:\/\/www.youtube.com\/watch?v=-s4zRw16tMA\">Das Model<\/a> and with its lyrics updated with the names Chernobyl and Hiroshima <a target=\"_blank\" href=\"https:\/\/www.youtube.com\/watch?v=X--F5b5IdqU\">Radioactivity<\/a>.<\/p>\n<h5 class=\"p1\">Would you like to tell the story of one of these three?<\/h5>\n<p class=\"p1\">I would like to tell the importance of Autobahn which I also have a tattoo on my arm. As a kid born and raised in Germany, we were traveling from Germany to Turkey by car from broad highways for days. Germany-Austria-Yugoslavia back than-Bulgaria and then Turkey. Electronic rhythms repeating for 22 minutes and the repetition of<em>wir fahr\u2019n fahr\u2019n fahr\u2019n auf der autobahn\u2019<\/em>makes me think of those trips.<\/p>\n<p class=\"p1\">For the music world, this song got the group for the first time to Top 40 lists and it is also their biggest hit in the US charts. Acoustic and electronic instruments were used together and in musical means never tried before techniques were used. The 22 minutes original version then radio edited to 3 minutes and 28 seconds. <em>Top 40<\/em> listelerine girmi\u015ftir ayr\u0131ca Amerika listelerine girmi\u015f en b\u00fcy\u00fck <em>hit&#8217;<\/em>idir. Akustik ve elektronik enstr\u00fcmanlar bir arada kullan\u0131lm\u0131\u015ft\u0131r ve m\u00fczikal anlamda daha \u00f6nce denenmemi\u015f teknikler denendi\u011fi i\u00e7in \u00f6nc\u00fc bir ba\u015fyap\u0131t olarak tarihe ge\u00e7mi\u015ftir. 22 dakikal\u0131k orijinal versiyonu daha sonra radio edit olarak 3 dakika 28 saniyeye indirilmi\u015ftir.<\/p>\n<div>\n<div>\n<div>\n<h5>BONUS: WOULD YOU LIKE TO TELL ME ABOUT LIFE FROM ISTANBUL PROJECT?<\/h5>\n<p class=\"p1\"><a target=\"_blank\" href=\"https:\/\/www.instagram.com\/lifefromistanbul\/?hl=en\">Life From Istanbul<\/a>, is a solidarity project I started together with Erel Ery\u00fcrek, Aksak, Arman Ak\u0131nc\u0131 and Harun \u015eahanc\u0131 to support the local scene and local DJs. We have a <a target=\"_blank\" href=\"https:\/\/www.youtube.com\/channel\/UCbg0bGfD_ALVw74QqEQyxLg\">Youtube<\/a> channel where we make interviews with leading names from the sector along with DJ sets. Our most important purpose is to generate a source of income to the local electronic music workers. Income from sponsors and <em>Merch<\/em> products would go to the DJs who earns at least of their living from being a DJ.<\/p>\n<p class=\"p1\">We also hope Life From Istanbul would continue after the pandemic. This time to unite the local electronic scene members and to be a platform to speak about their rights, problems and needs.<\/p>\n<\/div>\n<\/div>\n<\/div>","protected":false},"excerpt":{"rendered":"<p>Alman elektronik m\u00fczik gurubu Kraftwerk\u2019in kurucular\u0131ndan Florian Schneider\u2019in \u00f6l\u00fcm haberi 6 May\u0131s 2020\u2019de duyuruldu. Elektronik m\u00fczi\u011fin \u00f6nc\u00fclerinden Kraftwerk ile ilgili soru\u015fturmama Istanbul Comics and Art Festival (ICAF) Direkt\u00f6r\u00fc ve DJ Asena Hayal de kat\u0131ld\u0131. FlorIan SchneIder ve Kraftwerk pop\u00fcler m\u00fcz\u0130kte nas\u0131l b\u0130r devr\u0130m yapt\u0131? Florian Schneider, Ralf H\u00fctter ile birlikte elektronik m\u00fczi\u011fin pop\u00fcler k\u00fclt\u00fcr ile tan\u0131\u015fmas\u0131nda \u015f\u00fcphesiz en \u00f6nemli rol\u00fc \u00fcstlendi. M\u00fczik otoriteleri taraf\u0131ndan &#8221;elektronik m\u00fczi\u011fin Beatles\u2019\u0131&#8221; diye tan\u0131mlanan grup, makinelerle insan ruhunun m\u00fcthi\u015f kombinasyonunu sunarak elektronik m\u00fczi\u011fi bamba\u015fka bir yere ta\u015f\u0131d\u0131. Kraftwerk&#8217;in m\u00fczi\u011fi 80&#8217;ler hip hop hareketlerinden, daha sonra do\u011facak olan EDM, trance ve house m\u00fczi\u011fe kadar bir \u00e7ok [&hellip;]<\/p>","protected":false},"author":2,"featured_media":1340,"comment_status":"open","ping_status":"open","sticky":false,"template":"","format":"standard","meta":{"footnotes":""},"categories":[177,4],"tags":[215,190,218,216,222,188,179,221,220,180,219,187,217,100,178],"class_list":["post-1338","post","type-post","status-publish","format-standard","has-post-thumbnail","hentry","category-florian-schneider","category-zamanin-icinden","tag-asena-hayal","tag-autobahn","tag-das-model","tag-detroit-tekno","tag-dj","tag-elektronik-muzik","tag-florian-schneider","tag-icaf","tag-istanbul-comics-and-art-festival","tag-kraftwerk","tag-life-from-istanbul","tag-muzik","tag-radioactivity","tag-sorusturma","tag-zamanin-icinden"],"yoast_head":"<!-- This site is optimized with the Yoast SEO plugin v26.6 - https:\/\/yoast.com\/wordpress\/plugins\/seo\/ -->\n<title>Asena Hayal: Makinelerle \u0130nsan Ruhunun M\u00fcthi\u015f Kombinasyonu - istanbulberlin<\/title>\n<meta name=\"description\" content=\"Elektronik m\u00fczi\u011fin \u00f6nc\u00fclerinden Kraftwerk ile ilgili soru\u015fturmama Istanbul Comics and Art Festival (ICAF) Direkt\u00f6r\u00fc ve DJ Asena Hayal\u00a0de kat\u0131ld\u0131.\" \/>\n<meta name=\"robots\" content=\"index, follow, max-snippet:-1, max-image-preview:large, max-video-preview:-1\" \/>\n<link rel=\"canonical\" href=\"https:\/\/www.istanbulberlin.com\/en-de\/zamanin-icinden-florian-schneider-asena-hayal\/\" \/>\n<meta property=\"og:locale\" content=\"en_US\" \/>\n<meta property=\"og:type\" content=\"article\" \/>\n<meta property=\"og:title\" content=\"Asena Hayal: Makinelerle \u0130nsan Ruhunun M\u00fcthi\u015f Kombinasyonu - istanbulberlin\" \/>\n<meta property=\"og:description\" content=\"Elektronik m\u00fczi\u011fin \u00f6nc\u00fclerinden Kraftwerk ile ilgili soru\u015fturmama Istanbul Comics and Art Festival (ICAF) Direkt\u00f6r\u00fc ve DJ Asena Hayal\u00a0de kat\u0131ld\u0131.\" \/>\n<meta property=\"og:url\" content=\"https:\/\/www.istanbulberlin.com\/en-de\/zamanin-icinden-florian-schneider-asena-hayal\/\" \/>\n<meta property=\"og:site_name\" content=\"istanbulberlin\" \/>\n<meta property=\"article:published_time\" content=\"2020-05-12T16:11:46+00:00\" \/>\n<meta property=\"article:modified_time\" content=\"2020-05-13T12:25:07+00:00\" \/>\n<meta property=\"og:image\" content=\"https:\/\/www.istanbulberlin.com\/wp-content\/uploads\/2020\/05\/IB_ZI_FS_Asena_Hayal_CVR-scaled.jpg\" \/>\n\t<meta property=\"og:image:width\" content=\"2560\" \/>\n\t<meta property=\"og:image:height\" content=\"1920\" \/>\n\t<meta property=\"og:image:type\" content=\"image\/jpeg\" \/>\n<meta name=\"author\" content=\"Sedef Ilgic\" \/>\n<meta name=\"twitter:card\" content=\"summary_large_image\" \/>\n<meta name=\"twitter:label1\" content=\"Written by\" \/>\n\t<meta name=\"twitter:data1\" content=\"Sedef Ilgic\" \/>\n\t<meta name=\"twitter:label2\" content=\"Est. reading time\" \/>\n\t<meta name=\"twitter:data2\" content=\"3 minutes\" \/>\n<script type=\"application\/ld+json\" class=\"yoast-schema-graph\">{\"@context\":\"https:\/\/schema.org\",\"@graph\":[{\"@type\":\"Article\",\"@id\":\"https:\/\/www.istanbulberlin.com\/en-de\/zamanin-icinden-florian-schneider-asena-hayal\/#article\",\"isPartOf\":{\"@id\":\"https:\/\/www.istanbulberlin.com\/en-de\/zamanin-icinden-florian-schneider-asena-hayal\/\"},\"author\":{\"name\":\"Sedef Ilgic\",\"@id\":\"https:\/\/www.istanbulberlin.com\/#\/schema\/person\/1daa4de5f72c22093adde153bda4c7f2\"},\"headline\":\"Asena Hayal: Makinelerle \u0130nsan Ruhunun M\u00fcthi\u015f Kombinasyonu\",\"datePublished\":\"2020-05-12T16:11:46+00:00\",\"dateModified\":\"2020-05-13T12:25:07+00:00\",\"mainEntityOfPage\":{\"@id\":\"https:\/\/www.istanbulberlin.com\/en-de\/zamanin-icinden-florian-schneider-asena-hayal\/\"},\"wordCount\":603,\"commentCount\":0,\"publisher\":{\"@id\":\"https:\/\/www.istanbulberlin.com\/#organization\"},\"image\":{\"@id\":\"https:\/\/www.istanbulberlin.com\/en-de\/zamanin-icinden-florian-schneider-asena-hayal\/#primaryimage\"},\"thumbnailUrl\":\"https:\/\/www.istanbulberlin.com\/wp-content\/uploads\/2020\/05\/IB_ZI_FS_Asena_Hayal_CVR-scaled.jpg\",\"keywords\":[\"Asena Hayal\",\"autobahn\",\"Das Model\",\"Detroit Tekno\",\"DJ\",\"elektronik m\u00fczik\",\"Florian Schneider\",\"ICAF\",\"Istanbul Comics and Art Festival\",\"Kraftwerk\",\"Life From Istanbul\",\"m\u00fczik\",\"Radioactivity\",\"soru\u015fturma\",\"zamanin icinden\"],\"articleSection\":[\"FLORIAN SCHNEIDER\",\"Zaman\u0131n \u0130\u00e7inden\"],\"inLanguage\":\"en-US\",\"potentialAction\":[{\"@type\":\"CommentAction\",\"name\":\"Comment\",\"target\":[\"https:\/\/www.istanbulberlin.com\/en-de\/zamanin-icinden-florian-schneider-asena-hayal\/#respond\"]}]},{\"@type\":\"WebPage\",\"@id\":\"https:\/\/www.istanbulberlin.com\/en-de\/zamanin-icinden-florian-schneider-asena-hayal\/\",\"url\":\"https:\/\/www.istanbulberlin.com\/en-de\/zamanin-icinden-florian-schneider-asena-hayal\/\",\"name\":\"Asena Hayal: Makinelerle \u0130nsan Ruhunun M\u00fcthi\u015f Kombinasyonu - istanbulberlin\",\"isPartOf\":{\"@id\":\"https:\/\/www.istanbulberlin.com\/#website\"},\"primaryImageOfPage\":{\"@id\":\"https:\/\/www.istanbulberlin.com\/en-de\/zamanin-icinden-florian-schneider-asena-hayal\/#primaryimage\"},\"image\":{\"@id\":\"https:\/\/www.istanbulberlin.com\/en-de\/zamanin-icinden-florian-schneider-asena-hayal\/#primaryimage\"},\"thumbnailUrl\":\"https:\/\/www.istanbulberlin.com\/wp-content\/uploads\/2020\/05\/IB_ZI_FS_Asena_Hayal_CVR-scaled.jpg\",\"datePublished\":\"2020-05-12T16:11:46+00:00\",\"dateModified\":\"2020-05-13T12:25:07+00:00\",\"description\":\"Elektronik m\u00fczi\u011fin \u00f6nc\u00fclerinden Kraftwerk ile ilgili soru\u015fturmama Istanbul Comics and Art Festival (ICAF) Direkt\u00f6r\u00fc ve DJ Asena Hayal\u00a0de kat\u0131ld\u0131.\",\"breadcrumb\":{\"@id\":\"https:\/\/www.istanbulberlin.com\/en-de\/zamanin-icinden-florian-schneider-asena-hayal\/#breadcrumb\"},\"inLanguage\":\"en-US\",\"potentialAction\":[{\"@type\":\"ReadAction\",\"target\":[\"https:\/\/www.istanbulberlin.com\/en-de\/zamanin-icinden-florian-schneider-asena-hayal\/\"]}]},{\"@type\":\"ImageObject\",\"inLanguage\":\"en-US\",\"@id\":\"https:\/\/www.istanbulberlin.com\/en-de\/zamanin-icinden-florian-schneider-asena-hayal\/#primaryimage\",\"url\":\"https:\/\/www.istanbulberlin.com\/wp-content\/uploads\/2020\/05\/IB_ZI_FS_Asena_Hayal_CVR-scaled.jpg\",\"contentUrl\":\"https:\/\/www.istanbulberlin.com\/wp-content\/uploads\/2020\/05\/IB_ZI_FS_Asena_Hayal_CVR-scaled.jpg\",\"width\":2560,\"height\":1920},{\"@type\":\"BreadcrumbList\",\"@id\":\"https:\/\/www.istanbulberlin.com\/en-de\/zamanin-icinden-florian-schneider-asena-hayal\/#breadcrumb\",\"itemListElement\":[{\"@type\":\"ListItem\",\"position\":1,\"name\":\"Home\",\"item\":\"https:\/\/www.istanbulberlin.com\/\"},{\"@type\":\"ListItem\",\"position\":2,\"name\":\"Asena Hayal: Makinelerle \u0130nsan Ruhunun M\u00fcthi\u015f Kombinasyonu\"}]},{\"@type\":\"WebSite\",\"@id\":\"https:\/\/www.istanbulberlin.com\/#website\",\"url\":\"https:\/\/www.istanbulberlin.com\/\",\"name\":\"istanbulberlin\",\"description\":\"kar\u015f\u0131la\u015fmalar i\u00e7in bir alan . a space for encounters\",\"publisher\":{\"@id\":\"https:\/\/www.istanbulberlin.com\/#organization\"},\"potentialAction\":[{\"@type\":\"SearchAction\",\"target\":{\"@type\":\"EntryPoint\",\"urlTemplate\":\"https:\/\/www.istanbulberlin.com\/?s={search_term_string}\"},\"query-input\":{\"@type\":\"PropertyValueSpecification\",\"valueRequired\":true,\"valueName\":\"search_term_string\"}}],\"inLanguage\":\"en-US\"},{\"@type\":\"Organization\",\"@id\":\"https:\/\/www.istanbulberlin.com\/#organization\",\"name\":\"istanbulberlin\",\"url\":\"https:\/\/www.istanbulberlin.com\/\",\"logo\":{\"@type\":\"ImageObject\",\"inLanguage\":\"en-US\",\"@id\":\"https:\/\/www.istanbulberlin.com\/#\/schema\/logo\/image\/\",\"url\":\"https:\/\/www.istanbulberlin.com\/wp-content\/uploads\/2020\/05\/logo_c_big.png\",\"contentUrl\":\"https:\/\/www.istanbulberlin.com\/wp-content\/uploads\/2020\/05\/logo_c_big.png\",\"width\":1010,\"height\":125,\"caption\":\"istanbulberlin\"},\"image\":{\"@id\":\"https:\/\/www.istanbulberlin.com\/#\/schema\/logo\/image\/\"}},{\"@type\":\"Person\",\"@id\":\"https:\/\/www.istanbulberlin.com\/#\/schema\/person\/1daa4de5f72c22093adde153bda4c7f2\",\"name\":\"Sedef Ilgic\",\"url\":false}]}<\/script>\n<!-- \/ Yoast SEO plugin. -->","yoast_head_json":{"title":"Asena Hayal: Makinelerle \u0130nsan Ruhunun M\u00fcthi\u015f Kombinasyonu - istanbulberlin","description":"Elektronik m\u00fczi\u011fin \u00f6nc\u00fclerinden Kraftwerk ile ilgili soru\u015fturmama Istanbul Comics and Art Festival (ICAF) Direkt\u00f6r\u00fc ve DJ Asena Hayal\u00a0de kat\u0131ld\u0131.","robots":{"index":"index","follow":"follow","max-snippet":"max-snippet:-1","max-image-preview":"max-image-preview:large","max-video-preview":"max-video-preview:-1"},"canonical":"https:\/\/www.istanbulberlin.com\/en-de\/zamanin-icinden-florian-schneider-asena-hayal\/","og_locale":"en_US","og_type":"article","og_title":"Asena Hayal: Makinelerle \u0130nsan Ruhunun M\u00fcthi\u015f Kombinasyonu - istanbulberlin","og_description":"Elektronik m\u00fczi\u011fin \u00f6nc\u00fclerinden Kraftwerk ile ilgili soru\u015fturmama Istanbul Comics and Art Festival (ICAF) Direkt\u00f6r\u00fc ve DJ Asena Hayal\u00a0de kat\u0131ld\u0131.","og_url":"https:\/\/www.istanbulberlin.com\/en-de\/zamanin-icinden-florian-schneider-asena-hayal\/","og_site_name":"istanbulberlin","article_published_time":"2020-05-12T16:11:46+00:00","article_modified_time":"2020-05-13T12:25:07+00:00","og_image":[{"width":2560,"height":1920,"url":"https:\/\/www.istanbulberlin.com\/wp-content\/uploads\/2020\/05\/IB_ZI_FS_Asena_Hayal_CVR-scaled.jpg","type":"image\/jpeg"}],"author":"Sedef Ilgic","twitter_card":"summary_large_image","twitter_misc":{"Written by":"Sedef Ilgic","Est. reading time":"3 minutes"},"schema":{"@context":"https:\/\/schema.org","@graph":[{"@type":"Article","@id":"https:\/\/www.istanbulberlin.com\/en-de\/zamanin-icinden-florian-schneider-asena-hayal\/#article","isPartOf":{"@id":"https:\/\/www.istanbulberlin.com\/en-de\/zamanin-icinden-florian-schneider-asena-hayal\/"},"author":{"name":"Sedef Ilgic","@id":"https:\/\/www.istanbulberlin.com\/#\/schema\/person\/1daa4de5f72c22093adde153bda4c7f2"},"headline":"Asena Hayal: Makinelerle \u0130nsan Ruhunun M\u00fcthi\u015f Kombinasyonu","datePublished":"2020-05-12T16:11:46+00:00","dateModified":"2020-05-13T12:25:07+00:00","mainEntityOfPage":{"@id":"https:\/\/www.istanbulberlin.com\/en-de\/zamanin-icinden-florian-schneider-asena-hayal\/"},"wordCount":603,"commentCount":0,"publisher":{"@id":"https:\/\/www.istanbulberlin.com\/#organization"},"image":{"@id":"https:\/\/www.istanbulberlin.com\/en-de\/zamanin-icinden-florian-schneider-asena-hayal\/#primaryimage"},"thumbnailUrl":"https:\/\/www.istanbulberlin.com\/wp-content\/uploads\/2020\/05\/IB_ZI_FS_Asena_Hayal_CVR-scaled.jpg","keywords":["Asena Hayal","autobahn","Das Model","Detroit Tekno","DJ","elektronik m\u00fczik","Florian Schneider","ICAF","Istanbul Comics and Art Festival","Kraftwerk","Life From Istanbul","m\u00fczik","Radioactivity","soru\u015fturma","zamanin icinden"],"articleSection":["FLORIAN SCHNEIDER","Zaman\u0131n \u0130\u00e7inden"],"inLanguage":"en-US","potentialAction":[{"@type":"CommentAction","name":"Comment","target":["https:\/\/www.istanbulberlin.com\/en-de\/zamanin-icinden-florian-schneider-asena-hayal\/#respond"]}]},{"@type":"WebPage","@id":"https:\/\/www.istanbulberlin.com\/en-de\/zamanin-icinden-florian-schneider-asena-hayal\/","url":"https:\/\/www.istanbulberlin.com\/en-de\/zamanin-icinden-florian-schneider-asena-hayal\/","name":"Asena Hayal: Makinelerle \u0130nsan Ruhunun M\u00fcthi\u015f Kombinasyonu - istanbulberlin","isPartOf":{"@id":"https:\/\/www.istanbulberlin.com\/#website"},"primaryImageOfPage":{"@id":"https:\/\/www.istanbulberlin.com\/en-de\/zamanin-icinden-florian-schneider-asena-hayal\/#primaryimage"},"image":{"@id":"https:\/\/www.istanbulberlin.com\/en-de\/zamanin-icinden-florian-schneider-asena-hayal\/#primaryimage"},"thumbnailUrl":"https:\/\/www.istanbulberlin.com\/wp-content\/uploads\/2020\/05\/IB_ZI_FS_Asena_Hayal_CVR-scaled.jpg","datePublished":"2020-05-12T16:11:46+00:00","dateModified":"2020-05-13T12:25:07+00:00","description":"Elektronik m\u00fczi\u011fin \u00f6nc\u00fclerinden Kraftwerk ile ilgili soru\u015fturmama Istanbul Comics and Art Festival (ICAF) Direkt\u00f6r\u00fc ve DJ Asena Hayal\u00a0de kat\u0131ld\u0131.","breadcrumb":{"@id":"https:\/\/www.istanbulberlin.com\/en-de\/zamanin-icinden-florian-schneider-asena-hayal\/#breadcrumb"},"inLanguage":"en-US","potentialAction":[{"@type":"ReadAction","target":["https:\/\/www.istanbulberlin.com\/en-de\/zamanin-icinden-florian-schneider-asena-hayal\/"]}]},{"@type":"ImageObject","inLanguage":"en-US","@id":"https:\/\/www.istanbulberlin.com\/en-de\/zamanin-icinden-florian-schneider-asena-hayal\/#primaryimage","url":"https:\/\/www.istanbulberlin.com\/wp-content\/uploads\/2020\/05\/IB_ZI_FS_Asena_Hayal_CVR-scaled.jpg","contentUrl":"https:\/\/www.istanbulberlin.com\/wp-content\/uploads\/2020\/05\/IB_ZI_FS_Asena_Hayal_CVR-scaled.jpg","width":2560,"height":1920},{"@type":"BreadcrumbList","@id":"https:\/\/www.istanbulberlin.com\/en-de\/zamanin-icinden-florian-schneider-asena-hayal\/#breadcrumb","itemListElement":[{"@type":"ListItem","position":1,"name":"Home","item":"https:\/\/www.istanbulberlin.com\/"},{"@type":"ListItem","position":2,"name":"Asena Hayal: Makinelerle \u0130nsan Ruhunun M\u00fcthi\u015f Kombinasyonu"}]},{"@type":"WebSite","@id":"https:\/\/www.istanbulberlin.com\/#website","url":"https:\/\/www.istanbulberlin.com\/","name":"istanbulberlin","description":"kar\u015f\u0131la\u015fmalar i\u00e7in bir alan . a space for encounters","publisher":{"@id":"https:\/\/www.istanbulberlin.com\/#organization"},"potentialAction":[{"@type":"SearchAction","target":{"@type":"EntryPoint","urlTemplate":"https:\/\/www.istanbulberlin.com\/?s={search_term_string}"},"query-input":{"@type":"PropertyValueSpecification","valueRequired":true,"valueName":"search_term_string"}}],"inLanguage":"en-US"},{"@type":"Organization","@id":"https:\/\/www.istanbulberlin.com\/#organization","name":"istanbulberlin","url":"https:\/\/www.istanbulberlin.com\/","logo":{"@type":"ImageObject","inLanguage":"en-US","@id":"https:\/\/www.istanbulberlin.com\/#\/schema\/logo\/image\/","url":"https:\/\/www.istanbulberlin.com\/wp-content\/uploads\/2020\/05\/logo_c_big.png","contentUrl":"https:\/\/www.istanbulberlin.com\/wp-content\/uploads\/2020\/05\/logo_c_big.png","width":1010,"height":125,"caption":"istanbulberlin"},"image":{"@id":"https:\/\/www.istanbulberlin.com\/#\/schema\/logo\/image\/"}},{"@type":"Person","@id":"https:\/\/www.istanbulberlin.com\/#\/schema\/person\/1daa4de5f72c22093adde153bda4c7f2","name":"Sedef Ilgic","url":false}]}},"_links":{"self":[{"href":"https:\/\/www.istanbulberlin.com\/en-de\/wp-json\/wp\/v2\/posts\/1338","targetHints":{"allow":["GET"]}}],"collection":[{"href":"https:\/\/www.istanbulberlin.com\/en-de\/wp-json\/wp\/v2\/posts"}],"about":[{"href":"https:\/\/www.istanbulberlin.com\/en-de\/wp-json\/wp\/v2\/types\/post"}],"author":[{"embeddable":true,"href":"https:\/\/www.istanbulberlin.com\/en-de\/wp-json\/wp\/v2\/users\/2"}],"replies":[{"embeddable":true,"href":"https:\/\/www.istanbulberlin.com\/en-de\/wp-json\/wp\/v2\/comments?post=1338"}],"version-history":[{"count":17,"href":"https:\/\/www.istanbulberlin.com\/en-de\/wp-json\/wp\/v2\/posts\/1338\/revisions"}],"predecessor-version":[{"id":1369,"href":"https:\/\/www.istanbulberlin.com\/en-de\/wp-json\/wp\/v2\/posts\/1338\/revisions\/1369"}],"wp:featuredmedia":[{"embeddable":true,"href":"https:\/\/www.istanbulberlin.com\/en-de\/wp-json\/wp\/v2\/media\/1340"}],"wp:attachment":[{"href":"https:\/\/www.istanbulberlin.com\/en-de\/wp-json\/wp\/v2\/media?parent=1338"}],"wp:term":[{"taxonomy":"category","embeddable":true,"href":"https:\/\/www.istanbulberlin.com\/en-de\/wp-json\/wp\/v2\/categories?post=1338"},{"taxonomy":"post_tag","embeddable":true,"href":"https:\/\/www.istanbulberlin.com\/en-de\/wp-json\/wp\/v2\/tags?post=1338"}],"curies":[{"name":"wp","href":"https:\/\/api.w.org\/{rel}","templated":true}]}}