{"id":1523,"date":"2020-06-01T12:40:52","date_gmt":"2020-06-01T09:40:52","guid":{"rendered":"https:\/\/www.istanbulberlin.com\/?p=1523"},"modified":"2020-06-01T12:40:52","modified_gmt":"2020-06-01T09:40:52","slug":"zamanin-icinden-covid-19-secil-epik","status":"publish","type":"post","link":"https:\/\/www.istanbulberlin.com\/en-de\/zamanin-icinden-covid-19-secil-epik\/","title":{"rendered":"Se\u00e7il Epik: Slowing Down the World Around"},"content":{"rendered":"<h6 class=\"p2\">Istanbul based editor and book critic Se\u00e7il Epik answered my three question investigation on the coronavirus effect. She sends a weekly newsletter on the books she \"wishes more people to read\". To subscribe to the newsletter <a target=\"_blank\" href=\"https:\/\/mailchi.mp\/85d79a8ae0a5\/epikneokuyor\">here<\/a> What does Epik read these days, really?<\/h6>\n<h5><img loading=\"lazy\" decoding=\"async\" class=\"size-full wp-image-1380 aligncenter\" src=\"https:\/\/www.istanbulberlin.com\/wp-content\/uploads\/2020\/05\/IB_ZI_SecilEpik_1.jpg\" alt=\"\" width=\"750\" height=\"750\" srcset=\"https:\/\/www.istanbulberlin.com\/wp-content\/uploads\/2020\/05\/IB_ZI_SecilEpik_1.jpg 750w, https:\/\/www.istanbulberlin.com\/wp-content\/uploads\/2020\/05\/IB_ZI_SecilEpik_1-300x300.jpg 300w, https:\/\/www.istanbulberlin.com\/wp-content\/uploads\/2020\/05\/IB_ZI_SecilEpik_1-150x150.jpg 150w, https:\/\/www.istanbulberlin.com\/wp-content\/uploads\/2020\/05\/IB_ZI_SecilEpik_1-180x180.jpg 180w, https:\/\/www.istanbulberlin.com\/wp-content\/uploads\/2020\/05\/IB_ZI_SecilEpik_1-400x400.jpg 400w, https:\/\/www.istanbulberlin.com\/wp-content\/uploads\/2020\/05\/IB_ZI_SecilEpik_1-600x600.jpg 600w, https:\/\/www.istanbulberlin.com\/wp-content\/uploads\/2020\/05\/IB_ZI_SecilEpik_1-18x18.jpg 18w\" sizes=\"auto, (max-width: 750px) 100vw, 750px\" \/><\/h5>\n<h5 class=\"p2\">How are you affected?<\/h5>\n<p class=\"p2\">I was at home already for a while when the pandemic measures and the quarantine process started. I left my full time job, after three years, in November. It was a period I was trying to manage my own time after all the intensity at work. So it didn't feel like a total lockdown at once. Therefore, I think it made me luckier than many. It seems that it is no longer possible to express the effect of the pandemic in a single and straightforward definition while leaving the 60th day of quarantine behind. For example, I didn't read a single page for the first few weeks, and then I started devouring book after book.<\/p>\n<blockquote>\n<p class=\"p2\">When I look back, as an activist, I was involved in some solidarity campaigns launched for my friends in the LGBTQ community, who were most affected by this process. This showed me how much the solidarity reflex that we have developed over the years has worked in times of crisis that have affected the world.<\/p>\n<\/blockquote>\n<h5 class=\"p1\">What will change in your country or the world?<\/h5>\n<blockquote>\n<p class=\"p1\">To be honest, the more equal new world order, that many of us dream of, cannot really happen in an instant after a global crisis. For me we already learned this from past wars, epidemics or crises in the world. The difference of the pandemic we live today is that it took place at a time when we watched everything \u201clive\u201d.<\/p>\n<\/blockquote>\n<p class=\"p1\">We have seen the already existing injustices more clearly during the process. We realized the consequences of our consumption habits on earth more clearly. But still I am not sure if it means we will take a step together to change them.<\/p>\n<blockquote>\n<p class=\"p1\">On the other hand, as people working in the arts and culture field, it feels like we have more training for fighting crises than other sectors. Because we are aware that we are always amongst the first to be discard in the event of downsizing.<\/p>\n<\/blockquote>\n<h5><img loading=\"lazy\" decoding=\"async\" class=\"size-full wp-image-1381 aligncenter\" src=\"https:\/\/www.istanbulberlin.com\/wp-content\/uploads\/2020\/05\/IB_ZI_SecilEpik_4.jpg\" alt=\"\" width=\"1080\" height=\"1116\" srcset=\"https:\/\/www.istanbulberlin.com\/wp-content\/uploads\/2020\/05\/IB_ZI_SecilEpik_4.jpg 1080w, https:\/\/www.istanbulberlin.com\/wp-content\/uploads\/2020\/05\/IB_ZI_SecilEpik_4-290x300.jpg 290w, https:\/\/www.istanbulberlin.com\/wp-content\/uploads\/2020\/05\/IB_ZI_SecilEpik_4-991x1024.jpg 991w, https:\/\/www.istanbulberlin.com\/wp-content\/uploads\/2020\/05\/IB_ZI_SecilEpik_4-768x794.jpg 768w, https:\/\/www.istanbulberlin.com\/wp-content\/uploads\/2020\/05\/IB_ZI_SecilEpik_4-18x18.jpg 18w\" sizes=\"auto, (max-width: 1080px) 100vw, 1080px\" \/><\/h5>\n<h5 class=\"p1\">What do you hope to change?<\/h5>\n<p class=\"p1\">Although I do not believe that great changes will remain from this pandemic crisis, I would like to believe that there will be smaller changes in the world of art and literature in terms of thinking and producing practices.<\/p>\n<blockquote>\n<p class=\"p1\">Some of us, who had the chance to take a break, and who could have thought and produced without feeling as if they have to keep up with something, hopefully we will be able to slow down the world around all together, when we return to \u201cnormal\u201d life;  just like we did during the quarantine.<\/p>\n<\/blockquote>\n<p><img loading=\"lazy\" decoding=\"async\" class=\"size-full wp-image-1382 aligncenter\" src=\"https:\/\/www.istanbulberlin.com\/wp-content\/uploads\/2020\/05\/se1.jpg\" alt=\"\" width=\"1195\" height=\"581\" srcset=\"https:\/\/www.istanbulberlin.com\/wp-content\/uploads\/2020\/05\/se1.jpg 1195w, https:\/\/www.istanbulberlin.com\/wp-content\/uploads\/2020\/05\/se1-300x146.jpg 300w, https:\/\/www.istanbulberlin.com\/wp-content\/uploads\/2020\/05\/se1-1024x498.jpg 1024w, https:\/\/www.istanbulberlin.com\/wp-content\/uploads\/2020\/05\/se1-768x373.jpg 768w, https:\/\/www.istanbulberlin.com\/wp-content\/uploads\/2020\/05\/se1-20x10.jpg 20w, https:\/\/www.istanbulberlin.com\/wp-content\/uploads\/2020\/05\/se1-80x40.jpg 80w\" sizes=\"auto, (max-width: 1195px) 100vw, 1195px\" \/><\/p>","protected":false},"excerpt":{"rendered":"<p>\u0130stanbul&#8217;da ya\u015fayan edit\u00f6r ve kitap ele\u015ftirmeni Se\u00e7il Epik pandeminin etkisi \u00fczerine \u00fc\u00e7 soruluk soru\u015fturmama kat\u0131ld\u0131. Se\u00e7il, &#8220;ke\u015fke daha \u00e7ok ki\u015fi okusa,&#8221; dedi\u011fi kitaplarla ilgili haftal\u0131k bir b\u00fclten g\u00f6nderiyor. B\u00fcltene buradan \u00fcye olabilirsiniz. Sahi bu aralar Epik Ne Okuyor? Nas\u0131l etk\u0130lend\u0130n? Pandemi tedbirleri ve karantina s\u00fcreci ba\u015flad\u0131\u011f\u0131nda ben zaten bir s\u00fcredir evdeydim. \u00dc\u00e7 y\u0131ld\u0131r s\u00fcrd\u00fcrd\u00fc\u011f\u00fcm K24\u2019teki edit\u00f6rl\u00fck i\u015fimden hen\u00fcz birka\u00e7 ay \u00f6nce ayr\u0131lm\u0131\u015f onca yo\u011funluk sonras\u0131 kendime ait zaman\u0131 y\u00f6netmeye \u00e7al\u0131\u015ft\u0131\u011f\u0131m bir d\u00f6nemdi. Bu y\u00fczden benim i\u00e7in bir anda evde kalmaya ba\u015flad\u0131\u011f\u0131m bir d\u00f6nem olmad\u0131 bu. San\u0131r\u0131m bu beni bir\u00e7ok insana g\u00f6re daha \u015fansl\u0131 biri yapt\u0131. Art\u0131k karantinada ge\u00e7en 60 g\u00fcn\u00fc [&hellip;]<\/p>","protected":false},"author":2,"featured_media":1390,"comment_status":"open","ping_status":"open","sticky":false,"template":"","format":"standard","meta":{"footnotes":""},"categories":[115,4],"tags":[207,104,225,224,290,289,203,223,100],"class_list":["post-1523","post","type-post","status-publish","format-standard","has-post-thumbnail","hentry","category-covid-19","category-zamanin-icinden","tag-covid-19","tag-edebiyat","tag-edebiyat-elestirisi","tag-epik-ne-okuyor","tag-k24","tag-lgbti","tag-salgin","tag-secil-epik","tag-sorusturma"],"yoast_head":"<!-- This site is optimized with the Yoast SEO plugin v26.6 - https:\/\/yoast.com\/wordpress\/plugins\/seo\/ -->\n<title>Se\u00e7il Epik: D\u00fcnyay\u0131 Elbirli\u011fiyle Kal\u0131c\u0131 Olarak Yava\u015flatabilmek - istanbulberlin<\/title>\n<meta name=\"description\" content=\"\u0130stanbul&#039;da ya\u015fayan edit\u00f6r ve kitap ele\u015ftirmeni Se\u00e7il Epik pandeminin etkisi \u00fczerine \u00fc\u00e7 soruluk soru\u015fturmama kat\u0131ld\u0131. Se\u00e7il, &quot;ke\u015fke daha \u00e7ok ki\u015fi okusa,&quot; dedi\u011fi kitaplarla ilgili haftal\u0131k bir b\u00fclten g\u00f6nderiyor. B\u00fcltene buradan \u00fcye olabilirsiniz. Sahi bu aralar Epik Ne Okuyor?\" \/>\n<meta name=\"robots\" content=\"index, follow, max-snippet:-1, max-image-preview:large, max-video-preview:-1\" \/>\n<link rel=\"canonical\" href=\"https:\/\/www.istanbulberlin.com\/en-de\/zamanin-icinden-covid-19-secil-epik\/\" \/>\n<meta property=\"og:locale\" content=\"en_US\" \/>\n<meta property=\"og:type\" content=\"article\" \/>\n<meta property=\"og:title\" content=\"Se\u00e7il Epik: D\u00fcnyay\u0131 Elbirli\u011fiyle Kal\u0131c\u0131 Olarak Yava\u015flatabilmek - istanbulberlin\" \/>\n<meta property=\"og:description\" content=\"\u0130stanbul&#039;da ya\u015fayan edit\u00f6r ve kitap ele\u015ftirmeni Se\u00e7il Epik pandeminin etkisi \u00fczerine \u00fc\u00e7 soruluk soru\u015fturmama kat\u0131ld\u0131. Se\u00e7il, &quot;ke\u015fke daha \u00e7ok ki\u015fi okusa,&quot; dedi\u011fi kitaplarla ilgili haftal\u0131k bir b\u00fclten g\u00f6nderiyor. B\u00fcltene buradan \u00fcye olabilirsiniz. Sahi bu aralar Epik Ne Okuyor?\" \/>\n<meta property=\"og:url\" content=\"https:\/\/www.istanbulberlin.com\/en-de\/zamanin-icinden-covid-19-secil-epik\/\" \/>\n<meta property=\"og:site_name\" content=\"istanbulberlin\" \/>\n<meta property=\"article:published_time\" content=\"2020-06-01T09:40:52+00:00\" \/>\n<meta property=\"og:image\" content=\"https:\/\/www.istanbulberlin.com\/wp-content\/uploads\/2020\/05\/IB_ZI_SecilEpik_C.jpg\" \/>\n\t<meta property=\"og:image:width\" content=\"1100\" \/>\n\t<meta property=\"og:image:height\" content=\"413\" \/>\n\t<meta property=\"og:image:type\" content=\"image\/jpeg\" \/>\n<meta name=\"author\" content=\"Sedef Ilgic\" \/>\n<meta name=\"twitter:card\" content=\"summary_large_image\" \/>\n<meta name=\"twitter:label1\" content=\"Written by\" \/>\n\t<meta name=\"twitter:data1\" content=\"Sedef Ilgic\" \/>\n\t<meta name=\"twitter:label2\" content=\"Est. reading time\" \/>\n\t<meta name=\"twitter:data2\" content=\"3 minutes\" \/>\n<script type=\"application\/ld+json\" class=\"yoast-schema-graph\">{\"@context\":\"https:\/\/schema.org\",\"@graph\":[{\"@type\":\"Article\",\"@id\":\"https:\/\/www.istanbulberlin.com\/en-de\/zamanin-icinden-covid-19-secil-epik\/#article\",\"isPartOf\":{\"@id\":\"https:\/\/www.istanbulberlin.com\/en-de\/zamanin-icinden-covid-19-secil-epik\/\"},\"author\":{\"name\":\"Sedef Ilgic\",\"@id\":\"https:\/\/www.istanbulberlin.com\/#\/schema\/person\/1daa4de5f72c22093adde153bda4c7f2\"},\"headline\":\"Se\u00e7il Epik: D\u00fcnyay\u0131 Elbirli\u011fiyle Kal\u0131c\u0131 Olarak Yava\u015flatabilmek\",\"datePublished\":\"2020-06-01T09:40:52+00:00\",\"mainEntityOfPage\":{\"@id\":\"https:\/\/www.istanbulberlin.com\/en-de\/zamanin-icinden-covid-19-secil-epik\/\"},\"wordCount\":552,\"commentCount\":0,\"publisher\":{\"@id\":\"https:\/\/www.istanbulberlin.com\/#organization\"},\"image\":{\"@id\":\"https:\/\/www.istanbulberlin.com\/en-de\/zamanin-icinden-covid-19-secil-epik\/#primaryimage\"},\"thumbnailUrl\":\"https:\/\/www.istanbulberlin.com\/wp-content\/uploads\/2020\/05\/IB_ZI_SecilEpik_C.jpg\",\"keywords\":[\"covid-19\",\"edebiyat\",\"edebiyat elestirisi\",\"epik ne okuyor\",\"K24\",\"LGBTI\",\"salg\u0131n\",\"secil epik\",\"soru\u015fturma\"],\"articleSection\":[\"COVID-19\",\"Zaman\u0131n \u0130\u00e7inden\"],\"inLanguage\":\"en-US\",\"potentialAction\":[{\"@type\":\"CommentAction\",\"name\":\"Comment\",\"target\":[\"https:\/\/www.istanbulberlin.com\/en-de\/zamanin-icinden-covid-19-secil-epik\/#respond\"]}]},{\"@type\":\"WebPage\",\"@id\":\"https:\/\/www.istanbulberlin.com\/en-de\/zamanin-icinden-covid-19-secil-epik\/\",\"url\":\"https:\/\/www.istanbulberlin.com\/en-de\/zamanin-icinden-covid-19-secil-epik\/\",\"name\":\"Se\u00e7il Epik: D\u00fcnyay\u0131 Elbirli\u011fiyle Kal\u0131c\u0131 Olarak Yava\u015flatabilmek - istanbulberlin\",\"isPartOf\":{\"@id\":\"https:\/\/www.istanbulberlin.com\/#website\"},\"primaryImageOfPage\":{\"@id\":\"https:\/\/www.istanbulberlin.com\/en-de\/zamanin-icinden-covid-19-secil-epik\/#primaryimage\"},\"image\":{\"@id\":\"https:\/\/www.istanbulberlin.com\/en-de\/zamanin-icinden-covid-19-secil-epik\/#primaryimage\"},\"thumbnailUrl\":\"https:\/\/www.istanbulberlin.com\/wp-content\/uploads\/2020\/05\/IB_ZI_SecilEpik_C.jpg\",\"datePublished\":\"2020-06-01T09:40:52+00:00\",\"description\":\"\u0130stanbul'da ya\u015fayan edit\u00f6r ve kitap ele\u015ftirmeni Se\u00e7il Epik pandeminin etkisi \u00fczerine \u00fc\u00e7 soruluk soru\u015fturmama kat\u0131ld\u0131. Se\u00e7il, \\\"ke\u015fke daha \u00e7ok ki\u015fi okusa,\\\" dedi\u011fi kitaplarla ilgili haftal\u0131k bir b\u00fclten g\u00f6nderiyor. B\u00fcltene buradan \u00fcye olabilirsiniz. Sahi bu aralar Epik Ne Okuyor?\",\"breadcrumb\":{\"@id\":\"https:\/\/www.istanbulberlin.com\/en-de\/zamanin-icinden-covid-19-secil-epik\/#breadcrumb\"},\"inLanguage\":\"en-US\",\"potentialAction\":[{\"@type\":\"ReadAction\",\"target\":[\"https:\/\/www.istanbulberlin.com\/en-de\/zamanin-icinden-covid-19-secil-epik\/\"]}]},{\"@type\":\"ImageObject\",\"inLanguage\":\"en-US\",\"@id\":\"https:\/\/www.istanbulberlin.com\/en-de\/zamanin-icinden-covid-19-secil-epik\/#primaryimage\",\"url\":\"https:\/\/www.istanbulberlin.com\/wp-content\/uploads\/2020\/05\/IB_ZI_SecilEpik_C.jpg\",\"contentUrl\":\"https:\/\/www.istanbulberlin.com\/wp-content\/uploads\/2020\/05\/IB_ZI_SecilEpik_C.jpg\",\"width\":1100,\"height\":413},{\"@type\":\"BreadcrumbList\",\"@id\":\"https:\/\/www.istanbulberlin.com\/en-de\/zamanin-icinden-covid-19-secil-epik\/#breadcrumb\",\"itemListElement\":[{\"@type\":\"ListItem\",\"position\":1,\"name\":\"Home\",\"item\":\"https:\/\/www.istanbulberlin.com\/\"},{\"@type\":\"ListItem\",\"position\":2,\"name\":\"Se\u00e7il Epik: D\u00fcnyay\u0131 Elbirli\u011fiyle Kal\u0131c\u0131 Olarak Yava\u015flatabilmek\"}]},{\"@type\":\"WebSite\",\"@id\":\"https:\/\/www.istanbulberlin.com\/#website\",\"url\":\"https:\/\/www.istanbulberlin.com\/\",\"name\":\"istanbulberlin\",\"description\":\"kar\u015f\u0131la\u015fmalar i\u00e7in bir alan . a space for encounters\",\"publisher\":{\"@id\":\"https:\/\/www.istanbulberlin.com\/#organization\"},\"potentialAction\":[{\"@type\":\"SearchAction\",\"target\":{\"@type\":\"EntryPoint\",\"urlTemplate\":\"https:\/\/www.istanbulberlin.com\/?s={search_term_string}\"},\"query-input\":{\"@type\":\"PropertyValueSpecification\",\"valueRequired\":true,\"valueName\":\"search_term_string\"}}],\"inLanguage\":\"en-US\"},{\"@type\":\"Organization\",\"@id\":\"https:\/\/www.istanbulberlin.com\/#organization\",\"name\":\"istanbulberlin\",\"url\":\"https:\/\/www.istanbulberlin.com\/\",\"logo\":{\"@type\":\"ImageObject\",\"inLanguage\":\"en-US\",\"@id\":\"https:\/\/www.istanbulberlin.com\/#\/schema\/logo\/image\/\",\"url\":\"https:\/\/www.istanbulberlin.com\/wp-content\/uploads\/2020\/05\/logo_c_big.png\",\"contentUrl\":\"https:\/\/www.istanbulberlin.com\/wp-content\/uploads\/2020\/05\/logo_c_big.png\",\"width\":1010,\"height\":125,\"caption\":\"istanbulberlin\"},\"image\":{\"@id\":\"https:\/\/www.istanbulberlin.com\/#\/schema\/logo\/image\/\"}},{\"@type\":\"Person\",\"@id\":\"https:\/\/www.istanbulberlin.com\/#\/schema\/person\/1daa4de5f72c22093adde153bda4c7f2\",\"name\":\"Sedef Ilgic\",\"url\":false}]}<\/script>\n<!-- \/ Yoast SEO plugin. -->","yoast_head_json":{"title":"Se\u00e7il Epik: D\u00fcnyay\u0131 Elbirli\u011fiyle Kal\u0131c\u0131 Olarak Yava\u015flatabilmek - istanbulberlin","description":"\u0130stanbul'da ya\u015fayan edit\u00f6r ve kitap ele\u015ftirmeni Se\u00e7il Epik pandeminin etkisi \u00fczerine \u00fc\u00e7 soruluk soru\u015fturmama kat\u0131ld\u0131. Se\u00e7il, \"ke\u015fke daha \u00e7ok ki\u015fi okusa,\" dedi\u011fi kitaplarla ilgili haftal\u0131k bir b\u00fclten g\u00f6nderiyor. B\u00fcltene buradan \u00fcye olabilirsiniz. Sahi bu aralar Epik Ne Okuyor?","robots":{"index":"index","follow":"follow","max-snippet":"max-snippet:-1","max-image-preview":"max-image-preview:large","max-video-preview":"max-video-preview:-1"},"canonical":"https:\/\/www.istanbulberlin.com\/en-de\/zamanin-icinden-covid-19-secil-epik\/","og_locale":"en_US","og_type":"article","og_title":"Se\u00e7il Epik: D\u00fcnyay\u0131 Elbirli\u011fiyle Kal\u0131c\u0131 Olarak Yava\u015flatabilmek - istanbulberlin","og_description":"\u0130stanbul'da ya\u015fayan edit\u00f6r ve kitap ele\u015ftirmeni Se\u00e7il Epik pandeminin etkisi \u00fczerine \u00fc\u00e7 soruluk soru\u015fturmama kat\u0131ld\u0131. Se\u00e7il, \"ke\u015fke daha \u00e7ok ki\u015fi okusa,\" dedi\u011fi kitaplarla ilgili haftal\u0131k bir b\u00fclten g\u00f6nderiyor. B\u00fcltene buradan \u00fcye olabilirsiniz. Sahi bu aralar Epik Ne Okuyor?","og_url":"https:\/\/www.istanbulberlin.com\/en-de\/zamanin-icinden-covid-19-secil-epik\/","og_site_name":"istanbulberlin","article_published_time":"2020-06-01T09:40:52+00:00","og_image":[{"width":1100,"height":413,"url":"https:\/\/www.istanbulberlin.com\/wp-content\/uploads\/2020\/05\/IB_ZI_SecilEpik_C.jpg","type":"image\/jpeg"}],"author":"Sedef Ilgic","twitter_card":"summary_large_image","twitter_misc":{"Written by":"Sedef Ilgic","Est. reading time":"3 minutes"},"schema":{"@context":"https:\/\/schema.org","@graph":[{"@type":"Article","@id":"https:\/\/www.istanbulberlin.com\/en-de\/zamanin-icinden-covid-19-secil-epik\/#article","isPartOf":{"@id":"https:\/\/www.istanbulberlin.com\/en-de\/zamanin-icinden-covid-19-secil-epik\/"},"author":{"name":"Sedef Ilgic","@id":"https:\/\/www.istanbulberlin.com\/#\/schema\/person\/1daa4de5f72c22093adde153bda4c7f2"},"headline":"Se\u00e7il Epik: D\u00fcnyay\u0131 Elbirli\u011fiyle Kal\u0131c\u0131 Olarak Yava\u015flatabilmek","datePublished":"2020-06-01T09:40:52+00:00","mainEntityOfPage":{"@id":"https:\/\/www.istanbulberlin.com\/en-de\/zamanin-icinden-covid-19-secil-epik\/"},"wordCount":552,"commentCount":0,"publisher":{"@id":"https:\/\/www.istanbulberlin.com\/#organization"},"image":{"@id":"https:\/\/www.istanbulberlin.com\/en-de\/zamanin-icinden-covid-19-secil-epik\/#primaryimage"},"thumbnailUrl":"https:\/\/www.istanbulberlin.com\/wp-content\/uploads\/2020\/05\/IB_ZI_SecilEpik_C.jpg","keywords":["covid-19","edebiyat","edebiyat elestirisi","epik ne okuyor","K24","LGBTI","salg\u0131n","secil epik","soru\u015fturma"],"articleSection":["COVID-19","Zaman\u0131n \u0130\u00e7inden"],"inLanguage":"en-US","potentialAction":[{"@type":"CommentAction","name":"Comment","target":["https:\/\/www.istanbulberlin.com\/en-de\/zamanin-icinden-covid-19-secil-epik\/#respond"]}]},{"@type":"WebPage","@id":"https:\/\/www.istanbulberlin.com\/en-de\/zamanin-icinden-covid-19-secil-epik\/","url":"https:\/\/www.istanbulberlin.com\/en-de\/zamanin-icinden-covid-19-secil-epik\/","name":"Se\u00e7il Epik: D\u00fcnyay\u0131 Elbirli\u011fiyle Kal\u0131c\u0131 Olarak Yava\u015flatabilmek - istanbulberlin","isPartOf":{"@id":"https:\/\/www.istanbulberlin.com\/#website"},"primaryImageOfPage":{"@id":"https:\/\/www.istanbulberlin.com\/en-de\/zamanin-icinden-covid-19-secil-epik\/#primaryimage"},"image":{"@id":"https:\/\/www.istanbulberlin.com\/en-de\/zamanin-icinden-covid-19-secil-epik\/#primaryimage"},"thumbnailUrl":"https:\/\/www.istanbulberlin.com\/wp-content\/uploads\/2020\/05\/IB_ZI_SecilEpik_C.jpg","datePublished":"2020-06-01T09:40:52+00:00","description":"\u0130stanbul'da ya\u015fayan edit\u00f6r ve kitap ele\u015ftirmeni Se\u00e7il Epik pandeminin etkisi \u00fczerine \u00fc\u00e7 soruluk soru\u015fturmama kat\u0131ld\u0131. Se\u00e7il, \"ke\u015fke daha \u00e7ok ki\u015fi okusa,\" dedi\u011fi kitaplarla ilgili haftal\u0131k bir b\u00fclten g\u00f6nderiyor. B\u00fcltene buradan \u00fcye olabilirsiniz. Sahi bu aralar Epik Ne Okuyor?","breadcrumb":{"@id":"https:\/\/www.istanbulberlin.com\/en-de\/zamanin-icinden-covid-19-secil-epik\/#breadcrumb"},"inLanguage":"en-US","potentialAction":[{"@type":"ReadAction","target":["https:\/\/www.istanbulberlin.com\/en-de\/zamanin-icinden-covid-19-secil-epik\/"]}]},{"@type":"ImageObject","inLanguage":"en-US","@id":"https:\/\/www.istanbulberlin.com\/en-de\/zamanin-icinden-covid-19-secil-epik\/#primaryimage","url":"https:\/\/www.istanbulberlin.com\/wp-content\/uploads\/2020\/05\/IB_ZI_SecilEpik_C.jpg","contentUrl":"https:\/\/www.istanbulberlin.com\/wp-content\/uploads\/2020\/05\/IB_ZI_SecilEpik_C.jpg","width":1100,"height":413},{"@type":"BreadcrumbList","@id":"https:\/\/www.istanbulberlin.com\/en-de\/zamanin-icinden-covid-19-secil-epik\/#breadcrumb","itemListElement":[{"@type":"ListItem","position":1,"name":"Home","item":"https:\/\/www.istanbulberlin.com\/"},{"@type":"ListItem","position":2,"name":"Se\u00e7il Epik: D\u00fcnyay\u0131 Elbirli\u011fiyle Kal\u0131c\u0131 Olarak Yava\u015flatabilmek"}]},{"@type":"WebSite","@id":"https:\/\/www.istanbulberlin.com\/#website","url":"https:\/\/www.istanbulberlin.com\/","name":"istanbulberlin","description":"kar\u015f\u0131la\u015fmalar i\u00e7in bir alan . a space for encounters","publisher":{"@id":"https:\/\/www.istanbulberlin.com\/#organization"},"potentialAction":[{"@type":"SearchAction","target":{"@type":"EntryPoint","urlTemplate":"https:\/\/www.istanbulberlin.com\/?s={search_term_string}"},"query-input":{"@type":"PropertyValueSpecification","valueRequired":true,"valueName":"search_term_string"}}],"inLanguage":"en-US"},{"@type":"Organization","@id":"https:\/\/www.istanbulberlin.com\/#organization","name":"istanbulberlin","url":"https:\/\/www.istanbulberlin.com\/","logo":{"@type":"ImageObject","inLanguage":"en-US","@id":"https:\/\/www.istanbulberlin.com\/#\/schema\/logo\/image\/","url":"https:\/\/www.istanbulberlin.com\/wp-content\/uploads\/2020\/05\/logo_c_big.png","contentUrl":"https:\/\/www.istanbulberlin.com\/wp-content\/uploads\/2020\/05\/logo_c_big.png","width":1010,"height":125,"caption":"istanbulberlin"},"image":{"@id":"https:\/\/www.istanbulberlin.com\/#\/schema\/logo\/image\/"}},{"@type":"Person","@id":"https:\/\/www.istanbulberlin.com\/#\/schema\/person\/1daa4de5f72c22093adde153bda4c7f2","name":"Sedef Ilgic","url":false}]}},"_links":{"self":[{"href":"https:\/\/www.istanbulberlin.com\/en-de\/wp-json\/wp\/v2\/posts\/1523","targetHints":{"allow":["GET"]}}],"collection":[{"href":"https:\/\/www.istanbulberlin.com\/en-de\/wp-json\/wp\/v2\/posts"}],"about":[{"href":"https:\/\/www.istanbulberlin.com\/en-de\/wp-json\/wp\/v2\/types\/post"}],"author":[{"embeddable":true,"href":"https:\/\/www.istanbulberlin.com\/en-de\/wp-json\/wp\/v2\/users\/2"}],"replies":[{"embeddable":true,"href":"https:\/\/www.istanbulberlin.com\/en-de\/wp-json\/wp\/v2\/comments?post=1523"}],"version-history":[{"count":4,"href":"https:\/\/www.istanbulberlin.com\/en-de\/wp-json\/wp\/v2\/posts\/1523\/revisions"}],"predecessor-version":[{"id":1527,"href":"https:\/\/www.istanbulberlin.com\/en-de\/wp-json\/wp\/v2\/posts\/1523\/revisions\/1527"}],"wp:featuredmedia":[{"embeddable":true,"href":"https:\/\/www.istanbulberlin.com\/en-de\/wp-json\/wp\/v2\/media\/1390"}],"wp:attachment":[{"href":"https:\/\/www.istanbulberlin.com\/en-de\/wp-json\/wp\/v2\/media?parent=1523"}],"wp:term":[{"taxonomy":"category","embeddable":true,"href":"https:\/\/www.istanbulberlin.com\/en-de\/wp-json\/wp\/v2\/categories?post=1523"},{"taxonomy":"post_tag","embeddable":true,"href":"https:\/\/www.istanbulberlin.com\/en-de\/wp-json\/wp\/v2\/tags?post=1523"}],"curies":[{"name":"wp","href":"https:\/\/api.w.org\/{rel}","templated":true}]}}