{"id":1573,"date":"2020-06-09T16:37:28","date_gmt":"2020-06-09T13:37:28","guid":{"rendered":"https:\/\/www.istanbulberlin.com\/?p=1573"},"modified":"2020-06-09T16:37:28","modified_gmt":"2020-06-09T13:37:28","slug":"zamanin-icinden-ev-marie-von-heyl","status":"publish","type":"post","link":"https:\/\/www.istanbulberlin.com\/en-de\/zamanin-icinden-ev-marie-von-heyl\/","title":{"rendered":"Marie von Heyl: New Exorcisms of the Virtual World"},"content":{"rendered":"<h6 class=\"p1\">Berlin based multimedia artist <a target=\"_blank\" href=\"http:\/\/www.marievonheyl.de\/\">Marie von Heyl<\/a> joined conversation on the notion of home. She made a video a few years ago, in which she investigated the flat she was living in at the time (in London) with her body, named Interior (Utopia). You can watch the video from <a target=\"_blank\" href=\"https:\/\/vimeo.com\/48400216\">here<\/a> .<\/h6>\n<h6 class=\"p1\"><img loading=\"lazy\" decoding=\"async\" class=\"wp-image-1579 size-full\" src=\"https:\/\/www.istanbulberlin.com\/wp-content\/uploads\/2020\/06\/ib-ev-marie-4.jpg\" alt=\"\" width=\"1280\" height=\"720\" srcset=\"https:\/\/www.istanbulberlin.com\/wp-content\/uploads\/2020\/06\/ib-ev-marie-4.jpg 1280w, https:\/\/www.istanbulberlin.com\/wp-content\/uploads\/2020\/06\/ib-ev-marie-4-300x169.jpg 300w, https:\/\/www.istanbulberlin.com\/wp-content\/uploads\/2020\/06\/ib-ev-marie-4-1024x576.jpg 1024w, https:\/\/www.istanbulberlin.com\/wp-content\/uploads\/2020\/06\/ib-ev-marie-4-768x432.jpg 768w, https:\/\/www.istanbulberlin.com\/wp-content\/uploads\/2020\/06\/ib-ev-marie-4-400x225.jpg 400w, https:\/\/www.istanbulberlin.com\/wp-content\/uploads\/2020\/06\/ib-ev-marie-4-600x338.jpg 600w, https:\/\/www.istanbulberlin.com\/wp-content\/uploads\/2020\/06\/ib-ev-marie-4-800x450.jpg 800w, https:\/\/www.istanbulberlin.com\/wp-content\/uploads\/2020\/06\/ib-ev-marie-4-1200x675.jpg 1200w, https:\/\/www.istanbulberlin.com\/wp-content\/uploads\/2020\/06\/ib-ev-marie-4-20x10.jpg 20w, https:\/\/www.istanbulberlin.com\/wp-content\/uploads\/2020\/06\/ib-ev-marie-4-30x17.jpg 30w\" sizes=\"auto, (max-width: 1280px) 100vw, 1280px\" \/><\/h6>\n<p>Visuals are stills from Interior (Utopia). Copyright \u00a9 Marie von Heyl<\/p>\n<h6 class=\"p1\">1. In German there is a relationship between the words Heim (Home) - Heimat (Homeland) \u2013 Geheim (Secret) \u2013 Unheimlich (Heimlich: hidden \u2013 Unheimlich: Uncanny). What kind of a relationship do you correlate between them?<\/h6>\n<p class=\"p1\">Sigmund Freud\u2019s notion of the uncanny plays on that relationship between the words \u201cHeim\u201d and \u201cunheimlich\u201d \u2014 an important twist, that easily gets lost in translation. I agree with Freuds understanding of the uncanny: it is not the strange that scares us most, but the strangeness in the ordinary.<\/p>\n<blockquote>\n<p class=\"p1\">As a closeted dialectician,<span class=\"Apple-converted-space\">\u00a0<\/span>though, I can\u2019t help but wonder whether finding the ordinary in utter strangeness, like the past months have forced us to, isn\u2019t even more uncanny.<\/p>\n<\/blockquote>\n<p><img loading=\"lazy\" decoding=\"async\" class=\"size-full wp-image-1581 aligncenter\" src=\"https:\/\/www.istanbulberlin.com\/wp-content\/uploads\/2020\/06\/ib-ev-marie-1.jpg\" alt=\"\" width=\"1280\" height=\"720\" srcset=\"https:\/\/www.istanbulberlin.com\/wp-content\/uploads\/2020\/06\/ib-ev-marie-1.jpg 1280w, https:\/\/www.istanbulberlin.com\/wp-content\/uploads\/2020\/06\/ib-ev-marie-1-300x169.jpg 300w, https:\/\/www.istanbulberlin.com\/wp-content\/uploads\/2020\/06\/ib-ev-marie-1-1024x576.jpg 1024w, https:\/\/www.istanbulberlin.com\/wp-content\/uploads\/2020\/06\/ib-ev-marie-1-768x432.jpg 768w, https:\/\/www.istanbulberlin.com\/wp-content\/uploads\/2020\/06\/ib-ev-marie-1-400x225.jpg 400w, https:\/\/www.istanbulberlin.com\/wp-content\/uploads\/2020\/06\/ib-ev-marie-1-600x338.jpg 600w, https:\/\/www.istanbulberlin.com\/wp-content\/uploads\/2020\/06\/ib-ev-marie-1-800x450.jpg 800w, https:\/\/www.istanbulberlin.com\/wp-content\/uploads\/2020\/06\/ib-ev-marie-1-1200x675.jpg 1200w, https:\/\/www.istanbulberlin.com\/wp-content\/uploads\/2020\/06\/ib-ev-marie-1-20x10.jpg 20w, https:\/\/www.istanbulberlin.com\/wp-content\/uploads\/2020\/06\/ib-ev-marie-1-30x17.jpg 30w\" sizes=\"auto, (max-width: 1280px) 100vw, 1280px\" \/><\/p>\n<h6 class=\"p1\">2. In Poetics of Space, Gaston Bachelard uses house as a tool to analyse the human soul. Because \u201cOur soul is an abode. And by remembering \u2018houses\u2019 and \u2018rooms,\u2019 we learn to \u2018abide\u2019 within ourselves.\u201d What do you think about this analogy between house and \u00a0body? Or what is the imaginative width of \u201chouse\u201d for you?<\/h6>\n<p class=\"p1\">Vil\u00e9m Flusser once wrote that the house (as opposed to the cave) is at the beginning of philosophical thought because only with the introduction of walls we are able to consider the outside of the structures we inhabit, which is a prerequisite for analysis. I guess the metaphor between house and body allows our thoughts to travel outside ourselves, too.<\/p>\n<blockquote>\n<p class=\"p1\">That we return to metaphors like the house to think ourselves in relation to the world shows that language and conceptual thought itself are structured by the experience of being a physical entity.<\/p>\n<\/blockquote>\n<p class=\"p1\">Even though Bachelard reproduces the soul\/body split with his metaphor he beautifully undermines it at the same time. I would welcome both authors into my home for dinner (as long as they help with the dishes). <span class=\"Apple-converted-space\">\u00a0 \u00a0<\/span><\/p>\n<p><img loading=\"lazy\" decoding=\"async\" class=\"size-full wp-image-1580 aligncenter\" src=\"https:\/\/www.istanbulberlin.com\/wp-content\/uploads\/2020\/06\/ib-ev-marie-3.jpg\" alt=\"\" width=\"1280\" height=\"720\" srcset=\"https:\/\/www.istanbulberlin.com\/wp-content\/uploads\/2020\/06\/ib-ev-marie-3.jpg 1280w, https:\/\/www.istanbulberlin.com\/wp-content\/uploads\/2020\/06\/ib-ev-marie-3-300x169.jpg 300w, https:\/\/www.istanbulberlin.com\/wp-content\/uploads\/2020\/06\/ib-ev-marie-3-1024x576.jpg 1024w, https:\/\/www.istanbulberlin.com\/wp-content\/uploads\/2020\/06\/ib-ev-marie-3-768x432.jpg 768w, https:\/\/www.istanbulberlin.com\/wp-content\/uploads\/2020\/06\/ib-ev-marie-3-400x225.jpg 400w, https:\/\/www.istanbulberlin.com\/wp-content\/uploads\/2020\/06\/ib-ev-marie-3-600x338.jpg 600w, https:\/\/www.istanbulberlin.com\/wp-content\/uploads\/2020\/06\/ib-ev-marie-3-800x450.jpg 800w, https:\/\/www.istanbulberlin.com\/wp-content\/uploads\/2020\/06\/ib-ev-marie-3-1200x675.jpg 1200w, https:\/\/www.istanbulberlin.com\/wp-content\/uploads\/2020\/06\/ib-ev-marie-3-20x10.jpg 20w, https:\/\/www.istanbulberlin.com\/wp-content\/uploads\/2020\/06\/ib-ev-marie-3-30x17.jpg 30w\" sizes=\"auto, (max-width: 1280px) 100vw, 1280px\" \/><\/p>\n<h6 class=\"p1\">3. How do you think has refugee crisis and the global pandemic that we are living through changed\/has been changing the concepts of home, ground and homeland?<\/h6>\n<p class=\"p1\">I can only speak from my (very privileged) position of having a home. As for that, it seems to me that with the pandemic the old notion of the \u201chaunted house\u201d became strangely applicable again. During the first weeks of lockdown, all those faces and voices of people (often strangers) that entered my home via screens seemed to linger, images and bits of conversation stuck around long after a call was ended. This surprised me, after all video-chat is not a new technology.<\/p>\n<blockquote>\n<p class=\"p1\">It made me think: could something as banal as the commute between home and workplace serve as a sort of exorcism that helps getting rid of the ghosts of the day? And if so, what could be new exorcisms to scare off the ghosts of the virtual world?<\/p>\n<\/blockquote>\n<h6 class=\"p1\">EXTRA: Why did you entitle your video work: Interior (Utopia)?\u00a0<\/h6>\n<p class=\"p1\">At the time I was shooting the video I was very interested in the utopian promise of modernism to better humanity through architecture. Le Corbusier\u2019s \u201cModulor\u201d \u2014 the average human \u2014 was designed to serve as human measure for buildings.<\/p>\n<div id=\"attachment_1575\" style=\"width: 1010px\" class=\"wp-caption aligncenter\"><img loading=\"lazy\" decoding=\"async\" aria-describedby=\"caption-attachment-1575\" class=\"wp-image-1575 size-full\" src=\"https:\/\/www.istanbulberlin.com\/wp-content\/uploads\/2020\/06\/ib-zamaninicinden-ev-Marie-cvr-1.jpg\" alt=\"\" width=\"1000\" height=\"492\" srcset=\"https:\/\/www.istanbulberlin.com\/wp-content\/uploads\/2020\/06\/ib-zamaninicinden-ev-Marie-cvr-1.jpg 1000w, https:\/\/www.istanbulberlin.com\/wp-content\/uploads\/2020\/06\/ib-zamaninicinden-ev-Marie-cvr-1-300x148.jpg 300w, https:\/\/www.istanbulberlin.com\/wp-content\/uploads\/2020\/06\/ib-zamaninicinden-ev-Marie-cvr-1-768x378.jpg 768w, https:\/\/www.istanbulberlin.com\/wp-content\/uploads\/2020\/06\/ib-zamaninicinden-ev-Marie-cvr-1-20x10.jpg 20w, https:\/\/www.istanbulberlin.com\/wp-content\/uploads\/2020\/06\/ib-zamaninicinden-ev-Marie-cvr-1-80x40.jpg 80w\" sizes=\"auto, (max-width: 1000px) 100vw, 1000px\" \/><p id=\"caption-attachment-1575\" class=\"wp-caption-text\">The Modulor is an anthropometric scale of proportions devised by the Swiss-born French architect Le Corbusier (1887\u20131965). His cult book with the same name is published in two volumes.<\/p><\/div>\n<blockquote>\n<p class=\"p1\">I find there is something inherently wrong with this normative approach to an ideal way of being\/inhabiting. Interior (Utopia) plays on this by showing the satisfaction but also the struggle in the attempt to (literally) fit in.<\/p>\n<\/blockquote>\n<p><img loading=\"lazy\" decoding=\"async\" class=\"size-full wp-image-1576 aligncenter\" src=\"https:\/\/www.istanbulberlin.com\/wp-content\/uploads\/2020\/06\/Utopia_still_05.png\" alt=\"\" width=\"1280\" height=\"720\" srcset=\"https:\/\/www.istanbulberlin.com\/wp-content\/uploads\/2020\/06\/Utopia_still_05.png 1280w, https:\/\/www.istanbulberlin.com\/wp-content\/uploads\/2020\/06\/Utopia_still_05-300x169.png 300w, https:\/\/www.istanbulberlin.com\/wp-content\/uploads\/2020\/06\/Utopia_still_05-1024x576.png 1024w, https:\/\/www.istanbulberlin.com\/wp-content\/uploads\/2020\/06\/Utopia_still_05-768x432.png 768w, https:\/\/www.istanbulberlin.com\/wp-content\/uploads\/2020\/06\/Utopia_still_05-400x225.png 400w, https:\/\/www.istanbulberlin.com\/wp-content\/uploads\/2020\/06\/Utopia_still_05-600x338.png 600w, https:\/\/www.istanbulberlin.com\/wp-content\/uploads\/2020\/06\/Utopia_still_05-800x450.png 800w, https:\/\/www.istanbulberlin.com\/wp-content\/uploads\/2020\/06\/Utopia_still_05-1200x675.png 1200w, https:\/\/www.istanbulberlin.com\/wp-content\/uploads\/2020\/06\/Utopia_still_05-20x10.png 20w, https:\/\/www.istanbulberlin.com\/wp-content\/uploads\/2020\/06\/Utopia_still_05-30x17.png 30w\" sizes=\"auto, (max-width: 1280px) 100vw, 1280px\" \/><\/p>","protected":false},"excerpt":{"rendered":"<p>Birka\u00e7 sene \u00f6nce Londra&#8217;daki evini, bedeniyle bir video \u00e7al\u0131\u015fmas\u0131nda ara\u015ft\u0131ran, Berlin&#8217;de ya\u015fayan \u00e7a\u011fda\u015f sanat\u00e7\u0131 Marie von Heyl ev ile ilgili soru\u015fturmama kat\u0131ld\u0131. &#8220;\u0130\u00e7 (\u00dctopya)&#8221; [Interior (Utopia)] isimli videoyu buradan izleyebilirsiniz. G\u00f6rseller Marie von Heyl&#8217;in &#8220;\u0130\u00e7 (\u00dctopya)&#8221; [Interior (Utopia)] isimli video \u00e7al\u0131\u015fmas\u0131ndan kesitlerdir. Copyright \u00a9 Marie von Heyl 1. Almancada bu kelimeler aras\u0131nda bir ili\u015fki var: Heim (Ev), Heimat (Yurt) \u2013 Geheim (S\u0131r) \u2013 Unheimlich (Heimlich: Gizli &#8211; Unheimlich: Tekinsiz). Onlar aras\u0131nda sen nas\u0131l bir ili\u015fki kuruyorsun? Sigmund Freud\u2019un tekinsiz kavram\u0131, \u201cHeim\u201d ve \u201cunheimlich\u201d kelimeleri aras\u0131ndaki ili\u015fkiyle oynuyor, \u00e7eviride kolayl\u0131kla kaybolabilecek \u00f6nemli bir ba\u011flant\u0131. Freud\u2019un tekinsiz anlay\u0131\u015f\u0131na kat\u0131l\u0131yorum: \u201cBizi en \u00e7ok [&hellip;]<\/p>","protected":false},"author":2,"featured_media":1578,"comment_status":"open","ping_status":"open","sticky":false,"template":"","format":"standard","meta":{"footnotes":""},"categories":[310,4],"tags":[314,320,315,311,317,318,119,316,319,313,100,312],"class_list":["post-1573","post","type-post","status-publish","format-standard","has-post-thumbnail","hentry","category-ev","category-zamanin-icinden","tag-diyalektik","tag-ev","tag-gaston-bachelard","tag-interior-utopia","tag-lanetli-ev","tag-le-corbusier","tag-marie-von-heyl","tag-mekanin-poetikasi","tag-modulor","tag-sigmund-freud","tag-sorusturma","tag-unheimlich"],"yoast_head":"<!-- This site is optimized with the Yoast SEO plugin v26.6 - https:\/\/yoast.com\/wordpress\/plugins\/seo\/ -->\n<title>Marie von Heyl: Sanal Alemde Yeni \u015eeytan \u00c7\u0131karma - istanbulberlin<\/title>\n<meta name=\"description\" content=\"Birka\u00e7 sene \u00f6nce Londra&#039;daki evini, bedeniyle bir video \u00e7al\u0131\u015fmas\u0131nda ara\u015ft\u0131ran, Berlin&#039;de ya\u015fayan \u00e7a\u011fda\u015f sanat\u00e7\u0131 Marie von Heyl ile ev kavram\u0131 \u00fczerine...\" \/>\n<meta name=\"robots\" content=\"index, follow, max-snippet:-1, max-image-preview:large, max-video-preview:-1\" \/>\n<link rel=\"canonical\" href=\"https:\/\/www.istanbulberlin.com\/en-de\/zamanin-icinden-ev-marie-von-heyl\/\" \/>\n<meta property=\"og:locale\" content=\"en_US\" \/>\n<meta property=\"og:type\" content=\"article\" \/>\n<meta property=\"og:title\" content=\"Marie von Heyl: Sanal Alemde Yeni \u015eeytan \u00c7\u0131karma - istanbulberlin\" \/>\n<meta property=\"og:description\" content=\"Birka\u00e7 sene \u00f6nce Londra&#039;daki evini, bedeniyle bir video \u00e7al\u0131\u015fmas\u0131nda ara\u015ft\u0131ran, Berlin&#039;de ya\u015fayan \u00e7a\u011fda\u015f sanat\u00e7\u0131 Marie von Heyl ile ev kavram\u0131 \u00fczerine...\" \/>\n<meta property=\"og:url\" content=\"https:\/\/www.istanbulberlin.com\/en-de\/zamanin-icinden-ev-marie-von-heyl\/\" \/>\n<meta property=\"og:site_name\" content=\"istanbulberlin\" \/>\n<meta property=\"article:published_time\" content=\"2020-06-09T13:37:28+00:00\" \/>\n<meta property=\"og:image\" content=\"https:\/\/www.istanbulberlin.com\/wp-content\/uploads\/2020\/06\/ib-ev-marie-5.jpg\" \/>\n\t<meta property=\"og:image:width\" content=\"1280\" \/>\n\t<meta property=\"og:image:height\" content=\"720\" \/>\n\t<meta property=\"og:image:type\" content=\"image\/jpeg\" \/>\n<meta name=\"author\" content=\"Sedef Ilgic\" \/>\n<meta name=\"twitter:card\" content=\"summary_large_image\" \/>\n<meta name=\"twitter:label1\" content=\"Written by\" \/>\n\t<meta name=\"twitter:data1\" content=\"Sedef Ilgic\" \/>\n\t<meta name=\"twitter:label2\" content=\"Est. reading time\" \/>\n\t<meta name=\"twitter:data2\" content=\"3 minutes\" \/>\n<script type=\"application\/ld+json\" class=\"yoast-schema-graph\">{\"@context\":\"https:\/\/schema.org\",\"@graph\":[{\"@type\":\"Article\",\"@id\":\"https:\/\/www.istanbulberlin.com\/en-de\/zamanin-icinden-ev-marie-von-heyl\/#article\",\"isPartOf\":{\"@id\":\"https:\/\/www.istanbulberlin.com\/en-de\/zamanin-icinden-ev-marie-von-heyl\/\"},\"author\":{\"name\":\"Sedef Ilgic\",\"@id\":\"https:\/\/www.istanbulberlin.com\/#\/schema\/person\/1daa4de5f72c22093adde153bda4c7f2\"},\"headline\":\"Marie von Heyl: Sanal Alemde Yeni \u015eeytan \u00c7\u0131karma\",\"datePublished\":\"2020-06-09T13:37:28+00:00\",\"mainEntityOfPage\":{\"@id\":\"https:\/\/www.istanbulberlin.com\/en-de\/zamanin-icinden-ev-marie-von-heyl\/\"},\"wordCount\":690,\"commentCount\":0,\"publisher\":{\"@id\":\"https:\/\/www.istanbulberlin.com\/#organization\"},\"image\":{\"@id\":\"https:\/\/www.istanbulberlin.com\/en-de\/zamanin-icinden-ev-marie-von-heyl\/#primaryimage\"},\"thumbnailUrl\":\"https:\/\/www.istanbulberlin.com\/wp-content\/uploads\/2020\/06\/ib-ev-marie-5.jpg\",\"keywords\":[\"diyalektik\",\"ev\",\"Gaston Bachelard\",\"Interior (Utopia)\",\"lanetli ev\",\"Le Corbusier\",\"Marie von Heyl\",\"Mekan\u0131n Poetikas\u0131\",\"Modulor\",\"Sigmund Freud\",\"soru\u015fturma\",\"Unheimlich\"],\"articleSection\":[\"EV\",\"Zaman\u0131n \u0130\u00e7inden\"],\"inLanguage\":\"en-US\",\"potentialAction\":[{\"@type\":\"CommentAction\",\"name\":\"Comment\",\"target\":[\"https:\/\/www.istanbulberlin.com\/en-de\/zamanin-icinden-ev-marie-von-heyl\/#respond\"]}]},{\"@type\":\"WebPage\",\"@id\":\"https:\/\/www.istanbulberlin.com\/en-de\/zamanin-icinden-ev-marie-von-heyl\/\",\"url\":\"https:\/\/www.istanbulberlin.com\/en-de\/zamanin-icinden-ev-marie-von-heyl\/\",\"name\":\"Marie von Heyl: Sanal Alemde Yeni \u015eeytan \u00c7\u0131karma - istanbulberlin\",\"isPartOf\":{\"@id\":\"https:\/\/www.istanbulberlin.com\/#website\"},\"primaryImageOfPage\":{\"@id\":\"https:\/\/www.istanbulberlin.com\/en-de\/zamanin-icinden-ev-marie-von-heyl\/#primaryimage\"},\"image\":{\"@id\":\"https:\/\/www.istanbulberlin.com\/en-de\/zamanin-icinden-ev-marie-von-heyl\/#primaryimage\"},\"thumbnailUrl\":\"https:\/\/www.istanbulberlin.com\/wp-content\/uploads\/2020\/06\/ib-ev-marie-5.jpg\",\"datePublished\":\"2020-06-09T13:37:28+00:00\",\"description\":\"Birka\u00e7 sene \u00f6nce Londra'daki evini, bedeniyle bir video \u00e7al\u0131\u015fmas\u0131nda ara\u015ft\u0131ran, Berlin'de ya\u015fayan \u00e7a\u011fda\u015f sanat\u00e7\u0131 Marie von Heyl ile ev kavram\u0131 \u00fczerine...\",\"breadcrumb\":{\"@id\":\"https:\/\/www.istanbulberlin.com\/en-de\/zamanin-icinden-ev-marie-von-heyl\/#breadcrumb\"},\"inLanguage\":\"en-US\",\"potentialAction\":[{\"@type\":\"ReadAction\",\"target\":[\"https:\/\/www.istanbulberlin.com\/en-de\/zamanin-icinden-ev-marie-von-heyl\/\"]}]},{\"@type\":\"ImageObject\",\"inLanguage\":\"en-US\",\"@id\":\"https:\/\/www.istanbulberlin.com\/en-de\/zamanin-icinden-ev-marie-von-heyl\/#primaryimage\",\"url\":\"https:\/\/www.istanbulberlin.com\/wp-content\/uploads\/2020\/06\/ib-ev-marie-5.jpg\",\"contentUrl\":\"https:\/\/www.istanbulberlin.com\/wp-content\/uploads\/2020\/06\/ib-ev-marie-5.jpg\",\"width\":1280,\"height\":720},{\"@type\":\"BreadcrumbList\",\"@id\":\"https:\/\/www.istanbulberlin.com\/en-de\/zamanin-icinden-ev-marie-von-heyl\/#breadcrumb\",\"itemListElement\":[{\"@type\":\"ListItem\",\"position\":1,\"name\":\"Home\",\"item\":\"https:\/\/www.istanbulberlin.com\/\"},{\"@type\":\"ListItem\",\"position\":2,\"name\":\"Marie von Heyl: Sanal Alemde Yeni \u015eeytan \u00c7\u0131karma\"}]},{\"@type\":\"WebSite\",\"@id\":\"https:\/\/www.istanbulberlin.com\/#website\",\"url\":\"https:\/\/www.istanbulberlin.com\/\",\"name\":\"istanbulberlin\",\"description\":\"kar\u015f\u0131la\u015fmalar i\u00e7in bir alan . a space for encounters\",\"publisher\":{\"@id\":\"https:\/\/www.istanbulberlin.com\/#organization\"},\"potentialAction\":[{\"@type\":\"SearchAction\",\"target\":{\"@type\":\"EntryPoint\",\"urlTemplate\":\"https:\/\/www.istanbulberlin.com\/?s={search_term_string}\"},\"query-input\":{\"@type\":\"PropertyValueSpecification\",\"valueRequired\":true,\"valueName\":\"search_term_string\"}}],\"inLanguage\":\"en-US\"},{\"@type\":\"Organization\",\"@id\":\"https:\/\/www.istanbulberlin.com\/#organization\",\"name\":\"istanbulberlin\",\"url\":\"https:\/\/www.istanbulberlin.com\/\",\"logo\":{\"@type\":\"ImageObject\",\"inLanguage\":\"en-US\",\"@id\":\"https:\/\/www.istanbulberlin.com\/#\/schema\/logo\/image\/\",\"url\":\"https:\/\/www.istanbulberlin.com\/wp-content\/uploads\/2020\/05\/logo_c_big.png\",\"contentUrl\":\"https:\/\/www.istanbulberlin.com\/wp-content\/uploads\/2020\/05\/logo_c_big.png\",\"width\":1010,\"height\":125,\"caption\":\"istanbulberlin\"},\"image\":{\"@id\":\"https:\/\/www.istanbulberlin.com\/#\/schema\/logo\/image\/\"}},{\"@type\":\"Person\",\"@id\":\"https:\/\/www.istanbulberlin.com\/#\/schema\/person\/1daa4de5f72c22093adde153bda4c7f2\",\"name\":\"Sedef Ilgic\",\"url\":false}]}<\/script>\n<!-- \/ Yoast SEO plugin. -->","yoast_head_json":{"title":"Marie von Heyl: Sanal Alemde Yeni \u015eeytan \u00c7\u0131karma - istanbulberlin","description":"Birka\u00e7 sene \u00f6nce Londra'daki evini, bedeniyle bir video \u00e7al\u0131\u015fmas\u0131nda ara\u015ft\u0131ran, Berlin'de ya\u015fayan \u00e7a\u011fda\u015f sanat\u00e7\u0131 Marie von Heyl ile ev kavram\u0131 \u00fczerine...","robots":{"index":"index","follow":"follow","max-snippet":"max-snippet:-1","max-image-preview":"max-image-preview:large","max-video-preview":"max-video-preview:-1"},"canonical":"https:\/\/www.istanbulberlin.com\/en-de\/zamanin-icinden-ev-marie-von-heyl\/","og_locale":"en_US","og_type":"article","og_title":"Marie von Heyl: Sanal Alemde Yeni \u015eeytan \u00c7\u0131karma - istanbulberlin","og_description":"Birka\u00e7 sene \u00f6nce Londra'daki evini, bedeniyle bir video \u00e7al\u0131\u015fmas\u0131nda ara\u015ft\u0131ran, Berlin'de ya\u015fayan \u00e7a\u011fda\u015f sanat\u00e7\u0131 Marie von Heyl ile ev kavram\u0131 \u00fczerine...","og_url":"https:\/\/www.istanbulberlin.com\/en-de\/zamanin-icinden-ev-marie-von-heyl\/","og_site_name":"istanbulberlin","article_published_time":"2020-06-09T13:37:28+00:00","og_image":[{"width":1280,"height":720,"url":"https:\/\/www.istanbulberlin.com\/wp-content\/uploads\/2020\/06\/ib-ev-marie-5.jpg","type":"image\/jpeg"}],"author":"Sedef Ilgic","twitter_card":"summary_large_image","twitter_misc":{"Written by":"Sedef Ilgic","Est. reading time":"3 minutes"},"schema":{"@context":"https:\/\/schema.org","@graph":[{"@type":"Article","@id":"https:\/\/www.istanbulberlin.com\/en-de\/zamanin-icinden-ev-marie-von-heyl\/#article","isPartOf":{"@id":"https:\/\/www.istanbulberlin.com\/en-de\/zamanin-icinden-ev-marie-von-heyl\/"},"author":{"name":"Sedef Ilgic","@id":"https:\/\/www.istanbulberlin.com\/#\/schema\/person\/1daa4de5f72c22093adde153bda4c7f2"},"headline":"Marie von Heyl: Sanal Alemde Yeni \u015eeytan \u00c7\u0131karma","datePublished":"2020-06-09T13:37:28+00:00","mainEntityOfPage":{"@id":"https:\/\/www.istanbulberlin.com\/en-de\/zamanin-icinden-ev-marie-von-heyl\/"},"wordCount":690,"commentCount":0,"publisher":{"@id":"https:\/\/www.istanbulberlin.com\/#organization"},"image":{"@id":"https:\/\/www.istanbulberlin.com\/en-de\/zamanin-icinden-ev-marie-von-heyl\/#primaryimage"},"thumbnailUrl":"https:\/\/www.istanbulberlin.com\/wp-content\/uploads\/2020\/06\/ib-ev-marie-5.jpg","keywords":["diyalektik","ev","Gaston Bachelard","Interior (Utopia)","lanetli ev","Le Corbusier","Marie von Heyl","Mekan\u0131n Poetikas\u0131","Modulor","Sigmund Freud","soru\u015fturma","Unheimlich"],"articleSection":["EV","Zaman\u0131n \u0130\u00e7inden"],"inLanguage":"en-US","potentialAction":[{"@type":"CommentAction","name":"Comment","target":["https:\/\/www.istanbulberlin.com\/en-de\/zamanin-icinden-ev-marie-von-heyl\/#respond"]}]},{"@type":"WebPage","@id":"https:\/\/www.istanbulberlin.com\/en-de\/zamanin-icinden-ev-marie-von-heyl\/","url":"https:\/\/www.istanbulberlin.com\/en-de\/zamanin-icinden-ev-marie-von-heyl\/","name":"Marie von Heyl: Sanal Alemde Yeni \u015eeytan \u00c7\u0131karma - istanbulberlin","isPartOf":{"@id":"https:\/\/www.istanbulberlin.com\/#website"},"primaryImageOfPage":{"@id":"https:\/\/www.istanbulberlin.com\/en-de\/zamanin-icinden-ev-marie-von-heyl\/#primaryimage"},"image":{"@id":"https:\/\/www.istanbulberlin.com\/en-de\/zamanin-icinden-ev-marie-von-heyl\/#primaryimage"},"thumbnailUrl":"https:\/\/www.istanbulberlin.com\/wp-content\/uploads\/2020\/06\/ib-ev-marie-5.jpg","datePublished":"2020-06-09T13:37:28+00:00","description":"Birka\u00e7 sene \u00f6nce Londra'daki evini, bedeniyle bir video \u00e7al\u0131\u015fmas\u0131nda ara\u015ft\u0131ran, Berlin'de ya\u015fayan \u00e7a\u011fda\u015f sanat\u00e7\u0131 Marie von Heyl ile ev kavram\u0131 \u00fczerine...","breadcrumb":{"@id":"https:\/\/www.istanbulberlin.com\/en-de\/zamanin-icinden-ev-marie-von-heyl\/#breadcrumb"},"inLanguage":"en-US","potentialAction":[{"@type":"ReadAction","target":["https:\/\/www.istanbulberlin.com\/en-de\/zamanin-icinden-ev-marie-von-heyl\/"]}]},{"@type":"ImageObject","inLanguage":"en-US","@id":"https:\/\/www.istanbulberlin.com\/en-de\/zamanin-icinden-ev-marie-von-heyl\/#primaryimage","url":"https:\/\/www.istanbulberlin.com\/wp-content\/uploads\/2020\/06\/ib-ev-marie-5.jpg","contentUrl":"https:\/\/www.istanbulberlin.com\/wp-content\/uploads\/2020\/06\/ib-ev-marie-5.jpg","width":1280,"height":720},{"@type":"BreadcrumbList","@id":"https:\/\/www.istanbulberlin.com\/en-de\/zamanin-icinden-ev-marie-von-heyl\/#breadcrumb","itemListElement":[{"@type":"ListItem","position":1,"name":"Home","item":"https:\/\/www.istanbulberlin.com\/"},{"@type":"ListItem","position":2,"name":"Marie von Heyl: Sanal Alemde Yeni \u015eeytan \u00c7\u0131karma"}]},{"@type":"WebSite","@id":"https:\/\/www.istanbulberlin.com\/#website","url":"https:\/\/www.istanbulberlin.com\/","name":"istanbulberlin","description":"kar\u015f\u0131la\u015fmalar i\u00e7in bir alan . a space for encounters","publisher":{"@id":"https:\/\/www.istanbulberlin.com\/#organization"},"potentialAction":[{"@type":"SearchAction","target":{"@type":"EntryPoint","urlTemplate":"https:\/\/www.istanbulberlin.com\/?s={search_term_string}"},"query-input":{"@type":"PropertyValueSpecification","valueRequired":true,"valueName":"search_term_string"}}],"inLanguage":"en-US"},{"@type":"Organization","@id":"https:\/\/www.istanbulberlin.com\/#organization","name":"istanbulberlin","url":"https:\/\/www.istanbulberlin.com\/","logo":{"@type":"ImageObject","inLanguage":"en-US","@id":"https:\/\/www.istanbulberlin.com\/#\/schema\/logo\/image\/","url":"https:\/\/www.istanbulberlin.com\/wp-content\/uploads\/2020\/05\/logo_c_big.png","contentUrl":"https:\/\/www.istanbulberlin.com\/wp-content\/uploads\/2020\/05\/logo_c_big.png","width":1010,"height":125,"caption":"istanbulberlin"},"image":{"@id":"https:\/\/www.istanbulberlin.com\/#\/schema\/logo\/image\/"}},{"@type":"Person","@id":"https:\/\/www.istanbulberlin.com\/#\/schema\/person\/1daa4de5f72c22093adde153bda4c7f2","name":"Sedef Ilgic","url":false}]}},"_links":{"self":[{"href":"https:\/\/www.istanbulberlin.com\/en-de\/wp-json\/wp\/v2\/posts\/1573","targetHints":{"allow":["GET"]}}],"collection":[{"href":"https:\/\/www.istanbulberlin.com\/en-de\/wp-json\/wp\/v2\/posts"}],"about":[{"href":"https:\/\/www.istanbulberlin.com\/en-de\/wp-json\/wp\/v2\/types\/post"}],"author":[{"embeddable":true,"href":"https:\/\/www.istanbulberlin.com\/en-de\/wp-json\/wp\/v2\/users\/2"}],"replies":[{"embeddable":true,"href":"https:\/\/www.istanbulberlin.com\/en-de\/wp-json\/wp\/v2\/comments?post=1573"}],"version-history":[{"count":3,"href":"https:\/\/www.istanbulberlin.com\/en-de\/wp-json\/wp\/v2\/posts\/1573\/revisions"}],"predecessor-version":[{"id":1584,"href":"https:\/\/www.istanbulberlin.com\/en-de\/wp-json\/wp\/v2\/posts\/1573\/revisions\/1584"}],"wp:featuredmedia":[{"embeddable":true,"href":"https:\/\/www.istanbulberlin.com\/en-de\/wp-json\/wp\/v2\/media\/1578"}],"wp:attachment":[{"href":"https:\/\/www.istanbulberlin.com\/en-de\/wp-json\/wp\/v2\/media?parent=1573"}],"wp:term":[{"taxonomy":"category","embeddable":true,"href":"https:\/\/www.istanbulberlin.com\/en-de\/wp-json\/wp\/v2\/categories?post=1573"},{"taxonomy":"post_tag","embeddable":true,"href":"https:\/\/www.istanbulberlin.com\/en-de\/wp-json\/wp\/v2\/tags?post=1573"}],"curies":[{"name":"wp","href":"https:\/\/api.w.org\/{rel}","templated":true}]}}