{"id":1585,"date":"2020-06-09T16:37:12","date_gmt":"2020-06-09T13:37:12","guid":{"rendered":"https:\/\/www.istanbulberlin.com\/?p=1585"},"modified":"2020-06-09T16:45:10","modified_gmt":"2020-06-09T13:45:10","slug":"zamanin-icinden-ev-beril-gur","status":"publish","type":"post","link":"https:\/\/www.istanbulberlin.com\/en-de\/zamanin-icinden-ev-beril-gur\/","title":{"rendered":"Beril G\u00fcr: Permanence Exists With a Very Precise and Sensitive Balance"},"content":{"rendered":"<h6 class=\"p1\">Photography Artist Beril G\u00fcr, who made a colourful series called \"Street Photos from Home\" a few years ago joined conversation on the notion of home. You could see all photographs in the series from <a target=\"_blank\" href=\"http:\/\/www.berilgur.com\/index.php\/project\/evden\/\"><span class=\"s1\">here<\/span><\/a> .<\/h6>\n<div id=\"attachment_1587\" style=\"width: 2259px\" class=\"wp-caption aligncenter\"><img loading=\"lazy\" decoding=\"async\" aria-describedby=\"caption-attachment-1587\" class=\"wp-image-1587 size-full\" src=\"https:\/\/www.istanbulberlin.com\/wp-content\/uploads\/2020\/06\/beril_portre-2.jpg\" alt=\"\" width=\"2249\" height=\"1590\" srcset=\"https:\/\/www.istanbulberlin.com\/wp-content\/uploads\/2020\/06\/beril_portre-2.jpg 2249w, https:\/\/www.istanbulberlin.com\/wp-content\/uploads\/2020\/06\/beril_portre-2-300x212.jpg 300w, https:\/\/www.istanbulberlin.com\/wp-content\/uploads\/2020\/06\/beril_portre-2-1024x724.jpg 1024w, https:\/\/www.istanbulberlin.com\/wp-content\/uploads\/2020\/06\/beril_portre-2-768x543.jpg 768w, https:\/\/www.istanbulberlin.com\/wp-content\/uploads\/2020\/06\/beril_portre-2-1536x1086.jpg 1536w, https:\/\/www.istanbulberlin.com\/wp-content\/uploads\/2020\/06\/beril_portre-2-2048x1448.jpg 2048w, https:\/\/www.istanbulberlin.com\/wp-content\/uploads\/2020\/06\/beril_portre-2-18x13.jpg 18w\" sizes=\"auto, (max-width: 2249px) 100vw, 2249px\" \/><p id=\"caption-attachment-1587\" class=\"wp-caption-text\">Beril G\u00fcr<\/p><\/div>\n<h6 class=\"p1\">In German there is a relationship between the words Heim (Home) - Heimat (Homeland) \u2013 Geheim (Secret) \u2013 Unheimlich (Heimlich: Hidden \u2013 Unheimlich: Uncanny). What kind of a relationship do you correlate between these words?<\/h6>\n<p class=\"p1\">When we look at all of these words, while familiarity is associated with the sense of \u201cfeeling at home\u201d, the unknown relates to the concept of uncanny.<\/p>\n<blockquote>\n<p class=\"p1\">We build a safe and intimate space, surrounded by familiar objects at home with the clues as to the person we are and we want to become.<\/p>\n<\/blockquote>\n<p class=\"p1\">The definition of unknown, which is outside of our safe limits, as uncanny is an indication to how much our perception is both introverted and limited.<\/p>\n<div id=\"attachment_1588\" style=\"width: 1010px\" class=\"wp-caption aligncenter\"><img loading=\"lazy\" decoding=\"async\" aria-describedby=\"caption-attachment-1588\" class=\"wp-image-1588 size-full\" src=\"https:\/\/www.istanbulberlin.com\/wp-content\/uploads\/2020\/06\/s_5w.jpg\" alt=\"\" width=\"1000\" height=\"669\" srcset=\"https:\/\/www.istanbulberlin.com\/wp-content\/uploads\/2020\/06\/s_5w.jpg 1000w, https:\/\/www.istanbulberlin.com\/wp-content\/uploads\/2020\/06\/s_5w-300x201.jpg 300w, https:\/\/www.istanbulberlin.com\/wp-content\/uploads\/2020\/06\/s_5w-768x514.jpg 768w, https:\/\/www.istanbulberlin.com\/wp-content\/uploads\/2020\/06\/s_5w-18x13.jpg 18w\" sizes=\"auto, (max-width: 1000px) 100vw, 1000px\" \/><p id=\"caption-attachment-1588\" class=\"wp-caption-text\">Photographs are from the \"Street Photos from Home\" series. Copyright \u00a9 Beril G\u00fcr<\/p><\/div>\n<h6 class=\"p2\">In Poetics of Space, Gaston Bachelard uses house as a tool to analyse the human soul. Because \u201cOur soul is an abode. And by remembering \u2018houses\u2019 and \u2018rooms,\u2019 we learn to \u2018abide\u2019 within ourselves.\u201d What do you think about this analogy between house and\u00a0\u00a0body? Or what is the imaginative width of \u201chouse\u201d for you?<\/h6>\n<p class=\"p1\">Bachelard calls the room and the home \u201cpsychological diagrams\u201d. He envisions a \u201creading\u201d of a room\/home. This description inspires me to investigate the imagery of home.<\/p>\n<p><img loading=\"lazy\" decoding=\"async\" class=\"size-full wp-image-1586 aligncenter\" src=\"https:\/\/www.istanbulberlin.com\/wp-content\/uploads\/2020\/06\/s_16w.jpg\" alt=\"\" width=\"1000\" height=\"657\" srcset=\"https:\/\/www.istanbulberlin.com\/wp-content\/uploads\/2020\/06\/s_16w.jpg 1000w, https:\/\/www.istanbulberlin.com\/wp-content\/uploads\/2020\/06\/s_16w-300x197.jpg 300w, https:\/\/www.istanbulberlin.com\/wp-content\/uploads\/2020\/06\/s_16w-768x505.jpg 768w, https:\/\/www.istanbulberlin.com\/wp-content\/uploads\/2020\/06\/s_16w-18x13.jpg 18w\" sizes=\"auto, (max-width: 1000px) 100vw, 1000px\" \/><\/p>\n<p>How do you think has refugee crisis and the global pandemic that we are living through changed\/has been changing the concepts of home, ground and homeland?<\/p>\n<blockquote>\n<p class=\"p1\">In these days we remember how fragile the \u201cpermanence\u201d of things in life actually are, how they exist in a system with a very precise balance, and that everything is connected to one another in a sensitive way.<\/p>\n<\/blockquote>\n<p class=\"p1\">The process of migration and epidemic result with either escape from or lockdown in the house in opposite ways. In light of these events we reconsider the meanings behind various concepts of home, place and homeland.<\/p>\n<p><img loading=\"lazy\" decoding=\"async\" class=\"size-full wp-image-1590 aligncenter\" src=\"https:\/\/www.istanbulberlin.com\/wp-content\/uploads\/2020\/06\/s_9w.jpg\" alt=\"\" width=\"1000\" height=\"669\" srcset=\"https:\/\/www.istanbulberlin.com\/wp-content\/uploads\/2020\/06\/s_9w.jpg 1000w, https:\/\/www.istanbulberlin.com\/wp-content\/uploads\/2020\/06\/s_9w-300x201.jpg 300w, https:\/\/www.istanbulberlin.com\/wp-content\/uploads\/2020\/06\/s_9w-768x514.jpg 768w, https:\/\/www.istanbulberlin.com\/wp-content\/uploads\/2020\/06\/s_9w-18x13.jpg 18w\" sizes=\"auto, (max-width: 1000px) 100vw, 1000px\" \/><\/p>\n<p class=\"p1\">For instance, we add new meanings to the concept of home. As you have quoted in the question before, in his book Gaston Bachelard emphasizes that the threats outside enhances the intimacy of the house.<\/p>\n<blockquote>\n<p class=\"p1\">Hence, the new transformation of the house to a bunker explains how the home is supposed to make us feel safer than ever.<\/p>\n<\/blockquote>\n<p><img loading=\"lazy\" decoding=\"async\" class=\"size-full wp-image-1592 aligncenter\" src=\"https:\/\/www.istanbulberlin.com\/wp-content\/uploads\/2020\/06\/s_23w.jpg\" alt=\"\" width=\"1000\" height=\"669\" \/><\/p>\n<h6 class=\"p1\">Extra: In \"Street Photos from Home\", there is a very colourful life on the street. We've been talking about home so much, we've already been staying home enough,\" what does street mean to you?<\/h6>\n<p class=\"p1\">The reason why there is a colorful life in \u201cstreet photos from home\u201d is because I was looking for seeing exactly that at the time. What the street means to me changes periodically alongside my mood.<\/p>\n<blockquote>\n<p class=\"p1\">However, more often I enjoy being \u201cout\u201d.<\/p>\n<\/blockquote>\n<p><img loading=\"lazy\" decoding=\"async\" class=\"alignnone size-full wp-image-1591\" src=\"https:\/\/www.istanbulberlin.com\/wp-content\/uploads\/2020\/06\/s_13w.jpg\" alt=\"\" width=\"1000\" height=\"670\" srcset=\"https:\/\/www.istanbulberlin.com\/wp-content\/uploads\/2020\/06\/s_13w.jpg 1000w, https:\/\/www.istanbulberlin.com\/wp-content\/uploads\/2020\/06\/s_13w-300x201.jpg 300w, https:\/\/www.istanbulberlin.com\/wp-content\/uploads\/2020\/06\/s_13w-768x515.jpg 768w, https:\/\/www.istanbulberlin.com\/wp-content\/uploads\/2020\/06\/s_13w-18x13.jpg 18w\" sizes=\"auto, (max-width: 1000px) 100vw, 1000px\" \/><\/p>","protected":false},"excerpt":{"rendered":"<p>Birka\u00e7 sene \u00f6nce \u0130stanbul&#8217;daki evinden \u00e7ekti\u011fi foto\u011fraflarla &#8220;Evden Sokak Foto\u011fraflar\u0131&#8221; isimli renkli bir seri olu\u015fturan foto\u011fraf sanat\u00e7\u0131s\u0131 Beril G\u00fcr ev kavram\u0131 \u00fczerine soru\u015fturmama kat\u0131ld\u0131. Serideki t\u00fcm foto\u011fraflar\u0131 buradan inceleyebilirsiniz. Almancada bu kelimeler aras\u0131nda bir ili\u015fki var: Heim (Ev), Heimat (Yurt) \u2013 Geheim (S\u0131r) \u2013 Unheimlich (Heimlich: Gizli &#8211; Unheimlich: Tekinsiz). Onlar aras\u0131nda sen nas\u0131l bir ili\u015fki kuruyorsun? Bu kelimelerin b\u00fct\u00fcn\u00fcne bak\u0131nca tan\u0131d\u0131k olan\u0131n \u201cevde hissetme\u201d duygusu ile bilinmeyenin ise tekinsizlik kavram\u0131 ile ili\u015fkilendi\u011fini fark ediyorum. Evde kendimize tan\u0131d\u0131k nesnelerle \u00e7evrili g\u00fcvenli bir alan olu\u015fturup, oldu\u011fumuz ve olmak istedi\u011fimiz ki\u015fiden ipu\u00e7lar\u0131 ta\u015f\u0131yan g\u00f6rece mahrem bir mek\u00e2n kurguluyoruz. G\u00fcvenli s\u0131n\u0131rlar\u0131m\u0131z\u0131n d\u0131\u015f\u0131nda kalan, [&hellip;]<\/p>","protected":false},"author":2,"featured_media":1589,"comment_status":"open","ping_status":"open","sticky":false,"template":"","format":"standard","meta":{"footnotes":""},"categories":[310,4],"tags":[321,320,322,315,316,100,312],"class_list":["post-1585","post","type-post","status-publish","format-standard","has-post-thumbnail","hentry","category-ev","category-zamanin-icinden","tag-beril-gur","tag-ev","tag-evden-sokak-fotograflari","tag-gaston-bachelard","tag-mekanin-poetikasi","tag-sorusturma","tag-unheimlich"],"yoast_head":"<!-- This site is optimized with the Yoast SEO plugin v26.6 - https:\/\/yoast.com\/wordpress\/plugins\/seo\/ -->\n<title>Beril G\u00fcr: De\u011fi\u015fmez G\u00f6rd\u00fcklerimiz K\u0131r\u0131lgan ve Hassas Dengelerle Var Oluyor - istanbulberlin<\/title>\n<meta name=\"description\" content=\"Birka\u00e7 sene \u00f6nce Londra&#039;daki evini, bedeniyle bir video \u00e7al\u0131\u015fmas\u0131nda ara\u015ft\u0131ran, Berlin&#039;de ya\u015fayan \u00e7a\u011fda\u015f sanat\u00e7\u0131 Marie von Heyl ile ev kavram\u0131 \u00fczerine...\" \/>\n<meta name=\"robots\" content=\"index, follow, max-snippet:-1, max-image-preview:large, max-video-preview:-1\" \/>\n<link rel=\"canonical\" href=\"https:\/\/www.istanbulberlin.com\/en-de\/zamanin-icinden-ev-beril-gur\/\" \/>\n<meta property=\"og:locale\" content=\"en_US\" \/>\n<meta property=\"og:type\" content=\"article\" \/>\n<meta property=\"og:title\" content=\"Beril G\u00fcr: De\u011fi\u015fmez G\u00f6rd\u00fcklerimiz K\u0131r\u0131lgan ve Hassas Dengelerle Var Oluyor - istanbulberlin\" \/>\n<meta property=\"og:description\" content=\"Birka\u00e7 sene \u00f6nce Londra&#039;daki evini, bedeniyle bir video \u00e7al\u0131\u015fmas\u0131nda ara\u015ft\u0131ran, Berlin&#039;de ya\u015fayan \u00e7a\u011fda\u015f sanat\u00e7\u0131 Marie von Heyl ile ev kavram\u0131 \u00fczerine...\" \/>\n<meta property=\"og:url\" content=\"https:\/\/www.istanbulberlin.com\/en-de\/zamanin-icinden-ev-beril-gur\/\" \/>\n<meta property=\"og:site_name\" content=\"istanbulberlin\" \/>\n<meta property=\"article:published_time\" content=\"2020-06-09T13:37:12+00:00\" \/>\n<meta property=\"article:modified_time\" content=\"2020-06-09T13:45:10+00:00\" \/>\n<meta property=\"og:image\" content=\"https:\/\/www.istanbulberlin.com\/wp-content\/uploads\/2020\/06\/s_8w.jpg\" \/>\n\t<meta property=\"og:image:width\" content=\"1000\" \/>\n\t<meta property=\"og:image:height\" content=\"669\" \/>\n\t<meta property=\"og:image:type\" content=\"image\/jpeg\" \/>\n<meta name=\"author\" content=\"Sedef Ilgic\" \/>\n<meta name=\"twitter:card\" content=\"summary_large_image\" \/>\n<meta name=\"twitter:label1\" content=\"Written by\" \/>\n\t<meta name=\"twitter:data1\" content=\"Sedef Ilgic\" \/>\n\t<meta name=\"twitter:label2\" content=\"Est. reading time\" \/>\n\t<meta name=\"twitter:data2\" content=\"3 minutes\" \/>\n<script type=\"application\/ld+json\" class=\"yoast-schema-graph\">{\"@context\":\"https:\/\/schema.org\",\"@graph\":[{\"@type\":\"Article\",\"@id\":\"https:\/\/www.istanbulberlin.com\/en-de\/zamanin-icinden-ev-beril-gur\/#article\",\"isPartOf\":{\"@id\":\"https:\/\/www.istanbulberlin.com\/en-de\/zamanin-icinden-ev-beril-gur\/\"},\"author\":{\"name\":\"Sedef Ilgic\",\"@id\":\"https:\/\/www.istanbulberlin.com\/#\/schema\/person\/1daa4de5f72c22093adde153bda4c7f2\"},\"headline\":\"Beril G\u00fcr: De\u011fi\u015fmez G\u00f6rd\u00fcklerimiz K\u0131r\u0131lgan ve Hassas Dengelerle Var Oluyor\",\"datePublished\":\"2020-06-09T13:37:12+00:00\",\"dateModified\":\"2020-06-09T13:45:10+00:00\",\"mainEntityOfPage\":{\"@id\":\"https:\/\/www.istanbulberlin.com\/en-de\/zamanin-icinden-ev-beril-gur\/\"},\"wordCount\":544,\"commentCount\":0,\"publisher\":{\"@id\":\"https:\/\/www.istanbulberlin.com\/#organization\"},\"image\":{\"@id\":\"https:\/\/www.istanbulberlin.com\/en-de\/zamanin-icinden-ev-beril-gur\/#primaryimage\"},\"thumbnailUrl\":\"https:\/\/www.istanbulberlin.com\/wp-content\/uploads\/2020\/06\/s_8w.jpg\",\"keywords\":[\"Beril G\u00fcr\",\"ev\",\"Evden Sokak Foto\u011fraflar\u0131\",\"Gaston Bachelard\",\"Mekan\u0131n Poetikas\u0131\",\"soru\u015fturma\",\"Unheimlich\"],\"articleSection\":[\"EV\",\"Zaman\u0131n \u0130\u00e7inden\"],\"inLanguage\":\"en-US\",\"potentialAction\":[{\"@type\":\"CommentAction\",\"name\":\"Comment\",\"target\":[\"https:\/\/www.istanbulberlin.com\/en-de\/zamanin-icinden-ev-beril-gur\/#respond\"]}]},{\"@type\":\"WebPage\",\"@id\":\"https:\/\/www.istanbulberlin.com\/en-de\/zamanin-icinden-ev-beril-gur\/\",\"url\":\"https:\/\/www.istanbulberlin.com\/en-de\/zamanin-icinden-ev-beril-gur\/\",\"name\":\"Beril G\u00fcr: De\u011fi\u015fmez G\u00f6rd\u00fcklerimiz K\u0131r\u0131lgan ve Hassas Dengelerle Var Oluyor - istanbulberlin\",\"isPartOf\":{\"@id\":\"https:\/\/www.istanbulberlin.com\/#website\"},\"primaryImageOfPage\":{\"@id\":\"https:\/\/www.istanbulberlin.com\/en-de\/zamanin-icinden-ev-beril-gur\/#primaryimage\"},\"image\":{\"@id\":\"https:\/\/www.istanbulberlin.com\/en-de\/zamanin-icinden-ev-beril-gur\/#primaryimage\"},\"thumbnailUrl\":\"https:\/\/www.istanbulberlin.com\/wp-content\/uploads\/2020\/06\/s_8w.jpg\",\"datePublished\":\"2020-06-09T13:37:12+00:00\",\"dateModified\":\"2020-06-09T13:45:10+00:00\",\"description\":\"Birka\u00e7 sene \u00f6nce Londra'daki evini, bedeniyle bir video \u00e7al\u0131\u015fmas\u0131nda ara\u015ft\u0131ran, Berlin'de ya\u015fayan \u00e7a\u011fda\u015f sanat\u00e7\u0131 Marie von Heyl ile ev kavram\u0131 \u00fczerine...\",\"breadcrumb\":{\"@id\":\"https:\/\/www.istanbulberlin.com\/en-de\/zamanin-icinden-ev-beril-gur\/#breadcrumb\"},\"inLanguage\":\"en-US\",\"potentialAction\":[{\"@type\":\"ReadAction\",\"target\":[\"https:\/\/www.istanbulberlin.com\/en-de\/zamanin-icinden-ev-beril-gur\/\"]}]},{\"@type\":\"ImageObject\",\"inLanguage\":\"en-US\",\"@id\":\"https:\/\/www.istanbulberlin.com\/en-de\/zamanin-icinden-ev-beril-gur\/#primaryimage\",\"url\":\"https:\/\/www.istanbulberlin.com\/wp-content\/uploads\/2020\/06\/s_8w.jpg\",\"contentUrl\":\"https:\/\/www.istanbulberlin.com\/wp-content\/uploads\/2020\/06\/s_8w.jpg\",\"width\":1000,\"height\":669},{\"@type\":\"BreadcrumbList\",\"@id\":\"https:\/\/www.istanbulberlin.com\/en-de\/zamanin-icinden-ev-beril-gur\/#breadcrumb\",\"itemListElement\":[{\"@type\":\"ListItem\",\"position\":1,\"name\":\"Home\",\"item\":\"https:\/\/www.istanbulberlin.com\/\"},{\"@type\":\"ListItem\",\"position\":2,\"name\":\"Beril G\u00fcr: De\u011fi\u015fmez G\u00f6rd\u00fcklerimiz K\u0131r\u0131lgan ve Hassas Dengelerle Var Oluyor\"}]},{\"@type\":\"WebSite\",\"@id\":\"https:\/\/www.istanbulberlin.com\/#website\",\"url\":\"https:\/\/www.istanbulberlin.com\/\",\"name\":\"istanbulberlin\",\"description\":\"kar\u015f\u0131la\u015fmalar i\u00e7in bir alan . a space for encounters\",\"publisher\":{\"@id\":\"https:\/\/www.istanbulberlin.com\/#organization\"},\"potentialAction\":[{\"@type\":\"SearchAction\",\"target\":{\"@type\":\"EntryPoint\",\"urlTemplate\":\"https:\/\/www.istanbulberlin.com\/?s={search_term_string}\"},\"query-input\":{\"@type\":\"PropertyValueSpecification\",\"valueRequired\":true,\"valueName\":\"search_term_string\"}}],\"inLanguage\":\"en-US\"},{\"@type\":\"Organization\",\"@id\":\"https:\/\/www.istanbulberlin.com\/#organization\",\"name\":\"istanbulberlin\",\"url\":\"https:\/\/www.istanbulberlin.com\/\",\"logo\":{\"@type\":\"ImageObject\",\"inLanguage\":\"en-US\",\"@id\":\"https:\/\/www.istanbulberlin.com\/#\/schema\/logo\/image\/\",\"url\":\"https:\/\/www.istanbulberlin.com\/wp-content\/uploads\/2020\/05\/logo_c_big.png\",\"contentUrl\":\"https:\/\/www.istanbulberlin.com\/wp-content\/uploads\/2020\/05\/logo_c_big.png\",\"width\":1010,\"height\":125,\"caption\":\"istanbulberlin\"},\"image\":{\"@id\":\"https:\/\/www.istanbulberlin.com\/#\/schema\/logo\/image\/\"}},{\"@type\":\"Person\",\"@id\":\"https:\/\/www.istanbulberlin.com\/#\/schema\/person\/1daa4de5f72c22093adde153bda4c7f2\",\"name\":\"Sedef Ilgic\",\"url\":false}]}<\/script>\n<!-- \/ Yoast SEO plugin. -->","yoast_head_json":{"title":"Beril G\u00fcr: De\u011fi\u015fmez G\u00f6rd\u00fcklerimiz K\u0131r\u0131lgan ve Hassas Dengelerle Var Oluyor - istanbulberlin","description":"Birka\u00e7 sene \u00f6nce Londra'daki evini, bedeniyle bir video \u00e7al\u0131\u015fmas\u0131nda ara\u015ft\u0131ran, Berlin'de ya\u015fayan \u00e7a\u011fda\u015f sanat\u00e7\u0131 Marie von Heyl ile ev kavram\u0131 \u00fczerine...","robots":{"index":"index","follow":"follow","max-snippet":"max-snippet:-1","max-image-preview":"max-image-preview:large","max-video-preview":"max-video-preview:-1"},"canonical":"https:\/\/www.istanbulberlin.com\/en-de\/zamanin-icinden-ev-beril-gur\/","og_locale":"en_US","og_type":"article","og_title":"Beril G\u00fcr: De\u011fi\u015fmez G\u00f6rd\u00fcklerimiz K\u0131r\u0131lgan ve Hassas Dengelerle Var Oluyor - istanbulberlin","og_description":"Birka\u00e7 sene \u00f6nce Londra'daki evini, bedeniyle bir video \u00e7al\u0131\u015fmas\u0131nda ara\u015ft\u0131ran, Berlin'de ya\u015fayan \u00e7a\u011fda\u015f sanat\u00e7\u0131 Marie von Heyl ile ev kavram\u0131 \u00fczerine...","og_url":"https:\/\/www.istanbulberlin.com\/en-de\/zamanin-icinden-ev-beril-gur\/","og_site_name":"istanbulberlin","article_published_time":"2020-06-09T13:37:12+00:00","article_modified_time":"2020-06-09T13:45:10+00:00","og_image":[{"width":1000,"height":669,"url":"https:\/\/www.istanbulberlin.com\/wp-content\/uploads\/2020\/06\/s_8w.jpg","type":"image\/jpeg"}],"author":"Sedef Ilgic","twitter_card":"summary_large_image","twitter_misc":{"Written by":"Sedef Ilgic","Est. reading time":"3 minutes"},"schema":{"@context":"https:\/\/schema.org","@graph":[{"@type":"Article","@id":"https:\/\/www.istanbulberlin.com\/en-de\/zamanin-icinden-ev-beril-gur\/#article","isPartOf":{"@id":"https:\/\/www.istanbulberlin.com\/en-de\/zamanin-icinden-ev-beril-gur\/"},"author":{"name":"Sedef Ilgic","@id":"https:\/\/www.istanbulberlin.com\/#\/schema\/person\/1daa4de5f72c22093adde153bda4c7f2"},"headline":"Beril G\u00fcr: De\u011fi\u015fmez G\u00f6rd\u00fcklerimiz K\u0131r\u0131lgan ve Hassas Dengelerle Var Oluyor","datePublished":"2020-06-09T13:37:12+00:00","dateModified":"2020-06-09T13:45:10+00:00","mainEntityOfPage":{"@id":"https:\/\/www.istanbulberlin.com\/en-de\/zamanin-icinden-ev-beril-gur\/"},"wordCount":544,"commentCount":0,"publisher":{"@id":"https:\/\/www.istanbulberlin.com\/#organization"},"image":{"@id":"https:\/\/www.istanbulberlin.com\/en-de\/zamanin-icinden-ev-beril-gur\/#primaryimage"},"thumbnailUrl":"https:\/\/www.istanbulberlin.com\/wp-content\/uploads\/2020\/06\/s_8w.jpg","keywords":["Beril G\u00fcr","ev","Evden Sokak Foto\u011fraflar\u0131","Gaston Bachelard","Mekan\u0131n Poetikas\u0131","soru\u015fturma","Unheimlich"],"articleSection":["EV","Zaman\u0131n \u0130\u00e7inden"],"inLanguage":"en-US","potentialAction":[{"@type":"CommentAction","name":"Comment","target":["https:\/\/www.istanbulberlin.com\/en-de\/zamanin-icinden-ev-beril-gur\/#respond"]}]},{"@type":"WebPage","@id":"https:\/\/www.istanbulberlin.com\/en-de\/zamanin-icinden-ev-beril-gur\/","url":"https:\/\/www.istanbulberlin.com\/en-de\/zamanin-icinden-ev-beril-gur\/","name":"Beril G\u00fcr: De\u011fi\u015fmez G\u00f6rd\u00fcklerimiz K\u0131r\u0131lgan ve Hassas Dengelerle Var Oluyor - istanbulberlin","isPartOf":{"@id":"https:\/\/www.istanbulberlin.com\/#website"},"primaryImageOfPage":{"@id":"https:\/\/www.istanbulberlin.com\/en-de\/zamanin-icinden-ev-beril-gur\/#primaryimage"},"image":{"@id":"https:\/\/www.istanbulberlin.com\/en-de\/zamanin-icinden-ev-beril-gur\/#primaryimage"},"thumbnailUrl":"https:\/\/www.istanbulberlin.com\/wp-content\/uploads\/2020\/06\/s_8w.jpg","datePublished":"2020-06-09T13:37:12+00:00","dateModified":"2020-06-09T13:45:10+00:00","description":"Birka\u00e7 sene \u00f6nce Londra'daki evini, bedeniyle bir video \u00e7al\u0131\u015fmas\u0131nda ara\u015ft\u0131ran, Berlin'de ya\u015fayan \u00e7a\u011fda\u015f sanat\u00e7\u0131 Marie von Heyl ile ev kavram\u0131 \u00fczerine...","breadcrumb":{"@id":"https:\/\/www.istanbulberlin.com\/en-de\/zamanin-icinden-ev-beril-gur\/#breadcrumb"},"inLanguage":"en-US","potentialAction":[{"@type":"ReadAction","target":["https:\/\/www.istanbulberlin.com\/en-de\/zamanin-icinden-ev-beril-gur\/"]}]},{"@type":"ImageObject","inLanguage":"en-US","@id":"https:\/\/www.istanbulberlin.com\/en-de\/zamanin-icinden-ev-beril-gur\/#primaryimage","url":"https:\/\/www.istanbulberlin.com\/wp-content\/uploads\/2020\/06\/s_8w.jpg","contentUrl":"https:\/\/www.istanbulberlin.com\/wp-content\/uploads\/2020\/06\/s_8w.jpg","width":1000,"height":669},{"@type":"BreadcrumbList","@id":"https:\/\/www.istanbulberlin.com\/en-de\/zamanin-icinden-ev-beril-gur\/#breadcrumb","itemListElement":[{"@type":"ListItem","position":1,"name":"Home","item":"https:\/\/www.istanbulberlin.com\/"},{"@type":"ListItem","position":2,"name":"Beril G\u00fcr: De\u011fi\u015fmez G\u00f6rd\u00fcklerimiz K\u0131r\u0131lgan ve Hassas Dengelerle Var Oluyor"}]},{"@type":"WebSite","@id":"https:\/\/www.istanbulberlin.com\/#website","url":"https:\/\/www.istanbulberlin.com\/","name":"istanbulberlin","description":"kar\u015f\u0131la\u015fmalar i\u00e7in bir alan . a space for encounters","publisher":{"@id":"https:\/\/www.istanbulberlin.com\/#organization"},"potentialAction":[{"@type":"SearchAction","target":{"@type":"EntryPoint","urlTemplate":"https:\/\/www.istanbulberlin.com\/?s={search_term_string}"},"query-input":{"@type":"PropertyValueSpecification","valueRequired":true,"valueName":"search_term_string"}}],"inLanguage":"en-US"},{"@type":"Organization","@id":"https:\/\/www.istanbulberlin.com\/#organization","name":"istanbulberlin","url":"https:\/\/www.istanbulberlin.com\/","logo":{"@type":"ImageObject","inLanguage":"en-US","@id":"https:\/\/www.istanbulberlin.com\/#\/schema\/logo\/image\/","url":"https:\/\/www.istanbulberlin.com\/wp-content\/uploads\/2020\/05\/logo_c_big.png","contentUrl":"https:\/\/www.istanbulberlin.com\/wp-content\/uploads\/2020\/05\/logo_c_big.png","width":1010,"height":125,"caption":"istanbulberlin"},"image":{"@id":"https:\/\/www.istanbulberlin.com\/#\/schema\/logo\/image\/"}},{"@type":"Person","@id":"https:\/\/www.istanbulberlin.com\/#\/schema\/person\/1daa4de5f72c22093adde153bda4c7f2","name":"Sedef Ilgic","url":false}]}},"_links":{"self":[{"href":"https:\/\/www.istanbulberlin.com\/en-de\/wp-json\/wp\/v2\/posts\/1585","targetHints":{"allow":["GET"]}}],"collection":[{"href":"https:\/\/www.istanbulberlin.com\/en-de\/wp-json\/wp\/v2\/posts"}],"about":[{"href":"https:\/\/www.istanbulberlin.com\/en-de\/wp-json\/wp\/v2\/types\/post"}],"author":[{"embeddable":true,"href":"https:\/\/www.istanbulberlin.com\/en-de\/wp-json\/wp\/v2\/users\/2"}],"replies":[{"embeddable":true,"href":"https:\/\/www.istanbulberlin.com\/en-de\/wp-json\/wp\/v2\/comments?post=1585"}],"version-history":[{"count":10,"href":"https:\/\/www.istanbulberlin.com\/en-de\/wp-json\/wp\/v2\/posts\/1585\/revisions"}],"predecessor-version":[{"id":1655,"href":"https:\/\/www.istanbulberlin.com\/en-de\/wp-json\/wp\/v2\/posts\/1585\/revisions\/1655"}],"wp:featuredmedia":[{"embeddable":true,"href":"https:\/\/www.istanbulberlin.com\/en-de\/wp-json\/wp\/v2\/media\/1589"}],"wp:attachment":[{"href":"https:\/\/www.istanbulberlin.com\/en-de\/wp-json\/wp\/v2\/media?parent=1585"}],"wp:term":[{"taxonomy":"category","embeddable":true,"href":"https:\/\/www.istanbulberlin.com\/en-de\/wp-json\/wp\/v2\/categories?post=1585"},{"taxonomy":"post_tag","embeddable":true,"href":"https:\/\/www.istanbulberlin.com\/en-de\/wp-json\/wp\/v2\/tags?post=1585"}],"curies":[{"name":"wp","href":"https:\/\/api.w.org\/{rel}","templated":true}]}}