{"id":1604,"date":"2020-06-09T16:37:02","date_gmt":"2020-06-09T13:37:02","guid":{"rendered":"https:\/\/www.istanbulberlin.com\/?p=1604"},"modified":"2020-06-09T16:39:19","modified_gmt":"2020-06-09T13:39:19","slug":"zamanin-icinden-covid-19-teresa-praauer","status":"publish","type":"post","link":"https:\/\/www.istanbulberlin.com\/en-de\/zamanin-icinden-covid-19-teresa-praauer\/","title":{"rendered":"Teresa Pr\u00e4auer: Writing Builds a Home, but You Still Need a House"},"content":{"rendered":"<p>For the first time in Months, last weekend there was not a curfew in Istanbul. In these days of so called \"new normal\", Vienna based writer <a target=\"_blank\" href=\"https:\/\/www.wallstein-verlag.de\/autoren\/teresa-praeauer.html\">Teresa Pr\u00e4auer<\/a>, joined conversation on the effect of COVID-19, answering my updated questions.<\/p>\n<p>Cover Photo Courtesy: Thomas Langdon<\/p>\n<div id=\"attachment_1607\" style=\"width: 2570px\" class=\"wp-caption aligncenter\"><img loading=\"lazy\" decoding=\"async\" aria-describedby=\"caption-attachment-1607\" class=\"wp-image-1607 size-full\" src=\"https:\/\/www.istanbulberlin.com\/wp-content\/uploads\/2020\/06\/ib-zamanin-icinden-COVID19-Teresa-scaled.jpg\" alt=\"\" width=\"2560\" height=\"1707\" srcset=\"https:\/\/www.istanbulberlin.com\/wp-content\/uploads\/2020\/06\/ib-zamanin-icinden-COVID19-Teresa-scaled.jpg 2560w, https:\/\/www.istanbulberlin.com\/wp-content\/uploads\/2020\/06\/ib-zamanin-icinden-COVID19-Teresa-300x200.jpg 300w, https:\/\/www.istanbulberlin.com\/wp-content\/uploads\/2020\/06\/ib-zamanin-icinden-COVID19-Teresa-1024x683.jpg 1024w, https:\/\/www.istanbulberlin.com\/wp-content\/uploads\/2020\/06\/ib-zamanin-icinden-COVID19-Teresa-768x512.jpg 768w, https:\/\/www.istanbulberlin.com\/wp-content\/uploads\/2020\/06\/ib-zamanin-icinden-COVID19-Teresa-1536x1024.jpg 1536w, https:\/\/www.istanbulberlin.com\/wp-content\/uploads\/2020\/06\/ib-zamanin-icinden-COVID19-Teresa-2048x1365.jpg 2048w, https:\/\/www.istanbulberlin.com\/wp-content\/uploads\/2020\/06\/ib-zamanin-icinden-COVID19-Teresa-18x13.jpg 18w\" sizes=\"auto, (max-width: 2560px) 100vw, 2560px\" \/><p id=\"caption-attachment-1607\" class=\"wp-caption-text\">Copyright \u00a9 Thomas Langdon<\/p><\/div>\n<h5 class=\"p1\">GENERATIONS LATER, WHEN A YOUNG PERSON ASKS HOW YOU SURVIVED CORONAVIRUS, HOW MIGHT YOU RESPOND?<\/h5>\n<p class=\"p1\">If a close (and young) friend and colleague of mine would not have been suffering badly from the virus, maybe I would have felt safe during the weeks. But his illness was very bad, so I was nervous about it concerning him and also concerning my life or the life of friends and family.<\/p>\n<p class=\"p1\">I felt quite sad thinking of the future. This changed now that life is more vivid again, we can move and visit friends again.<\/p>\n<p class=\"p1\">My sister was pregnant during this period of time, my nephew was born at the end of May. A second rise of infections in autumn or next year would really depress me. In the same time \u2014as a writer\u2014 I am used to work at home and on my own.\u00a0<\/p>\n<h5>ANY BOOK TRENDS FOR THE \"NEW NORMAL\"?<\/h5>\n<p class=\"p1\">Dystopia in literature is over. Too real. Maybe books on home gardening, survival training in quarantaine, books on the sense of life, a lot of easy read.<\/p>\n<blockquote>\n<p class=\"p1\">I hope the corona virus itself will not be part of all the novels published next autumn and spring. I am so fed up with the topic.<\/p>\n<\/blockquote>\n<h5 class=\"p1\">A PROJECT YOU ENJOYED DURING PANDEMIC?<\/h5>\n<p class=\"p1\">I very much enjoyed the rehearsals of a play of the <a target=\"_blank\" href=\"https:\/\/www.residenztheater.de\/\">RESIDENZTHEATER<\/a>in Munich. Four guys were <a target=\"_blank\" href=\"https:\/\/www.youtube.com\/watch?v=WzeUD1fUT_s\">having zoom conferences and chats<\/a> on how to continue working on the play without being able to put it on stage. Was so funny and true as well. And not random in its approach.\u00a0<\/p>\n<h5 class=\"p1\">EXTRA: The idea of home has changed dramatically after refugee crisis and now this global pandemic. What do you think about this idea of \"the writer building her\/his house in writing\"?<\/h5>\n<p class=\"p1\">Writing builds a home. But you still need a house to be protected from the rain.\u00a0<\/p>\n<div id=\"attachment_1610\" style=\"width: 793px\" class=\"wp-caption aligncenter\"><img loading=\"lazy\" decoding=\"async\" aria-describedby=\"caption-attachment-1610\" class=\"wp-image-1610 size-full\" src=\"https:\/\/www.istanbulberlin.com\/wp-content\/uploads\/2020\/06\/ib-covid-19-teresa.jpg\" alt=\"\" width=\"783\" height=\"419\" srcset=\"https:\/\/www.istanbulberlin.com\/wp-content\/uploads\/2020\/06\/ib-covid-19-teresa.jpg 783w, https:\/\/www.istanbulberlin.com\/wp-content\/uploads\/2020\/06\/ib-covid-19-teresa-300x161.jpg 300w, https:\/\/www.istanbulberlin.com\/wp-content\/uploads\/2020\/06\/ib-covid-19-teresa-768x411.jpg 768w, https:\/\/www.istanbulberlin.com\/wp-content\/uploads\/2020\/06\/ib-covid-19-teresa-20x10.jpg 20w, https:\/\/www.istanbulberlin.com\/wp-content\/uploads\/2020\/06\/ib-covid-19-teresa-30x17.jpg 30w, https:\/\/www.istanbulberlin.com\/wp-content\/uploads\/2020\/06\/ib-covid-19-teresa-75x40.jpg 75w\" sizes=\"auto, (max-width: 783px) 100vw, 783px\" \/><p id=\"caption-attachment-1610\" class=\"wp-caption-text\">The most recent book of Teresa Pr\u00e4auer, \u201eTier werden\u201d (Becoming Animal) is a look into the blurring edges of human and animals in art and myth. It is me holding the book, after she gave it as a gift to me in Vienna, I cannot think of a more beautiful cover.<\/p><\/div>","protected":false},"excerpt":{"rendered":"<p>Aylar sonra ilk defa, ge\u00e7ti\u011fimiz hafta sonu, \u0130stanbul&#8217;da soka\u011fa \u00e7\u0131kmak yasak de\u011fildi. &#8220;Yeni normal&#8221; diye an\u0131lan s\u00fcrece girdi\u011fimiz g\u00fcnlerde, Viyana&#8217;da ya\u015fayan yazar Teresa Pr\u00e4auer, koronavir\u00fcs\u00fcn etkileri \u00fczerine yeni sorularla s\u00fcrd\u00fcrd\u00fc\u011f\u00fcm soru\u015fturmama kat\u0131ld\u0131. Kapak g\u00f6rseli Copyright \u00a9 Thomas Langdon KU\u015eAKLAR SONRA, KORONAV\u0130R\u00dcS SALGININDAN NASIL SA\u011e \u00c7IKTI\u011eINI SORAN GEN\u00c7 B\u0130R\u0130NE NE CEVAP\u00a0VER\u0130RD\u0130N? Vir\u00fcs, gen\u00e7 bir yak\u0131n arkada\u015f ve meslekta\u015f\u0131ma \u00e7ok ac\u0131 \u00e7ektirmeseydi, belki de bu zaman s\u00fcresince kendimi g\u00fcvende hissedebilirdim. Ancak hastal\u0131\u011f\u0131 \u00e7ok k\u00f6t\u00fc seyretti ve onu, kendi hayat\u0131m\u0131, aile ve arkada\u015flar\u0131m\u0131 d\u00fc\u015f\u00fcnmek beni endi\u015felendiriyordu. Gelece\u011fi d\u00fc\u015f\u00fcnmek biraz h\u00fcz\u00fcn veriyordu. \u015eimdi hayat biraz daha canl\u0131, yeniden arkada\u015flar\u0131m\u0131z\u0131 ziyaret edebiliyoruz, devam ediyoruz. K\u0131z [&hellip;]<\/p>","protected":false},"author":2,"featured_media":1605,"comment_status":"open","ping_status":"open","sticky":false,"template":"","format":"standard","meta":{"footnotes":""},"categories":[115,4],"tags":[207,327,104,326,325,203,100,323,324,123],"class_list":["post-1604","post","type-post","status-publish","format-standard","has-post-thumbnail","hentry","category-covid-19","category-zamanin-icinden","tag-covid-19","tag-distopya","tag-edebiyat","tag-munih","tag-residenztheater","tag-salgin","tag-sorusturma","tag-teresa-praauer","tag-tier-werden","tag-yazar"],"yoast_head":"<!-- This site is optimized with the Yoast SEO plugin v26.6 - https:\/\/yoast.com\/wordpress\/plugins\/seo\/ -->\n<title>Teresa Pr\u00e4auer: Yazmak Bir Ev \u0130n\u015fa Etse de, Ba\u015f\u0131n\u0131n \u00dczerine Bir \u00c7at\u0131 Gerek - istanbulberlin<\/title>\n<meta name=\"description\" content=\"&quot;Yeni normal&quot; diye an\u0131lan s\u00fcrece girdi\u011fimiz g\u00fcnlerde Viyana&#039;da ya\u015fayan yazar Teresa Pr\u00e4auer ile koronavir\u00fcs\u00fcn etkileri \u00fczerine...\" \/>\n<meta name=\"robots\" content=\"index, follow, max-snippet:-1, max-image-preview:large, max-video-preview:-1\" \/>\n<link rel=\"canonical\" href=\"https:\/\/www.istanbulberlin.com\/en-de\/zamanin-icinden-covid-19-teresa-praauer\/\" \/>\n<meta property=\"og:locale\" content=\"en_US\" \/>\n<meta property=\"og:type\" content=\"article\" \/>\n<meta property=\"og:title\" content=\"Teresa Pr\u00e4auer: Yazmak Bir Ev \u0130n\u015fa Etse de, Ba\u015f\u0131n\u0131n \u00dczerine Bir \u00c7at\u0131 Gerek - istanbulberlin\" \/>\n<meta property=\"og:description\" content=\"&quot;Yeni normal&quot; diye an\u0131lan s\u00fcrece girdi\u011fimiz g\u00fcnlerde Viyana&#039;da ya\u015fayan yazar Teresa Pr\u00e4auer ile koronavir\u00fcs\u00fcn etkileri \u00fczerine...\" \/>\n<meta property=\"og:url\" content=\"https:\/\/www.istanbulberlin.com\/en-de\/zamanin-icinden-covid-19-teresa-praauer\/\" \/>\n<meta property=\"og:site_name\" content=\"istanbulberlin\" \/>\n<meta property=\"article:published_time\" content=\"2020-06-09T13:37:02+00:00\" \/>\n<meta property=\"article:modified_time\" content=\"2020-06-09T13:39:19+00:00\" \/>\n<meta property=\"og:image\" content=\"https:\/\/www.istanbulberlin.com\/wp-content\/uploads\/2020\/06\/ib-zi-COVID-19-Teresa-scaled.jpg\" \/>\n\t<meta property=\"og:image:width\" content=\"2560\" \/>\n\t<meta property=\"og:image:height\" content=\"1709\" \/>\n\t<meta property=\"og:image:type\" content=\"image\/jpeg\" \/>\n<meta name=\"author\" content=\"Sedef Ilgic\" \/>\n<meta name=\"twitter:card\" content=\"summary_large_image\" \/>\n<meta name=\"twitter:label1\" content=\"Written by\" \/>\n\t<meta name=\"twitter:data1\" content=\"Sedef Ilgic\" \/>\n\t<meta name=\"twitter:label2\" content=\"Est. reading time\" \/>\n\t<meta name=\"twitter:data2\" content=\"2 minutes\" \/>\n<script type=\"application\/ld+json\" class=\"yoast-schema-graph\">{\"@context\":\"https:\/\/schema.org\",\"@graph\":[{\"@type\":\"Article\",\"@id\":\"https:\/\/www.istanbulberlin.com\/en-de\/zamanin-icinden-covid-19-teresa-praauer\/#article\",\"isPartOf\":{\"@id\":\"https:\/\/www.istanbulberlin.com\/en-de\/zamanin-icinden-covid-19-teresa-praauer\/\"},\"author\":{\"name\":\"Sedef Ilgic\",\"@id\":\"https:\/\/www.istanbulberlin.com\/#\/schema\/person\/1daa4de5f72c22093adde153bda4c7f2\"},\"headline\":\"Teresa Pr\u00e4auer: Yazmak Bir Ev \u0130n\u015fa Etse de, Ba\u015f\u0131n\u0131n \u00dczerine Bir \u00c7at\u0131 Gerek\",\"datePublished\":\"2020-06-09T13:37:02+00:00\",\"dateModified\":\"2020-06-09T13:39:19+00:00\",\"mainEntityOfPage\":{\"@id\":\"https:\/\/www.istanbulberlin.com\/en-de\/zamanin-icinden-covid-19-teresa-praauer\/\"},\"wordCount\":464,\"commentCount\":0,\"publisher\":{\"@id\":\"https:\/\/www.istanbulberlin.com\/#organization\"},\"image\":{\"@id\":\"https:\/\/www.istanbulberlin.com\/en-de\/zamanin-icinden-covid-19-teresa-praauer\/#primaryimage\"},\"thumbnailUrl\":\"https:\/\/www.istanbulberlin.com\/wp-content\/uploads\/2020\/06\/ib-zi-COVID-19-Teresa-scaled.jpg\",\"keywords\":[\"covid-19\",\"Distopya\",\"edebiyat\",\"M\u00fcnih\",\"RESIDENZTHEATER\",\"salg\u0131n\",\"soru\u015fturma\",\"Teresa Pr\u00e4auer\",\"Tier Werden\",\"yazar\"],\"articleSection\":[\"COVID-19\",\"Zaman\u0131n \u0130\u00e7inden\"],\"inLanguage\":\"en-US\",\"potentialAction\":[{\"@type\":\"CommentAction\",\"name\":\"Comment\",\"target\":[\"https:\/\/www.istanbulberlin.com\/en-de\/zamanin-icinden-covid-19-teresa-praauer\/#respond\"]}]},{\"@type\":\"WebPage\",\"@id\":\"https:\/\/www.istanbulberlin.com\/en-de\/zamanin-icinden-covid-19-teresa-praauer\/\",\"url\":\"https:\/\/www.istanbulberlin.com\/en-de\/zamanin-icinden-covid-19-teresa-praauer\/\",\"name\":\"Teresa Pr\u00e4auer: Yazmak Bir Ev \u0130n\u015fa Etse de, Ba\u015f\u0131n\u0131n \u00dczerine Bir \u00c7at\u0131 Gerek - istanbulberlin\",\"isPartOf\":{\"@id\":\"https:\/\/www.istanbulberlin.com\/#website\"},\"primaryImageOfPage\":{\"@id\":\"https:\/\/www.istanbulberlin.com\/en-de\/zamanin-icinden-covid-19-teresa-praauer\/#primaryimage\"},\"image\":{\"@id\":\"https:\/\/www.istanbulberlin.com\/en-de\/zamanin-icinden-covid-19-teresa-praauer\/#primaryimage\"},\"thumbnailUrl\":\"https:\/\/www.istanbulberlin.com\/wp-content\/uploads\/2020\/06\/ib-zi-COVID-19-Teresa-scaled.jpg\",\"datePublished\":\"2020-06-09T13:37:02+00:00\",\"dateModified\":\"2020-06-09T13:39:19+00:00\",\"description\":\"\\\"Yeni normal\\\" diye an\u0131lan s\u00fcrece girdi\u011fimiz g\u00fcnlerde Viyana'da ya\u015fayan yazar Teresa Pr\u00e4auer ile koronavir\u00fcs\u00fcn etkileri \u00fczerine...\",\"breadcrumb\":{\"@id\":\"https:\/\/www.istanbulberlin.com\/en-de\/zamanin-icinden-covid-19-teresa-praauer\/#breadcrumb\"},\"inLanguage\":\"en-US\",\"potentialAction\":[{\"@type\":\"ReadAction\",\"target\":[\"https:\/\/www.istanbulberlin.com\/en-de\/zamanin-icinden-covid-19-teresa-praauer\/\"]}]},{\"@type\":\"ImageObject\",\"inLanguage\":\"en-US\",\"@id\":\"https:\/\/www.istanbulberlin.com\/en-de\/zamanin-icinden-covid-19-teresa-praauer\/#primaryimage\",\"url\":\"https:\/\/www.istanbulberlin.com\/wp-content\/uploads\/2020\/06\/ib-zi-COVID-19-Teresa-scaled.jpg\",\"contentUrl\":\"https:\/\/www.istanbulberlin.com\/wp-content\/uploads\/2020\/06\/ib-zi-COVID-19-Teresa-scaled.jpg\",\"width\":2560,\"height\":1709},{\"@type\":\"BreadcrumbList\",\"@id\":\"https:\/\/www.istanbulberlin.com\/en-de\/zamanin-icinden-covid-19-teresa-praauer\/#breadcrumb\",\"itemListElement\":[{\"@type\":\"ListItem\",\"position\":1,\"name\":\"Home\",\"item\":\"https:\/\/www.istanbulberlin.com\/\"},{\"@type\":\"ListItem\",\"position\":2,\"name\":\"Teresa Pr\u00e4auer: Yazmak Bir Ev \u0130n\u015fa Etse de, Ba\u015f\u0131n\u0131n \u00dczerine Bir \u00c7at\u0131 Gerek\"}]},{\"@type\":\"WebSite\",\"@id\":\"https:\/\/www.istanbulberlin.com\/#website\",\"url\":\"https:\/\/www.istanbulberlin.com\/\",\"name\":\"istanbulberlin\",\"description\":\"kar\u015f\u0131la\u015fmalar i\u00e7in bir alan . a space for encounters\",\"publisher\":{\"@id\":\"https:\/\/www.istanbulberlin.com\/#organization\"},\"potentialAction\":[{\"@type\":\"SearchAction\",\"target\":{\"@type\":\"EntryPoint\",\"urlTemplate\":\"https:\/\/www.istanbulberlin.com\/?s={search_term_string}\"},\"query-input\":{\"@type\":\"PropertyValueSpecification\",\"valueRequired\":true,\"valueName\":\"search_term_string\"}}],\"inLanguage\":\"en-US\"},{\"@type\":\"Organization\",\"@id\":\"https:\/\/www.istanbulberlin.com\/#organization\",\"name\":\"istanbulberlin\",\"url\":\"https:\/\/www.istanbulberlin.com\/\",\"logo\":{\"@type\":\"ImageObject\",\"inLanguage\":\"en-US\",\"@id\":\"https:\/\/www.istanbulberlin.com\/#\/schema\/logo\/image\/\",\"url\":\"https:\/\/www.istanbulberlin.com\/wp-content\/uploads\/2020\/05\/logo_c_big.png\",\"contentUrl\":\"https:\/\/www.istanbulberlin.com\/wp-content\/uploads\/2020\/05\/logo_c_big.png\",\"width\":1010,\"height\":125,\"caption\":\"istanbulberlin\"},\"image\":{\"@id\":\"https:\/\/www.istanbulberlin.com\/#\/schema\/logo\/image\/\"}},{\"@type\":\"Person\",\"@id\":\"https:\/\/www.istanbulberlin.com\/#\/schema\/person\/1daa4de5f72c22093adde153bda4c7f2\",\"name\":\"Sedef Ilgic\",\"url\":false}]}<\/script>\n<!-- \/ Yoast SEO plugin. -->","yoast_head_json":{"title":"Teresa Pr\u00e4auer: Yazmak Bir Ev \u0130n\u015fa Etse de, Ba\u015f\u0131n\u0131n \u00dczerine Bir \u00c7at\u0131 Gerek - istanbulberlin","description":"\"Yeni normal\" diye an\u0131lan s\u00fcrece girdi\u011fimiz g\u00fcnlerde Viyana'da ya\u015fayan yazar Teresa Pr\u00e4auer ile koronavir\u00fcs\u00fcn etkileri \u00fczerine...","robots":{"index":"index","follow":"follow","max-snippet":"max-snippet:-1","max-image-preview":"max-image-preview:large","max-video-preview":"max-video-preview:-1"},"canonical":"https:\/\/www.istanbulberlin.com\/en-de\/zamanin-icinden-covid-19-teresa-praauer\/","og_locale":"en_US","og_type":"article","og_title":"Teresa Pr\u00e4auer: Yazmak Bir Ev \u0130n\u015fa Etse de, Ba\u015f\u0131n\u0131n \u00dczerine Bir \u00c7at\u0131 Gerek - istanbulberlin","og_description":"\"Yeni normal\" diye an\u0131lan s\u00fcrece girdi\u011fimiz g\u00fcnlerde Viyana'da ya\u015fayan yazar Teresa Pr\u00e4auer ile koronavir\u00fcs\u00fcn etkileri \u00fczerine...","og_url":"https:\/\/www.istanbulberlin.com\/en-de\/zamanin-icinden-covid-19-teresa-praauer\/","og_site_name":"istanbulberlin","article_published_time":"2020-06-09T13:37:02+00:00","article_modified_time":"2020-06-09T13:39:19+00:00","og_image":[{"width":2560,"height":1709,"url":"https:\/\/www.istanbulberlin.com\/wp-content\/uploads\/2020\/06\/ib-zi-COVID-19-Teresa-scaled.jpg","type":"image\/jpeg"}],"author":"Sedef Ilgic","twitter_card":"summary_large_image","twitter_misc":{"Written by":"Sedef Ilgic","Est. reading time":"2 minutes"},"schema":{"@context":"https:\/\/schema.org","@graph":[{"@type":"Article","@id":"https:\/\/www.istanbulberlin.com\/en-de\/zamanin-icinden-covid-19-teresa-praauer\/#article","isPartOf":{"@id":"https:\/\/www.istanbulberlin.com\/en-de\/zamanin-icinden-covid-19-teresa-praauer\/"},"author":{"name":"Sedef Ilgic","@id":"https:\/\/www.istanbulberlin.com\/#\/schema\/person\/1daa4de5f72c22093adde153bda4c7f2"},"headline":"Teresa Pr\u00e4auer: Yazmak Bir Ev \u0130n\u015fa Etse de, Ba\u015f\u0131n\u0131n \u00dczerine Bir \u00c7at\u0131 Gerek","datePublished":"2020-06-09T13:37:02+00:00","dateModified":"2020-06-09T13:39:19+00:00","mainEntityOfPage":{"@id":"https:\/\/www.istanbulberlin.com\/en-de\/zamanin-icinden-covid-19-teresa-praauer\/"},"wordCount":464,"commentCount":0,"publisher":{"@id":"https:\/\/www.istanbulberlin.com\/#organization"},"image":{"@id":"https:\/\/www.istanbulberlin.com\/en-de\/zamanin-icinden-covid-19-teresa-praauer\/#primaryimage"},"thumbnailUrl":"https:\/\/www.istanbulberlin.com\/wp-content\/uploads\/2020\/06\/ib-zi-COVID-19-Teresa-scaled.jpg","keywords":["covid-19","Distopya","edebiyat","M\u00fcnih","RESIDENZTHEATER","salg\u0131n","soru\u015fturma","Teresa Pr\u00e4auer","Tier Werden","yazar"],"articleSection":["COVID-19","Zaman\u0131n \u0130\u00e7inden"],"inLanguage":"en-US","potentialAction":[{"@type":"CommentAction","name":"Comment","target":["https:\/\/www.istanbulberlin.com\/en-de\/zamanin-icinden-covid-19-teresa-praauer\/#respond"]}]},{"@type":"WebPage","@id":"https:\/\/www.istanbulberlin.com\/en-de\/zamanin-icinden-covid-19-teresa-praauer\/","url":"https:\/\/www.istanbulberlin.com\/en-de\/zamanin-icinden-covid-19-teresa-praauer\/","name":"Teresa Pr\u00e4auer: Yazmak Bir Ev \u0130n\u015fa Etse de, Ba\u015f\u0131n\u0131n \u00dczerine Bir \u00c7at\u0131 Gerek - istanbulberlin","isPartOf":{"@id":"https:\/\/www.istanbulberlin.com\/#website"},"primaryImageOfPage":{"@id":"https:\/\/www.istanbulberlin.com\/en-de\/zamanin-icinden-covid-19-teresa-praauer\/#primaryimage"},"image":{"@id":"https:\/\/www.istanbulberlin.com\/en-de\/zamanin-icinden-covid-19-teresa-praauer\/#primaryimage"},"thumbnailUrl":"https:\/\/www.istanbulberlin.com\/wp-content\/uploads\/2020\/06\/ib-zi-COVID-19-Teresa-scaled.jpg","datePublished":"2020-06-09T13:37:02+00:00","dateModified":"2020-06-09T13:39:19+00:00","description":"\"Yeni normal\" diye an\u0131lan s\u00fcrece girdi\u011fimiz g\u00fcnlerde Viyana'da ya\u015fayan yazar Teresa Pr\u00e4auer ile koronavir\u00fcs\u00fcn etkileri \u00fczerine...","breadcrumb":{"@id":"https:\/\/www.istanbulberlin.com\/en-de\/zamanin-icinden-covid-19-teresa-praauer\/#breadcrumb"},"inLanguage":"en-US","potentialAction":[{"@type":"ReadAction","target":["https:\/\/www.istanbulberlin.com\/en-de\/zamanin-icinden-covid-19-teresa-praauer\/"]}]},{"@type":"ImageObject","inLanguage":"en-US","@id":"https:\/\/www.istanbulberlin.com\/en-de\/zamanin-icinden-covid-19-teresa-praauer\/#primaryimage","url":"https:\/\/www.istanbulberlin.com\/wp-content\/uploads\/2020\/06\/ib-zi-COVID-19-Teresa-scaled.jpg","contentUrl":"https:\/\/www.istanbulberlin.com\/wp-content\/uploads\/2020\/06\/ib-zi-COVID-19-Teresa-scaled.jpg","width":2560,"height":1709},{"@type":"BreadcrumbList","@id":"https:\/\/www.istanbulberlin.com\/en-de\/zamanin-icinden-covid-19-teresa-praauer\/#breadcrumb","itemListElement":[{"@type":"ListItem","position":1,"name":"Home","item":"https:\/\/www.istanbulberlin.com\/"},{"@type":"ListItem","position":2,"name":"Teresa Pr\u00e4auer: Yazmak Bir Ev \u0130n\u015fa Etse de, Ba\u015f\u0131n\u0131n \u00dczerine Bir \u00c7at\u0131 Gerek"}]},{"@type":"WebSite","@id":"https:\/\/www.istanbulberlin.com\/#website","url":"https:\/\/www.istanbulberlin.com\/","name":"istanbulberlin","description":"kar\u015f\u0131la\u015fmalar i\u00e7in bir alan . a space for encounters","publisher":{"@id":"https:\/\/www.istanbulberlin.com\/#organization"},"potentialAction":[{"@type":"SearchAction","target":{"@type":"EntryPoint","urlTemplate":"https:\/\/www.istanbulberlin.com\/?s={search_term_string}"},"query-input":{"@type":"PropertyValueSpecification","valueRequired":true,"valueName":"search_term_string"}}],"inLanguage":"en-US"},{"@type":"Organization","@id":"https:\/\/www.istanbulberlin.com\/#organization","name":"istanbulberlin","url":"https:\/\/www.istanbulberlin.com\/","logo":{"@type":"ImageObject","inLanguage":"en-US","@id":"https:\/\/www.istanbulberlin.com\/#\/schema\/logo\/image\/","url":"https:\/\/www.istanbulberlin.com\/wp-content\/uploads\/2020\/05\/logo_c_big.png","contentUrl":"https:\/\/www.istanbulberlin.com\/wp-content\/uploads\/2020\/05\/logo_c_big.png","width":1010,"height":125,"caption":"istanbulberlin"},"image":{"@id":"https:\/\/www.istanbulberlin.com\/#\/schema\/logo\/image\/"}},{"@type":"Person","@id":"https:\/\/www.istanbulberlin.com\/#\/schema\/person\/1daa4de5f72c22093adde153bda4c7f2","name":"Sedef Ilgic","url":false}]}},"_links":{"self":[{"href":"https:\/\/www.istanbulberlin.com\/en-de\/wp-json\/wp\/v2\/posts\/1604","targetHints":{"allow":["GET"]}}],"collection":[{"href":"https:\/\/www.istanbulberlin.com\/en-de\/wp-json\/wp\/v2\/posts"}],"about":[{"href":"https:\/\/www.istanbulberlin.com\/en-de\/wp-json\/wp\/v2\/types\/post"}],"author":[{"embeddable":true,"href":"https:\/\/www.istanbulberlin.com\/en-de\/wp-json\/wp\/v2\/users\/2"}],"replies":[{"embeddable":true,"href":"https:\/\/www.istanbulberlin.com\/en-de\/wp-json\/wp\/v2\/comments?post=1604"}],"version-history":[{"count":12,"href":"https:\/\/www.istanbulberlin.com\/en-de\/wp-json\/wp\/v2\/posts\/1604\/revisions"}],"predecessor-version":[{"id":1620,"href":"https:\/\/www.istanbulberlin.com\/en-de\/wp-json\/wp\/v2\/posts\/1604\/revisions\/1620"}],"wp:featuredmedia":[{"embeddable":true,"href":"https:\/\/www.istanbulberlin.com\/en-de\/wp-json\/wp\/v2\/media\/1605"}],"wp:attachment":[{"href":"https:\/\/www.istanbulberlin.com\/en-de\/wp-json\/wp\/v2\/media?parent=1604"}],"wp:term":[{"taxonomy":"category","embeddable":true,"href":"https:\/\/www.istanbulberlin.com\/en-de\/wp-json\/wp\/v2\/categories?post=1604"},{"taxonomy":"post_tag","embeddable":true,"href":"https:\/\/www.istanbulberlin.com\/en-de\/wp-json\/wp\/v2\/tags?post=1604"}],"curies":[{"name":"wp","href":"https:\/\/api.w.org\/{rel}","templated":true}]}}