{"id":1682,"date":"2020-06-30T08:00:52","date_gmt":"2020-06-30T05:00:52","guid":{"rendered":"https:\/\/www.istanbulberlin.com\/?p=1682"},"modified":"2020-06-30T10:45:45","modified_gmt":"2020-06-30T07:45:45","slug":"zamanin-icinden-ev-haydar-ergulen","status":"publish","type":"post","link":"https:\/\/www.istanbulberlin.com\/en-de\/zamanin-icinden-ev-haydar-ergulen\/","title":{"rendered":"Haydar Erg\u00fclen: He is Home, Even When He is Out, His Home is in Poetry"},"content":{"rendered":"<p>An important agent of contemporary Turkish poetry, poet and author Haydar Erg\u00fclen joined conversation on his notion of home. Right before his answers, I am pleased to share the first of \"Two Long Poems\" with his permission:<\/p>\n<blockquote>\n<p class=\"p1\">TYKE<\/p>\n<p class=\"p1\">A house barks in the dog<\/p>\n<p class=\"p1\">noone to open its door!<\/p>\n<\/blockquote>\n<p class=\"p1\">Cover Photo: Mahmut Turgut<\/p>\n<h6 class=\"p1\"><img loading=\"lazy\" decoding=\"async\" class=\"size-full wp-image-1688 alignleft\" src=\"https:\/\/www.istanbulberlin.com\/wp-content\/uploads\/2020\/06\/Big.jpeg\" alt=\"\" width=\"320\" height=\"461\" srcset=\"https:\/\/www.istanbulberlin.com\/wp-content\/uploads\/2020\/06\/Big.jpeg 320w, https:\/\/www.istanbulberlin.com\/wp-content\/uploads\/2020\/06\/Big-208x300.jpeg 208w\" sizes=\"auto, (max-width: 320px) 100vw, 320px\" \/>In German there is a relationship between the words Heim (Home) - Heimat (Homeland) \u2013 Geheim (Secret) \u2013 Unheimlich (Heimlich: Hidden \u2013 Unheimlich: Uncanny). What kind of a relationship do you correlate between these words?<\/h6>\n<p class=\"p1\">There is a verse by <a target=\"_blank\" href=\"http:\/\/kitap.ykykultur.com.tr\/yazarlar\/sami-baydar\">Sami Baydar<\/a>\" inside of the house is full of traps\". As if Sami constructed this verse looking at these German words.<\/p>\n<p class=\"p1\">Home is both homeland, and with its secrecy and mystery the darkness of the center of uncanny. This is home.<\/p>\n<p class=\"p1\"><a target=\"_blank\" href=\"https:\/\/en.wikipedia.org\/wiki\/Forough_Farrokhzad\">Forough Farrokhzad's<\/a> short film is also alike, \"<a target=\"_blank\" href=\"https:\/\/www.imdb.com\/title\/tt0336693\/\">The House is Black<\/a>\". This image is beyond the will of the sick, the poet or the one that is gone, to \"return home\".<\/p>\n<p><img loading=\"lazy\" decoding=\"async\" class=\"size-full wp-image-1698 aligncenter\" src=\"https:\/\/www.istanbulberlin.com\/wp-content\/uploads\/2020\/06\/ib-zamanin-icinden-ev-haydar-ergulen-cvr.jpg\" alt=\"\" width=\"834\" height=\"1200\" srcset=\"https:\/\/www.istanbulberlin.com\/wp-content\/uploads\/2020\/06\/ib-zamanin-icinden-ev-haydar-ergulen-cvr.jpg 834w, https:\/\/www.istanbulberlin.com\/wp-content\/uploads\/2020\/06\/ib-zamanin-icinden-ev-haydar-ergulen-cvr-209x300.jpg 209w, https:\/\/www.istanbulberlin.com\/wp-content\/uploads\/2020\/06\/ib-zamanin-icinden-ev-haydar-ergulen-cvr-712x1024.jpg 712w, https:\/\/www.istanbulberlin.com\/wp-content\/uploads\/2020\/06\/ib-zamanin-icinden-ev-haydar-ergulen-cvr-768x1105.jpg 768w\" sizes=\"auto, (max-width: 834px) 100vw, 834px\" \/><\/p>\n<h6 class=\"p1\">2. In Poetics of Space, Gaston Bachelard uses house as a tool to analyse the human soul. Because \u201cOur soul is an abode. And by remembering \u2018houses\u2019 and \u2018rooms,\u2019 we learn to \u2018abide\u2019 within ourselves.\u201d What do you think about this analogy between house and \u00a0body? Or what is the imaginative width of \u201chouse\u201d for you?<\/h6>\n<p class=\"p1\">I am interconnected with home since poetry, childhood, mother, brotherhood and Nar (Pomegranate). To changing homes.<\/p>\n<p class=\"p1\">This home is sometimes Eski\u015fehir, that is also the homeland of my childhood; sometimes Ankara, \"the big house\" of my youth and sometimes where I feel my soul could set a home up like Granada, Sarajevo, Napoli ,\"old houses\" that I reach in the end.<\/p>\n<p><img loading=\"lazy\" decoding=\"async\" class=\"size-full wp-image-1689 alignright\" src=\"https:\/\/www.istanbulberlin.com\/wp-content\/uploads\/2020\/06\/4-2.jpeg\" alt=\"\" width=\"320\" height=\"462\" srcset=\"https:\/\/www.istanbulberlin.com\/wp-content\/uploads\/2020\/06\/4-2.jpeg 320w, https:\/\/www.istanbulberlin.com\/wp-content\/uploads\/2020\/06\/4-2-208x300.jpeg 208w\" sizes=\"auto, (max-width: 320px) 100vw, 320px\" \/><\/p>\n<h6 class=\"p1\">3. How do you think has refugee crisis and the global pandemic that we are living through changed\/has been changing the concepts of home, ground and homeland?<\/h6>\n<blockquote>\n<p class=\"p1\">The World Will Be Less Bearable.* I think that the virus and the epidemics to come will make the world less bearable for immigrants, poor people and who non-Westerns.\n\n* Dar means homeland in Arabic and narrow in Turkish. Erg\u00fclen plays with the word, saying the world \"daha da dar olacak\" meaning it will be less bearable.<\/p>\n<\/blockquote>\n<p class=\"p1\">Class paradox continues changing shape and name, in disguise, getting sharpened and more violently. Unfortunately I believe both the ones at home and the homeless, together with the immigrants get the most severe face of it.<\/p>\n<h6 class=\"p1\">EXTRA: Does poet build her\/his home in poetry?<\/h6>\n<p class=\"p1\"><a target=\"_blank\" href=\"https:\/\/en.wikipedia.org\/wiki\/Beh%C3%A7et_Necatigil\">Beh\u00e7et Necatigil<\/a>we can say a poet builds his home in poetry.<\/p>\n<blockquote>\n<p class=\"p1\">O, Kabata\u015f Lisesi\u2019nde Almanca \u00f6\u011fretirken de, elinde filesiyle Be\u015fikta\u015f Pazar\u0131\u2019ndan \u00e7\u0131karken de, \u00c7ar\u015f\u0131 i\u00e7indeki meyhaneye u\u011fray\u0131p iki tek atarken de, neden s\u00f6ylememeli, evini bir kaplumba\u011fa gibi s\u0131rt\u0131nda gezdiren adamd\u0131r.<\/p>\n<p class=\"p1\">He is at home even when he is out because his home is in poetry.<\/p>\n<\/blockquote>\n<div id=\"attachment_1700\" style=\"width: 286px\" class=\"wp-caption alignleft\"><img loading=\"lazy\" decoding=\"async\" aria-describedby=\"caption-attachment-1700\" class=\"wp-image-1700 size-full\" src=\"https:\/\/www.istanbulberlin.com\/wp-content\/uploads\/2020\/06\/cvr.jpg\" alt=\"\" width=\"276\" height=\"400\" srcset=\"https:\/\/www.istanbulberlin.com\/wp-content\/uploads\/2020\/06\/cvr.jpg 276w, https:\/\/www.istanbulberlin.com\/wp-content\/uploads\/2020\/06\/cvr-207x300.jpg 207w\" sizes=\"auto, (max-width: 276px) 100vw, 276px\" \/><p id=\"caption-attachment-1700\" class=\"wp-caption-text\">Haydar Erg\u00fclen&#8217;in G\u00fclten Ak\u0131n ve Beh\u00e7et Necatigil \u00fczerine yazd\u0131klar\u0131n\u0131 bir kitapta topland\u0131.<\/p><\/div>\n<h6 class=\"p1\">EXTRA.2: What is the movement \"Poetry on Street\" and why do you support it?<\/h6>\n<blockquote>\n<p class=\"p1\">\"Poetry on Street\"<b> <\/b>started with Gezi Protests. I like and support everything that came out from Gezi.<\/p>\n<\/blockquote>\n<p class=\"p1\">I am not elitist. Poetry is always popular in Turkey, even it is not much read! Everyone has some favorite poets to their spirits. \"Poetry on Street\" did not become a movement but continues as a feeling. It ensures poetry to be read and shared everywhere.<\/p>\n<h6 class=\"p1\">EXTRA.3: If you were to spend lockdown with three authors or poets in a house, who would they be? (Contemporary or from the past.) And why?<\/h6>\n<p class=\"p1\">Federico Garc\u00eda Lorca, Roberto Bola\u00f1o, Sait Faik\u2026 \u015een, \u015fa\u015f\u0131rt\u0131c\u0131 ve su gibi yazan \u00fc\u00e7 isim.<\/p>","protected":false},"excerpt":{"rendered":"<p>\u00c7a\u011fda\u015f T\u00fcrk\u00e7e \u015fiirin \u00f6nemli temsilcilerinden, \u015fair ve yazar Haydar Erg\u00fclen, ev hakk\u0131ndaki soru\u015fturmama kat\u0131ld\u0131. Kendisinin izniyle &#8220;\u0130ki Uzun \u015eiir&#8221;inden ilkini de buraya b\u0131rak\u0131yorum: \u0130T K\u00f6pe\u011fin i\u00e7inde bir ev havl\u0131yor kap\u0131s\u0131n\u0131 a\u00e7an yok! Kapak Foto\u011fraf\u0131: Mahmut Turgut 1. Almancada bu kelimeler aras\u0131nda bir ili\u015fki var: Heim (Ev), Heimat (Yurt) &#8211; Geheim (S\u0131r) \u2013 Unheimlich (Heimlich: Gizli &#8211; Unheimlich: Tekinsiz). Onlar aras\u0131nda siz nas\u0131l bir ili\u015fki kuruyorsunuz? Hep and\u0131\u011f\u0131m bir dizesi var Sami Baydar\u2019\u0131n, \u201cevin i\u00e7i tuzaklarla doludur\u201d. Sanki Sami, Almanca s\u00f6zc\u00fcklere bakarak kurmu\u015f bu dizeyi. Evin hem yurt hem s\u0131r hem de gizli olma h\u00e2li, ve tekinsiz olu\u015fun karanl\u0131\u011f\u0131. Ev budur. [&hellip;]<\/p>","protected":false},"author":2,"featured_media":1683,"comment_status":"open","ping_status":"open","sticky":false,"template":"","format":"standard","meta":{"footnotes":""},"categories":[310,4],"tags":[359,320,361,360,315,358,357,364,365,367,363,369,362,366,368],"class_list":["post-1682","post","type-post","status-publish","format-standard","has-post-thumbnail","hentry","category-ev","category-zamanin-icinden","tag-behcet-necatigil","tag-ev","tag-forough-farrokhzad","tag-furug-ferruhzad","tag-gaston-bachelard","tag-gulten-akin","tag-haydar-ergulen","tag-poem","tag-poetry","tag-poetry-on-street","tag-sair","tag-sami-baydar","tag-siir","tag-siir-sokakta","tag-the-house-is-black"],"yoast_head":"<!-- This site is optimized with the Yoast SEO plugin v26.6 - https:\/\/yoast.com\/wordpress\/plugins\/seo\/ -->\n<title>Haydar Erg\u00fclen: &quot;Evin D\u0131\u015f\u0131ndayken de Evdedir \u00c7\u00fcnk\u00fc Evi \u015eiirdedir&quot; - istanbulberlin<\/title>\n<meta name=\"description\" content=\"\u00c7a\u011fda\u015f T\u00fcrk\u00e7e \u015fiirin \u00f6nemli temsilcilerinden, \u015fair ve yazar Haydar Erg\u00fclen, ev hakk\u0131ndaki soru\u015fturmama kat\u0131ld\u0131. &quot;\u0130ki Uzun \u015eiir&quot;inden ilkini de payla\u015f\u0131yorum.\" \/>\n<meta name=\"robots\" content=\"index, follow, max-snippet:-1, max-image-preview:large, max-video-preview:-1\" \/>\n<link rel=\"canonical\" href=\"https:\/\/www.istanbulberlin.com\/en-de\/zamanin-icinden-ev-haydar-ergulen\/\" \/>\n<meta property=\"og:locale\" content=\"en_US\" \/>\n<meta property=\"og:type\" content=\"article\" \/>\n<meta property=\"og:title\" content=\"Haydar Erg\u00fclen: &quot;Evin D\u0131\u015f\u0131ndayken de Evdedir \u00c7\u00fcnk\u00fc Evi \u015eiirdedir&quot; - istanbulberlin\" \/>\n<meta property=\"og:description\" content=\"\u00c7a\u011fda\u015f T\u00fcrk\u00e7e \u015fiirin \u00f6nemli temsilcilerinden, \u015fair ve yazar Haydar Erg\u00fclen, ev hakk\u0131ndaki soru\u015fturmama kat\u0131ld\u0131. &quot;\u0130ki Uzun \u015eiir&quot;inden ilkini de payla\u015f\u0131yorum.\" \/>\n<meta property=\"og:url\" content=\"https:\/\/www.istanbulberlin.com\/en-de\/zamanin-icinden-ev-haydar-ergulen\/\" \/>\n<meta property=\"og:site_name\" content=\"istanbulberlin\" \/>\n<meta property=\"article:published_time\" content=\"2020-06-30T05:00:52+00:00\" \/>\n<meta property=\"article:modified_time\" content=\"2020-06-30T07:45:45+00:00\" \/>\n<meta property=\"og:image\" content=\"https:\/\/www.istanbulberlin.com\/wp-content\/uploads\/2020\/06\/09.jpg\" \/>\n\t<meta property=\"og:image:width\" content=\"495\" \/>\n\t<meta property=\"og:image:height\" content=\"606\" \/>\n\t<meta property=\"og:image:type\" content=\"image\/jpeg\" \/>\n<meta name=\"author\" content=\"Sedef Ilgic\" \/>\n<meta name=\"twitter:card\" content=\"summary_large_image\" \/>\n<meta name=\"twitter:label1\" content=\"Written by\" \/>\n\t<meta name=\"twitter:data1\" content=\"Sedef Ilgic\" \/>\n\t<meta name=\"twitter:label2\" content=\"Est. reading time\" \/>\n\t<meta name=\"twitter:data2\" content=\"3 minutes\" \/>\n<script type=\"application\/ld+json\" class=\"yoast-schema-graph\">{\"@context\":\"https:\/\/schema.org\",\"@graph\":[{\"@type\":\"Article\",\"@id\":\"https:\/\/www.istanbulberlin.com\/en-de\/zamanin-icinden-ev-haydar-ergulen\/#article\",\"isPartOf\":{\"@id\":\"https:\/\/www.istanbulberlin.com\/en-de\/zamanin-icinden-ev-haydar-ergulen\/\"},\"author\":{\"name\":\"Sedef Ilgic\",\"@id\":\"https:\/\/www.istanbulberlin.com\/#\/schema\/person\/1daa4de5f72c22093adde153bda4c7f2\"},\"headline\":\"Haydar Erg\u00fclen: &#8220;Evin D\u0131\u015f\u0131ndayken de Evdedir \u00c7\u00fcnk\u00fc Evi \u015eiirdedir&#8221;\",\"datePublished\":\"2020-06-30T05:00:52+00:00\",\"dateModified\":\"2020-06-30T07:45:45+00:00\",\"mainEntityOfPage\":{\"@id\":\"https:\/\/www.istanbulberlin.com\/en-de\/zamanin-icinden-ev-haydar-ergulen\/\"},\"wordCount\":625,\"commentCount\":0,\"publisher\":{\"@id\":\"https:\/\/www.istanbulberlin.com\/#organization\"},\"image\":{\"@id\":\"https:\/\/www.istanbulberlin.com\/en-de\/zamanin-icinden-ev-haydar-ergulen\/#primaryimage\"},\"thumbnailUrl\":\"https:\/\/www.istanbulberlin.com\/wp-content\/uploads\/2020\/06\/09.jpg\",\"keywords\":[\"Beh\u00e7et Necatigil\",\"ev\",\"Forough Farrokhzad\",\"F\u00fcru\u011f Ferruhzad\",\"Gaston Bachelard\",\"G\u00fclten Ak\u0131n\",\"Haydar Erg\u00fclen\",\"poem\",\"poetry\",\"Poetry on Street\",\"\u015fair\",\"Sami Baydar\",\"\u015fiir\",\"\u015eiir Sokakta\",\"The House is Black\"],\"articleSection\":[\"EV\",\"Zaman\u0131n \u0130\u00e7inden\"],\"inLanguage\":\"en-US\",\"potentialAction\":[{\"@type\":\"CommentAction\",\"name\":\"Comment\",\"target\":[\"https:\/\/www.istanbulberlin.com\/en-de\/zamanin-icinden-ev-haydar-ergulen\/#respond\"]}]},{\"@type\":\"WebPage\",\"@id\":\"https:\/\/www.istanbulberlin.com\/en-de\/zamanin-icinden-ev-haydar-ergulen\/\",\"url\":\"https:\/\/www.istanbulberlin.com\/en-de\/zamanin-icinden-ev-haydar-ergulen\/\",\"name\":\"Haydar Erg\u00fclen: \\\"Evin D\u0131\u015f\u0131ndayken de Evdedir \u00c7\u00fcnk\u00fc Evi \u015eiirdedir\\\" - istanbulberlin\",\"isPartOf\":{\"@id\":\"https:\/\/www.istanbulberlin.com\/#website\"},\"primaryImageOfPage\":{\"@id\":\"https:\/\/www.istanbulberlin.com\/en-de\/zamanin-icinden-ev-haydar-ergulen\/#primaryimage\"},\"image\":{\"@id\":\"https:\/\/www.istanbulberlin.com\/en-de\/zamanin-icinden-ev-haydar-ergulen\/#primaryimage\"},\"thumbnailUrl\":\"https:\/\/www.istanbulberlin.com\/wp-content\/uploads\/2020\/06\/09.jpg\",\"datePublished\":\"2020-06-30T05:00:52+00:00\",\"dateModified\":\"2020-06-30T07:45:45+00:00\",\"description\":\"\u00c7a\u011fda\u015f T\u00fcrk\u00e7e \u015fiirin \u00f6nemli temsilcilerinden, \u015fair ve yazar Haydar Erg\u00fclen, ev hakk\u0131ndaki soru\u015fturmama kat\u0131ld\u0131. \\\"\u0130ki Uzun \u015eiir\\\"inden ilkini de payla\u015f\u0131yorum.\",\"breadcrumb\":{\"@id\":\"https:\/\/www.istanbulberlin.com\/en-de\/zamanin-icinden-ev-haydar-ergulen\/#breadcrumb\"},\"inLanguage\":\"en-US\",\"potentialAction\":[{\"@type\":\"ReadAction\",\"target\":[\"https:\/\/www.istanbulberlin.com\/en-de\/zamanin-icinden-ev-haydar-ergulen\/\"]}]},{\"@type\":\"ImageObject\",\"inLanguage\":\"en-US\",\"@id\":\"https:\/\/www.istanbulberlin.com\/en-de\/zamanin-icinden-ev-haydar-ergulen\/#primaryimage\",\"url\":\"https:\/\/www.istanbulberlin.com\/wp-content\/uploads\/2020\/06\/09.jpg\",\"contentUrl\":\"https:\/\/www.istanbulberlin.com\/wp-content\/uploads\/2020\/06\/09.jpg\",\"width\":495,\"height\":606},{\"@type\":\"BreadcrumbList\",\"@id\":\"https:\/\/www.istanbulberlin.com\/en-de\/zamanin-icinden-ev-haydar-ergulen\/#breadcrumb\",\"itemListElement\":[{\"@type\":\"ListItem\",\"position\":1,\"name\":\"Home\",\"item\":\"https:\/\/www.istanbulberlin.com\/\"},{\"@type\":\"ListItem\",\"position\":2,\"name\":\"Haydar Erg\u00fclen: &#8220;Evin D\u0131\u015f\u0131ndayken de Evdedir \u00c7\u00fcnk\u00fc Evi \u015eiirdedir&#8221;\"}]},{\"@type\":\"WebSite\",\"@id\":\"https:\/\/www.istanbulberlin.com\/#website\",\"url\":\"https:\/\/www.istanbulberlin.com\/\",\"name\":\"istanbulberlin\",\"description\":\"kar\u015f\u0131la\u015fmalar i\u00e7in bir alan . a space for encounters\",\"publisher\":{\"@id\":\"https:\/\/www.istanbulberlin.com\/#organization\"},\"potentialAction\":[{\"@type\":\"SearchAction\",\"target\":{\"@type\":\"EntryPoint\",\"urlTemplate\":\"https:\/\/www.istanbulberlin.com\/?s={search_term_string}\"},\"query-input\":{\"@type\":\"PropertyValueSpecification\",\"valueRequired\":true,\"valueName\":\"search_term_string\"}}],\"inLanguage\":\"en-US\"},{\"@type\":\"Organization\",\"@id\":\"https:\/\/www.istanbulberlin.com\/#organization\",\"name\":\"istanbulberlin\",\"url\":\"https:\/\/www.istanbulberlin.com\/\",\"logo\":{\"@type\":\"ImageObject\",\"inLanguage\":\"en-US\",\"@id\":\"https:\/\/www.istanbulberlin.com\/#\/schema\/logo\/image\/\",\"url\":\"https:\/\/www.istanbulberlin.com\/wp-content\/uploads\/2020\/05\/logo_c_big.png\",\"contentUrl\":\"https:\/\/www.istanbulberlin.com\/wp-content\/uploads\/2020\/05\/logo_c_big.png\",\"width\":1010,\"height\":125,\"caption\":\"istanbulberlin\"},\"image\":{\"@id\":\"https:\/\/www.istanbulberlin.com\/#\/schema\/logo\/image\/\"}},{\"@type\":\"Person\",\"@id\":\"https:\/\/www.istanbulberlin.com\/#\/schema\/person\/1daa4de5f72c22093adde153bda4c7f2\",\"name\":\"Sedef Ilgic\",\"url\":false}]}<\/script>\n<!-- \/ Yoast SEO plugin. -->","yoast_head_json":{"title":"Haydar Erg\u00fclen: \"Evin D\u0131\u015f\u0131ndayken de Evdedir \u00c7\u00fcnk\u00fc Evi \u015eiirdedir\" - istanbulberlin","description":"\u00c7a\u011fda\u015f T\u00fcrk\u00e7e \u015fiirin \u00f6nemli temsilcilerinden, \u015fair ve yazar Haydar Erg\u00fclen, ev hakk\u0131ndaki soru\u015fturmama kat\u0131ld\u0131. \"\u0130ki Uzun \u015eiir\"inden ilkini de payla\u015f\u0131yorum.","robots":{"index":"index","follow":"follow","max-snippet":"max-snippet:-1","max-image-preview":"max-image-preview:large","max-video-preview":"max-video-preview:-1"},"canonical":"https:\/\/www.istanbulberlin.com\/en-de\/zamanin-icinden-ev-haydar-ergulen\/","og_locale":"en_US","og_type":"article","og_title":"Haydar Erg\u00fclen: \"Evin D\u0131\u015f\u0131ndayken de Evdedir \u00c7\u00fcnk\u00fc Evi \u015eiirdedir\" - istanbulberlin","og_description":"\u00c7a\u011fda\u015f T\u00fcrk\u00e7e \u015fiirin \u00f6nemli temsilcilerinden, \u015fair ve yazar Haydar Erg\u00fclen, ev hakk\u0131ndaki soru\u015fturmama kat\u0131ld\u0131. \"\u0130ki Uzun \u015eiir\"inden ilkini de payla\u015f\u0131yorum.","og_url":"https:\/\/www.istanbulberlin.com\/en-de\/zamanin-icinden-ev-haydar-ergulen\/","og_site_name":"istanbulberlin","article_published_time":"2020-06-30T05:00:52+00:00","article_modified_time":"2020-06-30T07:45:45+00:00","og_image":[{"width":495,"height":606,"url":"https:\/\/www.istanbulberlin.com\/wp-content\/uploads\/2020\/06\/09.jpg","type":"image\/jpeg"}],"author":"Sedef Ilgic","twitter_card":"summary_large_image","twitter_misc":{"Written by":"Sedef Ilgic","Est. reading time":"3 minutes"},"schema":{"@context":"https:\/\/schema.org","@graph":[{"@type":"Article","@id":"https:\/\/www.istanbulberlin.com\/en-de\/zamanin-icinden-ev-haydar-ergulen\/#article","isPartOf":{"@id":"https:\/\/www.istanbulberlin.com\/en-de\/zamanin-icinden-ev-haydar-ergulen\/"},"author":{"name":"Sedef Ilgic","@id":"https:\/\/www.istanbulberlin.com\/#\/schema\/person\/1daa4de5f72c22093adde153bda4c7f2"},"headline":"Haydar Erg\u00fclen: &#8220;Evin D\u0131\u015f\u0131ndayken de Evdedir \u00c7\u00fcnk\u00fc Evi \u015eiirdedir&#8221;","datePublished":"2020-06-30T05:00:52+00:00","dateModified":"2020-06-30T07:45:45+00:00","mainEntityOfPage":{"@id":"https:\/\/www.istanbulberlin.com\/en-de\/zamanin-icinden-ev-haydar-ergulen\/"},"wordCount":625,"commentCount":0,"publisher":{"@id":"https:\/\/www.istanbulberlin.com\/#organization"},"image":{"@id":"https:\/\/www.istanbulberlin.com\/en-de\/zamanin-icinden-ev-haydar-ergulen\/#primaryimage"},"thumbnailUrl":"https:\/\/www.istanbulberlin.com\/wp-content\/uploads\/2020\/06\/09.jpg","keywords":["Beh\u00e7et Necatigil","ev","Forough Farrokhzad","F\u00fcru\u011f Ferruhzad","Gaston Bachelard","G\u00fclten Ak\u0131n","Haydar Erg\u00fclen","poem","poetry","Poetry on Street","\u015fair","Sami Baydar","\u015fiir","\u015eiir Sokakta","The House is Black"],"articleSection":["EV","Zaman\u0131n \u0130\u00e7inden"],"inLanguage":"en-US","potentialAction":[{"@type":"CommentAction","name":"Comment","target":["https:\/\/www.istanbulberlin.com\/en-de\/zamanin-icinden-ev-haydar-ergulen\/#respond"]}]},{"@type":"WebPage","@id":"https:\/\/www.istanbulberlin.com\/en-de\/zamanin-icinden-ev-haydar-ergulen\/","url":"https:\/\/www.istanbulberlin.com\/en-de\/zamanin-icinden-ev-haydar-ergulen\/","name":"Haydar Erg\u00fclen: \"Evin D\u0131\u015f\u0131ndayken de Evdedir \u00c7\u00fcnk\u00fc Evi \u015eiirdedir\" - istanbulberlin","isPartOf":{"@id":"https:\/\/www.istanbulberlin.com\/#website"},"primaryImageOfPage":{"@id":"https:\/\/www.istanbulberlin.com\/en-de\/zamanin-icinden-ev-haydar-ergulen\/#primaryimage"},"image":{"@id":"https:\/\/www.istanbulberlin.com\/en-de\/zamanin-icinden-ev-haydar-ergulen\/#primaryimage"},"thumbnailUrl":"https:\/\/www.istanbulberlin.com\/wp-content\/uploads\/2020\/06\/09.jpg","datePublished":"2020-06-30T05:00:52+00:00","dateModified":"2020-06-30T07:45:45+00:00","description":"\u00c7a\u011fda\u015f T\u00fcrk\u00e7e \u015fiirin \u00f6nemli temsilcilerinden, \u015fair ve yazar Haydar Erg\u00fclen, ev hakk\u0131ndaki soru\u015fturmama kat\u0131ld\u0131. \"\u0130ki Uzun \u015eiir\"inden ilkini de payla\u015f\u0131yorum.","breadcrumb":{"@id":"https:\/\/www.istanbulberlin.com\/en-de\/zamanin-icinden-ev-haydar-ergulen\/#breadcrumb"},"inLanguage":"en-US","potentialAction":[{"@type":"ReadAction","target":["https:\/\/www.istanbulberlin.com\/en-de\/zamanin-icinden-ev-haydar-ergulen\/"]}]},{"@type":"ImageObject","inLanguage":"en-US","@id":"https:\/\/www.istanbulberlin.com\/en-de\/zamanin-icinden-ev-haydar-ergulen\/#primaryimage","url":"https:\/\/www.istanbulberlin.com\/wp-content\/uploads\/2020\/06\/09.jpg","contentUrl":"https:\/\/www.istanbulberlin.com\/wp-content\/uploads\/2020\/06\/09.jpg","width":495,"height":606},{"@type":"BreadcrumbList","@id":"https:\/\/www.istanbulberlin.com\/en-de\/zamanin-icinden-ev-haydar-ergulen\/#breadcrumb","itemListElement":[{"@type":"ListItem","position":1,"name":"Home","item":"https:\/\/www.istanbulberlin.com\/"},{"@type":"ListItem","position":2,"name":"Haydar Erg\u00fclen: &#8220;Evin D\u0131\u015f\u0131ndayken de Evdedir \u00c7\u00fcnk\u00fc Evi \u015eiirdedir&#8221;"}]},{"@type":"WebSite","@id":"https:\/\/www.istanbulberlin.com\/#website","url":"https:\/\/www.istanbulberlin.com\/","name":"istanbulberlin","description":"kar\u015f\u0131la\u015fmalar i\u00e7in bir alan . a space for encounters","publisher":{"@id":"https:\/\/www.istanbulberlin.com\/#organization"},"potentialAction":[{"@type":"SearchAction","target":{"@type":"EntryPoint","urlTemplate":"https:\/\/www.istanbulberlin.com\/?s={search_term_string}"},"query-input":{"@type":"PropertyValueSpecification","valueRequired":true,"valueName":"search_term_string"}}],"inLanguage":"en-US"},{"@type":"Organization","@id":"https:\/\/www.istanbulberlin.com\/#organization","name":"istanbulberlin","url":"https:\/\/www.istanbulberlin.com\/","logo":{"@type":"ImageObject","inLanguage":"en-US","@id":"https:\/\/www.istanbulberlin.com\/#\/schema\/logo\/image\/","url":"https:\/\/www.istanbulberlin.com\/wp-content\/uploads\/2020\/05\/logo_c_big.png","contentUrl":"https:\/\/www.istanbulberlin.com\/wp-content\/uploads\/2020\/05\/logo_c_big.png","width":1010,"height":125,"caption":"istanbulberlin"},"image":{"@id":"https:\/\/www.istanbulberlin.com\/#\/schema\/logo\/image\/"}},{"@type":"Person","@id":"https:\/\/www.istanbulberlin.com\/#\/schema\/person\/1daa4de5f72c22093adde153bda4c7f2","name":"Sedef Ilgic","url":false}]}},"_links":{"self":[{"href":"https:\/\/www.istanbulberlin.com\/en-de\/wp-json\/wp\/v2\/posts\/1682","targetHints":{"allow":["GET"]}}],"collection":[{"href":"https:\/\/www.istanbulberlin.com\/en-de\/wp-json\/wp\/v2\/posts"}],"about":[{"href":"https:\/\/www.istanbulberlin.com\/en-de\/wp-json\/wp\/v2\/types\/post"}],"author":[{"embeddable":true,"href":"https:\/\/www.istanbulberlin.com\/en-de\/wp-json\/wp\/v2\/users\/2"}],"replies":[{"embeddable":true,"href":"https:\/\/www.istanbulberlin.com\/en-de\/wp-json\/wp\/v2\/comments?post=1682"}],"version-history":[{"count":12,"href":"https:\/\/www.istanbulberlin.com\/en-de\/wp-json\/wp\/v2\/posts\/1682\/revisions"}],"predecessor-version":[{"id":1705,"href":"https:\/\/www.istanbulberlin.com\/en-de\/wp-json\/wp\/v2\/posts\/1682\/revisions\/1705"}],"wp:featuredmedia":[{"embeddable":true,"href":"https:\/\/www.istanbulberlin.com\/en-de\/wp-json\/wp\/v2\/media\/1683"}],"wp:attachment":[{"href":"https:\/\/www.istanbulberlin.com\/en-de\/wp-json\/wp\/v2\/media?parent=1682"}],"wp:term":[{"taxonomy":"category","embeddable":true,"href":"https:\/\/www.istanbulberlin.com\/en-de\/wp-json\/wp\/v2\/categories?post=1682"},{"taxonomy":"post_tag","embeddable":true,"href":"https:\/\/www.istanbulberlin.com\/en-de\/wp-json\/wp\/v2\/tags?post=1682"}],"curies":[{"name":"wp","href":"https:\/\/api.w.org\/{rel}","templated":true}]}}