{"id":1997,"date":"2021-01-09T18:21:20","date_gmt":"2021-01-09T15:21:20","guid":{"rendered":"https:\/\/www.istanbulberlin.com\/?p=1997"},"modified":"2021-03-21T17:46:42","modified_gmt":"2021-03-21T14:46:42","slug":"istanbulda-muzigin-izinde","status":"publish","type":"post","link":"https:\/\/www.istanbulberlin.com\/en-de\/istanbulda-muzigin-izinde\/","title":{"rendered":"On Trail of Music in Istanbul"},"content":{"rendered":"<p>The last one of the interviews we produced to air at Bookfest of the Frankfurt Book Fair is at last on air on YouTube.<\/p>\n<p>Journalist and author Ulrich Gutmair came to Istanbul from Berlin with a project. He is on the trail of Istanbul\u2019s music, from Cem Karaca\u2019s German language album The Kanaken to Nekropsi. Well, punk is dead not.\u00a0<\/p>\n<p>One hour long programme in the broadcast streaming order from <a target=\"_blank\" href=\"https:\/\/www.youtube.com\/playlist?list=PLC0Vx3QFL7C-P--sHo3jJAzPsGnka2qV9\">here<\/a> .<\/p>\n<p>Hope you would enjoy watching:<\/p>\n<div class=\"atbssuga-responsive-video\"><iframe loading=\"lazy\" title=\"On Trail of Music in Istanbul I \u0130stanbul&#039;da M\u00fczi\u011fin \u0130zinde\" width=\"1200\" height=\"675\" src=\"https:\/\/www.youtube.com\/embed\/MDXAtyBnlH0?feature=oembed\" frameborder=\"0\" allow=\"accelerometer; autoplay; clipboard-write; encrypted-media; gyroscope; picture-in-picture; web-share\" allowfullscreen><\/iframe><\/div>\n<p>First aired at the BOOKFEST Digital programme that Frankfurt Bookfair organizes.<\/p>\n<p>Production:<\/p>\n<p>Sedef \u0130lgi\u00e7 &amp; Sezen Yeni\u00e7eri Can<\/p>\n<p>Camera and Edit:<\/p>\n<p>Ya\u011fmur G\u00fcne\u015f &amp; Murat Can \u00d6zel<\/p>\n<p>Jingle:<\/p>\n<p>Ceren G\u00fcndo\u011fdu<\/p>\n<p>Special thanks to Nekropsi for the permission to use their \"Die Neueu Papa\": Nekropsi, Die Neue Papa, Say\u0131 2: 10 Y\u0131lda Bir \u00c7\u0131kar, A.K. M\u00fczik, 2007<\/p>","protected":false},"excerpt":{"rendered":"<p>Frankfurt Kitap Fuar\u0131&#8217;n\u0131n Bookfest&#8217;inde yay\u0131nlanmak \u00fczere haz\u0131rlad\u0131\u011f\u0131m\u0131z video r\u00f6portajlar\u0131n sonuncusu sonunda YouTube&#8217;da yay\u0131nda. Gazeteci ve yazar Ulrich Gutmair Berlin\u2019den \u0130stanbul\u2019a bir proje \u00fczerinde \u00e7al\u0131\u015fmak i\u00e7in geldi. \u0130stanbul\u2019un m\u00fczi\u011fi pe\u015finde: Cem Karaca\u2019n\u0131n Almanca alb\u00fcm\u00fc Die Kanaken\u2019den Nekropsi\u2019ye\u2026 Punk \u00f6lmedi! Bir saatlik program\u0131 yay\u0131n ak\u0131\u015f\u0131 s\u0131ras\u0131yla buradan izleyebilirsiniz. Keyifle izlemeniz dile\u011fiyle: \u0130lk defa Frankfurt Kitap Fuar\u0131&#8217;n\u0131n organize etti\u011fi BOOKFEST Digital kapsam\u0131nda yay\u0131nland\u0131. Prod\u00fcksiyon: Sedef \u0130lgi\u00e7 &amp; Sezen Yeni\u00e7eri Can Kamera ve Kurgu: Ya\u011fmur G\u00fcne\u015f &amp; Murat Can \u00d6zel Jingle: Ceren G\u00fcndo\u011fdu Nekropsi&#8217;ye &#8220;Die Neue Papa&#8221;y\u0131 kullanmam\u0131za izin verdikleri i\u00e7in \u00e7ok te\u015fekk\u00fcr ederiz: Nekropsi, Die Neue Papa, Say\u0131 2: 10 Y\u0131lda Bir \u00c7\u0131kar, [&hellip;]<\/p>","protected":false},"author":2,"featured_media":1857,"comment_status":"open","ping_status":"open","sticky":false,"template":"","format":"standard","meta":{"footnotes":""},"categories":[567,423],"tags":[454,412,499,498,456,453,452,462,480,194,414],"class_list":["post-1997","post","type-post","status-publish","format-standard","has-post-thumbnail","hentry","category-bookfest-digital-programi","category-karsilasmalar","tag-bookfest","tag-ceren-gundogdu","tag-die-kanaken","tag-die-neue-papa","tag-frankfurter-buchmesse","tag-istanbulberlin-encounters","tag-istanbulberlin-karsilasmalari","tag-nekropsi","tag-sezen-yeniceri-can","tag-ulrich-gutmair","tag-yagmur-gunes"],"yoast_head":"<!-- This site is optimized with the Yoast SEO plugin v26.6 - https:\/\/yoast.com\/wordpress\/plugins\/seo\/ -->\n<title>Ulrich Gutmair: \u0130stanbul&#039;da M\u00fczi\u011fin \u0130zinde - istanbulberlin<\/title>\n<meta name=\"description\" content=\"Gazarteci ve yazar Ulrich Gutmair&#039;in \u0130stanbul&#039;a getiren proje ve Cem Karaca\u2019n\u0131n Almanca alb\u00fcm\u00fc Die Kanaken\u2019den Nekropsi\u2019ye\u2026 Punk \u00f6lmedi!\" \/>\n<meta name=\"robots\" content=\"index, follow, max-snippet:-1, max-image-preview:large, max-video-preview:-1\" \/>\n<link rel=\"canonical\" href=\"https:\/\/www.istanbulberlin.com\/en-de\/istanbulda-muzigin-izinde\/\" \/>\n<meta property=\"og:locale\" content=\"en_US\" \/>\n<meta property=\"og:type\" content=\"article\" \/>\n<meta property=\"og:title\" content=\"Ulrich Gutmair: \u0130stanbul&#039;da M\u00fczi\u011fin \u0130zinde - istanbulberlin\" \/>\n<meta property=\"og:description\" content=\"Gazarteci ve yazar Ulrich Gutmair&#039;in \u0130stanbul&#039;a getiren proje ve Cem Karaca\u2019n\u0131n Almanca alb\u00fcm\u00fc Die Kanaken\u2019den Nekropsi\u2019ye\u2026 Punk \u00f6lmedi!\" \/>\n<meta property=\"og:url\" content=\"https:\/\/www.istanbulberlin.com\/en-de\/istanbulda-muzigin-izinde\/\" \/>\n<meta property=\"og:site_name\" content=\"istanbulberlin\" \/>\n<meta property=\"article:published_time\" content=\"2021-01-09T15:21:20+00:00\" \/>\n<meta property=\"article:modified_time\" content=\"2021-03-21T14:46:42+00:00\" \/>\n<meta property=\"og:image\" content=\"https:\/\/www.istanbulberlin.com\/wp-content\/uploads\/2020\/10\/Ekran-Resmi-2020-10-12-16.53.10-e1611419124260.png\" \/>\n\t<meta property=\"og:image:width\" content=\"1189\" \/>\n\t<meta property=\"og:image:height\" content=\"658\" \/>\n\t<meta property=\"og:image:type\" content=\"image\/png\" \/>\n<meta name=\"author\" content=\"Sedef Ilgic\" \/>\n<meta name=\"twitter:card\" content=\"summary_large_image\" \/>\n<meta name=\"twitter:label1\" content=\"Written by\" \/>\n\t<meta name=\"twitter:data1\" content=\"Sedef Ilgic\" \/>\n\t<meta name=\"twitter:label2\" content=\"Est. reading time\" \/>\n\t<meta name=\"twitter:data2\" content=\"1 minute\" \/>\n<script type=\"application\/ld+json\" class=\"yoast-schema-graph\">{\"@context\":\"https:\/\/schema.org\",\"@graph\":[{\"@type\":\"Article\",\"@id\":\"https:\/\/www.istanbulberlin.com\/en-de\/istanbulda-muzigin-izinde\/#article\",\"isPartOf\":{\"@id\":\"https:\/\/www.istanbulberlin.com\/en-de\/istanbulda-muzigin-izinde\/\"},\"author\":{\"name\":\"Sedef Ilgic\",\"@id\":\"https:\/\/www.istanbulberlin.com\/#\/schema\/person\/1daa4de5f72c22093adde153bda4c7f2\"},\"headline\":\"Ulrich Gutmair: \u0130stanbul&#8217;da M\u00fczi\u011fin \u0130zinde\",\"datePublished\":\"2021-01-09T15:21:20+00:00\",\"dateModified\":\"2021-03-21T14:46:42+00:00\",\"mainEntityOfPage\":{\"@id\":\"https:\/\/www.istanbulberlin.com\/en-de\/istanbulda-muzigin-izinde\/\"},\"wordCount\":159,\"commentCount\":0,\"publisher\":{\"@id\":\"https:\/\/www.istanbulberlin.com\/#organization\"},\"image\":{\"@id\":\"https:\/\/www.istanbulberlin.com\/en-de\/istanbulda-muzigin-izinde\/#primaryimage\"},\"thumbnailUrl\":\"https:\/\/www.istanbulberlin.com\/wp-content\/uploads\/2020\/10\/Ekran-Resmi-2020-10-12-16.53.10-e1611419124260.png\",\"keywords\":[\"BOOKFEST\",\"ceren gundogdu\",\"Die Kanaken\",\"Die Neue Papa\",\"Frankfurter Buchmesse\",\"istanbulberlin encounters\",\"istanbulberlin kar\u015f\u0131la\u015fmalar\u0131\",\"Nekropsi\",\"sezen yeni\u00e7eri can\",\"Ulrich Gutmair\",\"yagmur gunes\"],\"articleSection\":[\"Frankfurt Kitap Fuar\u0131 Bookfest Program\u0131\",\"Kar\u015f\u0131la\u015fmalar\"],\"inLanguage\":\"en-US\",\"potentialAction\":[{\"@type\":\"CommentAction\",\"name\":\"Comment\",\"target\":[\"https:\/\/www.istanbulberlin.com\/en-de\/istanbulda-muzigin-izinde\/#respond\"]}]},{\"@type\":\"WebPage\",\"@id\":\"https:\/\/www.istanbulberlin.com\/en-de\/istanbulda-muzigin-izinde\/\",\"url\":\"https:\/\/www.istanbulberlin.com\/en-de\/istanbulda-muzigin-izinde\/\",\"name\":\"Ulrich Gutmair: \u0130stanbul'da M\u00fczi\u011fin \u0130zinde - istanbulberlin\",\"isPartOf\":{\"@id\":\"https:\/\/www.istanbulberlin.com\/#website\"},\"primaryImageOfPage\":{\"@id\":\"https:\/\/www.istanbulberlin.com\/en-de\/istanbulda-muzigin-izinde\/#primaryimage\"},\"image\":{\"@id\":\"https:\/\/www.istanbulberlin.com\/en-de\/istanbulda-muzigin-izinde\/#primaryimage\"},\"thumbnailUrl\":\"https:\/\/www.istanbulberlin.com\/wp-content\/uploads\/2020\/10\/Ekran-Resmi-2020-10-12-16.53.10-e1611419124260.png\",\"datePublished\":\"2021-01-09T15:21:20+00:00\",\"dateModified\":\"2021-03-21T14:46:42+00:00\",\"description\":\"Gazarteci ve yazar Ulrich Gutmair'in \u0130stanbul'a getiren proje ve Cem Karaca\u2019n\u0131n Almanca alb\u00fcm\u00fc Die Kanaken\u2019den Nekropsi\u2019ye\u2026 Punk \u00f6lmedi!\",\"breadcrumb\":{\"@id\":\"https:\/\/www.istanbulberlin.com\/en-de\/istanbulda-muzigin-izinde\/#breadcrumb\"},\"inLanguage\":\"en-US\",\"potentialAction\":[{\"@type\":\"ReadAction\",\"target\":[\"https:\/\/www.istanbulberlin.com\/en-de\/istanbulda-muzigin-izinde\/\"]}]},{\"@type\":\"ImageObject\",\"inLanguage\":\"en-US\",\"@id\":\"https:\/\/www.istanbulberlin.com\/en-de\/istanbulda-muzigin-izinde\/#primaryimage\",\"url\":\"https:\/\/www.istanbulberlin.com\/wp-content\/uploads\/2020\/10\/Ekran-Resmi-2020-10-12-16.53.10-e1611419124260.png\",\"contentUrl\":\"https:\/\/www.istanbulberlin.com\/wp-content\/uploads\/2020\/10\/Ekran-Resmi-2020-10-12-16.53.10-e1611419124260.png\",\"width\":1189,\"height\":658},{\"@type\":\"BreadcrumbList\",\"@id\":\"https:\/\/www.istanbulberlin.com\/en-de\/istanbulda-muzigin-izinde\/#breadcrumb\",\"itemListElement\":[{\"@type\":\"ListItem\",\"position\":1,\"name\":\"Home\",\"item\":\"https:\/\/www.istanbulberlin.com\/\"},{\"@type\":\"ListItem\",\"position\":2,\"name\":\"Ulrich Gutmair: \u0130stanbul&#8217;da M\u00fczi\u011fin \u0130zinde\"}]},{\"@type\":\"WebSite\",\"@id\":\"https:\/\/www.istanbulberlin.com\/#website\",\"url\":\"https:\/\/www.istanbulberlin.com\/\",\"name\":\"istanbulberlin\",\"description\":\"kar\u015f\u0131la\u015fmalar i\u00e7in bir alan . a space for encounters\",\"publisher\":{\"@id\":\"https:\/\/www.istanbulberlin.com\/#organization\"},\"potentialAction\":[{\"@type\":\"SearchAction\",\"target\":{\"@type\":\"EntryPoint\",\"urlTemplate\":\"https:\/\/www.istanbulberlin.com\/?s={search_term_string}\"},\"query-input\":{\"@type\":\"PropertyValueSpecification\",\"valueRequired\":true,\"valueName\":\"search_term_string\"}}],\"inLanguage\":\"en-US\"},{\"@type\":\"Organization\",\"@id\":\"https:\/\/www.istanbulberlin.com\/#organization\",\"name\":\"istanbulberlin\",\"url\":\"https:\/\/www.istanbulberlin.com\/\",\"logo\":{\"@type\":\"ImageObject\",\"inLanguage\":\"en-US\",\"@id\":\"https:\/\/www.istanbulberlin.com\/#\/schema\/logo\/image\/\",\"url\":\"https:\/\/www.istanbulberlin.com\/wp-content\/uploads\/2020\/05\/logo_c_big.png\",\"contentUrl\":\"https:\/\/www.istanbulberlin.com\/wp-content\/uploads\/2020\/05\/logo_c_big.png\",\"width\":1010,\"height\":125,\"caption\":\"istanbulberlin\"},\"image\":{\"@id\":\"https:\/\/www.istanbulberlin.com\/#\/schema\/logo\/image\/\"}},{\"@type\":\"Person\",\"@id\":\"https:\/\/www.istanbulberlin.com\/#\/schema\/person\/1daa4de5f72c22093adde153bda4c7f2\",\"name\":\"Sedef Ilgic\",\"url\":false}]}<\/script>\n<!-- \/ Yoast SEO plugin. -->","yoast_head_json":{"title":"Ulrich Gutmair: \u0130stanbul'da M\u00fczi\u011fin \u0130zinde - istanbulberlin","description":"Gazarteci ve yazar Ulrich Gutmair'in \u0130stanbul'a getiren proje ve Cem Karaca\u2019n\u0131n Almanca alb\u00fcm\u00fc Die Kanaken\u2019den Nekropsi\u2019ye\u2026 Punk \u00f6lmedi!","robots":{"index":"index","follow":"follow","max-snippet":"max-snippet:-1","max-image-preview":"max-image-preview:large","max-video-preview":"max-video-preview:-1"},"canonical":"https:\/\/www.istanbulberlin.com\/en-de\/istanbulda-muzigin-izinde\/","og_locale":"en_US","og_type":"article","og_title":"Ulrich Gutmair: \u0130stanbul'da M\u00fczi\u011fin \u0130zinde - istanbulberlin","og_description":"Gazarteci ve yazar Ulrich Gutmair'in \u0130stanbul'a getiren proje ve Cem Karaca\u2019n\u0131n Almanca alb\u00fcm\u00fc Die Kanaken\u2019den Nekropsi\u2019ye\u2026 Punk \u00f6lmedi!","og_url":"https:\/\/www.istanbulberlin.com\/en-de\/istanbulda-muzigin-izinde\/","og_site_name":"istanbulberlin","article_published_time":"2021-01-09T15:21:20+00:00","article_modified_time":"2021-03-21T14:46:42+00:00","og_image":[{"width":1189,"height":658,"url":"https:\/\/www.istanbulberlin.com\/wp-content\/uploads\/2020\/10\/Ekran-Resmi-2020-10-12-16.53.10-e1611419124260.png","type":"image\/png"}],"author":"Sedef Ilgic","twitter_card":"summary_large_image","twitter_misc":{"Written by":"Sedef Ilgic","Est. reading time":"1 minute"},"schema":{"@context":"https:\/\/schema.org","@graph":[{"@type":"Article","@id":"https:\/\/www.istanbulberlin.com\/en-de\/istanbulda-muzigin-izinde\/#article","isPartOf":{"@id":"https:\/\/www.istanbulberlin.com\/en-de\/istanbulda-muzigin-izinde\/"},"author":{"name":"Sedef Ilgic","@id":"https:\/\/www.istanbulberlin.com\/#\/schema\/person\/1daa4de5f72c22093adde153bda4c7f2"},"headline":"Ulrich Gutmair: \u0130stanbul&#8217;da M\u00fczi\u011fin \u0130zinde","datePublished":"2021-01-09T15:21:20+00:00","dateModified":"2021-03-21T14:46:42+00:00","mainEntityOfPage":{"@id":"https:\/\/www.istanbulberlin.com\/en-de\/istanbulda-muzigin-izinde\/"},"wordCount":159,"commentCount":0,"publisher":{"@id":"https:\/\/www.istanbulberlin.com\/#organization"},"image":{"@id":"https:\/\/www.istanbulberlin.com\/en-de\/istanbulda-muzigin-izinde\/#primaryimage"},"thumbnailUrl":"https:\/\/www.istanbulberlin.com\/wp-content\/uploads\/2020\/10\/Ekran-Resmi-2020-10-12-16.53.10-e1611419124260.png","keywords":["BOOKFEST","ceren gundogdu","Die Kanaken","Die Neue Papa","Frankfurter Buchmesse","istanbulberlin encounters","istanbulberlin kar\u015f\u0131la\u015fmalar\u0131","Nekropsi","sezen yeni\u00e7eri can","Ulrich Gutmair","yagmur gunes"],"articleSection":["Frankfurt Kitap Fuar\u0131 Bookfest Program\u0131","Kar\u015f\u0131la\u015fmalar"],"inLanguage":"en-US","potentialAction":[{"@type":"CommentAction","name":"Comment","target":["https:\/\/www.istanbulberlin.com\/en-de\/istanbulda-muzigin-izinde\/#respond"]}]},{"@type":"WebPage","@id":"https:\/\/www.istanbulberlin.com\/en-de\/istanbulda-muzigin-izinde\/","url":"https:\/\/www.istanbulberlin.com\/en-de\/istanbulda-muzigin-izinde\/","name":"Ulrich Gutmair: \u0130stanbul'da M\u00fczi\u011fin \u0130zinde - istanbulberlin","isPartOf":{"@id":"https:\/\/www.istanbulberlin.com\/#website"},"primaryImageOfPage":{"@id":"https:\/\/www.istanbulberlin.com\/en-de\/istanbulda-muzigin-izinde\/#primaryimage"},"image":{"@id":"https:\/\/www.istanbulberlin.com\/en-de\/istanbulda-muzigin-izinde\/#primaryimage"},"thumbnailUrl":"https:\/\/www.istanbulberlin.com\/wp-content\/uploads\/2020\/10\/Ekran-Resmi-2020-10-12-16.53.10-e1611419124260.png","datePublished":"2021-01-09T15:21:20+00:00","dateModified":"2021-03-21T14:46:42+00:00","description":"Gazarteci ve yazar Ulrich Gutmair'in \u0130stanbul'a getiren proje ve Cem Karaca\u2019n\u0131n Almanca alb\u00fcm\u00fc Die Kanaken\u2019den Nekropsi\u2019ye\u2026 Punk \u00f6lmedi!","breadcrumb":{"@id":"https:\/\/www.istanbulberlin.com\/en-de\/istanbulda-muzigin-izinde\/#breadcrumb"},"inLanguage":"en-US","potentialAction":[{"@type":"ReadAction","target":["https:\/\/www.istanbulberlin.com\/en-de\/istanbulda-muzigin-izinde\/"]}]},{"@type":"ImageObject","inLanguage":"en-US","@id":"https:\/\/www.istanbulberlin.com\/en-de\/istanbulda-muzigin-izinde\/#primaryimage","url":"https:\/\/www.istanbulberlin.com\/wp-content\/uploads\/2020\/10\/Ekran-Resmi-2020-10-12-16.53.10-e1611419124260.png","contentUrl":"https:\/\/www.istanbulberlin.com\/wp-content\/uploads\/2020\/10\/Ekran-Resmi-2020-10-12-16.53.10-e1611419124260.png","width":1189,"height":658},{"@type":"BreadcrumbList","@id":"https:\/\/www.istanbulberlin.com\/en-de\/istanbulda-muzigin-izinde\/#breadcrumb","itemListElement":[{"@type":"ListItem","position":1,"name":"Home","item":"https:\/\/www.istanbulberlin.com\/"},{"@type":"ListItem","position":2,"name":"Ulrich Gutmair: \u0130stanbul&#8217;da M\u00fczi\u011fin \u0130zinde"}]},{"@type":"WebSite","@id":"https:\/\/www.istanbulberlin.com\/#website","url":"https:\/\/www.istanbulberlin.com\/","name":"istanbulberlin","description":"kar\u015f\u0131la\u015fmalar i\u00e7in bir alan . a space for encounters","publisher":{"@id":"https:\/\/www.istanbulberlin.com\/#organization"},"potentialAction":[{"@type":"SearchAction","target":{"@type":"EntryPoint","urlTemplate":"https:\/\/www.istanbulberlin.com\/?s={search_term_string}"},"query-input":{"@type":"PropertyValueSpecification","valueRequired":true,"valueName":"search_term_string"}}],"inLanguage":"en-US"},{"@type":"Organization","@id":"https:\/\/www.istanbulberlin.com\/#organization","name":"istanbulberlin","url":"https:\/\/www.istanbulberlin.com\/","logo":{"@type":"ImageObject","inLanguage":"en-US","@id":"https:\/\/www.istanbulberlin.com\/#\/schema\/logo\/image\/","url":"https:\/\/www.istanbulberlin.com\/wp-content\/uploads\/2020\/05\/logo_c_big.png","contentUrl":"https:\/\/www.istanbulberlin.com\/wp-content\/uploads\/2020\/05\/logo_c_big.png","width":1010,"height":125,"caption":"istanbulberlin"},"image":{"@id":"https:\/\/www.istanbulberlin.com\/#\/schema\/logo\/image\/"}},{"@type":"Person","@id":"https:\/\/www.istanbulberlin.com\/#\/schema\/person\/1daa4de5f72c22093adde153bda4c7f2","name":"Sedef Ilgic","url":false}]}},"_links":{"self":[{"href":"https:\/\/www.istanbulberlin.com\/en-de\/wp-json\/wp\/v2\/posts\/1997","targetHints":{"allow":["GET"]}}],"collection":[{"href":"https:\/\/www.istanbulberlin.com\/en-de\/wp-json\/wp\/v2\/posts"}],"about":[{"href":"https:\/\/www.istanbulberlin.com\/en-de\/wp-json\/wp\/v2\/types\/post"}],"author":[{"embeddable":true,"href":"https:\/\/www.istanbulberlin.com\/en-de\/wp-json\/wp\/v2\/users\/2"}],"replies":[{"embeddable":true,"href":"https:\/\/www.istanbulberlin.com\/en-de\/wp-json\/wp\/v2\/comments?post=1997"}],"version-history":[{"count":1,"href":"https:\/\/www.istanbulberlin.com\/en-de\/wp-json\/wp\/v2\/posts\/1997\/revisions"}],"predecessor-version":[{"id":2007,"href":"https:\/\/www.istanbulberlin.com\/en-de\/wp-json\/wp\/v2\/posts\/1997\/revisions\/2007"}],"wp:featuredmedia":[{"embeddable":true,"href":"https:\/\/www.istanbulberlin.com\/en-de\/wp-json\/wp\/v2\/media\/1857"}],"wp:attachment":[{"href":"https:\/\/www.istanbulberlin.com\/en-de\/wp-json\/wp\/v2\/media?parent=1997"}],"wp:term":[{"taxonomy":"category","embeddable":true,"href":"https:\/\/www.istanbulberlin.com\/en-de\/wp-json\/wp\/v2\/categories?post=1997"},{"taxonomy":"post_tag","embeddable":true,"href":"https:\/\/www.istanbulberlin.com\/en-de\/wp-json\/wp\/v2\/tags?post=1997"}],"curies":[{"name":"wp","href":"https:\/\/api.w.org\/{rel}","templated":true}]}}