{"id":2315,"date":"2021-05-12T14:25:39","date_gmt":"2021-05-12T11:25:39","guid":{"rendered":"https:\/\/www.istanbulberlin.com\/?p=2315"},"modified":"2021-05-12T14:51:03","modified_gmt":"2021-05-12T11:51:03","slug":"joseph-beuys-100","status":"publish","type":"post","link":"https:\/\/www.istanbulberlin.com\/en-de\/joseph-beuys-100\/","title":{"rendered":"Joseph Beuys at 100"},"content":{"rendered":"<p>If sculpture, action and installation artist, scholar, politician and activist Joseph Beuys (1921-1986) lived, he would be 100 years old today.<\/p>\n<p>He is considered by many, alongside with Marcel Duchamp, John Cage and Andy Warhol, one of the most prominent artists of 20th century.<\/p>\n<p>He \"extended the definition of art\" by saying \"Everybody is an artist,\" and emphasizing the role of art in transforming the society. Today, all the topics he kept busy with are still relevant, though nearly all of them has a polarizing effect on discussions.<\/p>\n<div id=\"attachment_2318\" style=\"width: 782px\" class=\"wp-caption aligncenter\"><img loading=\"lazy\" decoding=\"async\" aria-describedby=\"caption-attachment-2318\" class=\"wp-image-2318 size-full\" src=\"https:\/\/www.istanbulberlin.com\/wp-content\/uploads\/2021\/05\/772px-Joseph_beuys_signature.jpg\" alt=\"\" width=\"772\" height=\"600\" srcset=\"https:\/\/www.istanbulberlin.com\/wp-content\/uploads\/2021\/05\/772px-Joseph_beuys_signature.jpg 772w, https:\/\/www.istanbulberlin.com\/wp-content\/uploads\/2021\/05\/772px-Joseph_beuys_signature-300x233.jpg 300w, https:\/\/www.istanbulberlin.com\/wp-content\/uploads\/2021\/05\/772px-Joseph_beuys_signature-768x597.jpg 768w, https:\/\/www.istanbulberlin.com\/wp-content\/uploads\/2021\/05\/772px-Joseph_beuys_signature-16x12.jpg 16w, https:\/\/www.istanbulberlin.com\/wp-content\/uploads\/2021\/05\/772px-Joseph_beuys_signature-18x13.jpg 18w\" sizes=\"auto, (max-width: 772px) 100vw, 772px\" \/><p id=\"caption-attachment-2318\" class=\"wp-caption-text\">Joseph Beuys&#8217;un imzas\u0131<\/p><\/div>\n<p>Related with his 100th birthday, books are published, events and exhibitions are organized all over the world. Here is a selection:<\/p>\n<p>English and German; extensive project with events in both Germany and the world \"<a target=\"_blank\" href=\"https:\/\/beuys2021.de\/en\">beuys2021<\/a>\";<\/p>\n<p>German; a video series on how his ideas echo today \"<a target=\"_blank\" href=\"https:\/\/beuysbts.de\/\">behind the scenes<\/a>&#8220;;<\/p>\n<p>To hear how young people relate with the artist today and more: '<a target=\"_blank\" href=\"https:\/\/www.100beuys.com\/\">100beuys.com<\/a>&#8221;<\/p>\n<p>Akbank Art Center's \"<a target=\"_blank\" href=\"https:\/\/www.youtube.com\/watch?v=60rhehrU1X4&amp;list=PLafAn8dOqMtzHIFAnjGZlVqkBhVFHmofF\">100 Y\u0131l Beuys<\/a>\" is a video series moderated by art curator and academician Marcus Graf.<\/p>\n<p><a target=\"_blank\" href=\"https:\/\/beuys2021.de\/en\"><img loading=\"lazy\" decoding=\"async\" class=\"size-full wp-image-2316 aligncenter\" src=\"https:\/\/www.istanbulberlin.com\/wp-content\/uploads\/2021\/05\/Ekran-Alintisi.jpg\" alt=\"\" width=\"1489\" height=\"771\" srcset=\"https:\/\/www.istanbulberlin.com\/wp-content\/uploads\/2021\/05\/Ekran-Alintisi.jpg 1489w, https:\/\/www.istanbulberlin.com\/wp-content\/uploads\/2021\/05\/Ekran-Alintisi-300x155.jpg 300w, https:\/\/www.istanbulberlin.com\/wp-content\/uploads\/2021\/05\/Ekran-Alintisi-1024x530.jpg 1024w, https:\/\/www.istanbulberlin.com\/wp-content\/uploads\/2021\/05\/Ekran-Alintisi-768x398.jpg 768w, https:\/\/www.istanbulberlin.com\/wp-content\/uploads\/2021\/05\/Ekran-Alintisi-16x8.jpg 16w, https:\/\/www.istanbulberlin.com\/wp-content\/uploads\/2021\/05\/Ekran-Alintisi-20x10.jpg 20w, https:\/\/www.istanbulberlin.com\/wp-content\/uploads\/2021\/05\/Ekran-Alintisi-30x17.jpg 30w, https:\/\/www.istanbulberlin.com\/wp-content\/uploads\/2021\/05\/Ekran-Alintisi-75x40.jpg 75w, https:\/\/www.istanbulberlin.com\/wp-content\/uploads\/2021\/05\/Ekran-Alintisi-80x40.jpg 80w\" sizes=\"auto, (max-width: 1489px) 100vw, 1489px\" \/><\/a><\/p>","protected":false},"excerpt":{"rendered":"<p>Heykelt\u0131ra\u015f, eylem ve enstalasyon sanat\u00e7\u0131s\u0131, e\u011fitmen, siyaset\u00e7i ve aktivist Joseph Beuys (1921-1986) ya\u015fasayd\u0131 bug\u00fcn 100 ya\u015f\u0131nda olacakt\u0131. Marcel Duchamp, John Cage ve Andy Warhol ile birlikte 20. y\u00fczy\u0131l\u0131n en \u00f6nemli sanat\u00e7\u0131lar\u0131 aras\u0131nda say\u0131l\u0131yor. &#8220;Herkes sanat\u00e7\u0131d\u0131r,&#8221; diyerek sanat\u0131n hem tan\u0131m\u0131n\u0131 geni\u015fletti hem de toplumu d\u00f6n\u00fc\u015ft\u00fcrme g\u00fcc\u00fcn\u00fc vurgulad\u0131. Bug\u00fcn, ele ald\u0131\u011f\u0131 konular g\u00fcncelli\u011fini korumakla beraber, hemen hemen hepsi tart\u0131\u015fmalarda kutupla\u015fma yaratmaktad\u0131r. 100. ya\u015f g\u00fcn\u00fcyle ilgili t\u00fcm d\u00fcnyada bir\u00e7ok kitap bas\u0131l\u0131yor, projeler \u00fcretiliyor ve etkinlikler d\u00fczenleniyor. \u0130\u015fte bilgisayar ba\u015f\u0131ndan ula\u015fabilece\u011finiz i\u00e7eriklerden bir se\u00e7ki: \u0130ngilizce ve Almanca, hem Almanya hem de t\u00fcm d\u00fcnyada etkinliklere yer veren kapsaml\u0131 &#8220;beuys2021&#8221; projesi; Fikirlerini bug\u00fcn siyaset\u00e7i ve akademisyenlerle [&hellip;]<\/p>","protected":false},"author":2,"featured_media":2318,"comment_status":"open","ping_status":"open","sticky":false,"template":"","format":"standard","meta":{"footnotes":""},"categories":[500],"tags":[636,518,635,633,634],"class_list":["post-2315","post","type-post","status-publish","format-standard","has-post-thumbnail","hentry","category-short","tag-akbank-sanat","tag-andy-warhol","tag-john-cage","tag-joseph-beuys","tag-marcel-duchamp"],"yoast_head":"<!-- This site is optimized with the Yoast SEO plugin v26.6 - https:\/\/yoast.com\/wordpress\/plugins\/seo\/ -->\n<title>Joseph Beuys 100 Ya\u015f\u0131nda - istanbulberlin<\/title>\n<meta name=\"description\" content=\"Sanat\u00e7\u0131 ve aktivist Joseph Beuys (1921-1986) ya\u015fasayd\u0131, bug\u00fcn 100 ya\u015f\u0131nda olacakt\u0131. Y\u0131ld\u00f6n\u00fcm\u00fcyle ilgili projelerden bir se\u00e7ki haz\u0131rlad\u0131k.\" \/>\n<meta name=\"robots\" content=\"index, follow, max-snippet:-1, max-image-preview:large, max-video-preview:-1\" \/>\n<link rel=\"canonical\" href=\"https:\/\/www.istanbulberlin.com\/en-de\/joseph-beuys-100\/\" \/>\n<meta property=\"og:locale\" content=\"en_US\" \/>\n<meta property=\"og:type\" content=\"article\" \/>\n<meta property=\"og:title\" content=\"Joseph Beuys 100 Ya\u015f\u0131nda - istanbulberlin\" \/>\n<meta property=\"og:description\" content=\"Sanat\u00e7\u0131 ve aktivist Joseph Beuys (1921-1986) ya\u015fasayd\u0131, bug\u00fcn 100 ya\u015f\u0131nda olacakt\u0131. Y\u0131ld\u00f6n\u00fcm\u00fcyle ilgili projelerden bir se\u00e7ki haz\u0131rlad\u0131k.\" \/>\n<meta property=\"og:url\" content=\"https:\/\/www.istanbulberlin.com\/en-de\/joseph-beuys-100\/\" \/>\n<meta property=\"og:site_name\" content=\"istanbulberlin\" \/>\n<meta property=\"article:published_time\" content=\"2021-05-12T11:25:39+00:00\" \/>\n<meta property=\"article:modified_time\" content=\"2021-05-12T11:51:03+00:00\" \/>\n<meta property=\"og:image\" content=\"https:\/\/www.istanbulberlin.com\/wp-content\/uploads\/2021\/05\/772px-Joseph_beuys_signature.jpg\" \/>\n\t<meta property=\"og:image:width\" content=\"772\" \/>\n\t<meta property=\"og:image:height\" content=\"600\" \/>\n\t<meta property=\"og:image:type\" content=\"image\/jpeg\" \/>\n<meta name=\"author\" content=\"Sedef Ilgic\" \/>\n<meta name=\"twitter:card\" content=\"summary_large_image\" \/>\n<meta name=\"twitter:label1\" content=\"Written by\" \/>\n\t<meta name=\"twitter:data1\" content=\"Sedef Ilgic\" \/>\n\t<meta name=\"twitter:label2\" content=\"Est. reading time\" \/>\n\t<meta name=\"twitter:data2\" content=\"2 minutes\" \/>\n<script type=\"application\/ld+json\" class=\"yoast-schema-graph\">{\"@context\":\"https:\/\/schema.org\",\"@graph\":[{\"@type\":\"Article\",\"@id\":\"https:\/\/www.istanbulberlin.com\/en-de\/joseph-beuys-100\/#article\",\"isPartOf\":{\"@id\":\"https:\/\/www.istanbulberlin.com\/en-de\/joseph-beuys-100\/\"},\"author\":{\"name\":\"Sedef Ilgic\",\"@id\":\"https:\/\/www.istanbulberlin.com\/#\/schema\/person\/1daa4de5f72c22093adde153bda4c7f2\"},\"headline\":\"Joseph Beuys 100 Ya\u015f\u0131nda\",\"datePublished\":\"2021-05-12T11:25:39+00:00\",\"dateModified\":\"2021-05-12T11:51:03+00:00\",\"mainEntityOfPage\":{\"@id\":\"https:\/\/www.istanbulberlin.com\/en-de\/joseph-beuys-100\/\"},\"wordCount\":213,\"commentCount\":0,\"publisher\":{\"@id\":\"https:\/\/www.istanbulberlin.com\/#organization\"},\"image\":{\"@id\":\"https:\/\/www.istanbulberlin.com\/en-de\/joseph-beuys-100\/#primaryimage\"},\"thumbnailUrl\":\"https:\/\/www.istanbulberlin.com\/wp-content\/uploads\/2021\/05\/772px-Joseph_beuys_signature.jpg\",\"keywords\":[\"Akbank Sanat\",\"Andy Warhol\",\"John Cage\",\"Joseph Beuys\",\"Marcel Duchamp\"],\"articleSection\":[\"KISA\"],\"inLanguage\":\"en-US\",\"potentialAction\":[{\"@type\":\"CommentAction\",\"name\":\"Comment\",\"target\":[\"https:\/\/www.istanbulberlin.com\/en-de\/joseph-beuys-100\/#respond\"]}]},{\"@type\":\"WebPage\",\"@id\":\"https:\/\/www.istanbulberlin.com\/en-de\/joseph-beuys-100\/\",\"url\":\"https:\/\/www.istanbulberlin.com\/en-de\/joseph-beuys-100\/\",\"name\":\"Joseph Beuys 100 Ya\u015f\u0131nda - istanbulberlin\",\"isPartOf\":{\"@id\":\"https:\/\/www.istanbulberlin.com\/#website\"},\"primaryImageOfPage\":{\"@id\":\"https:\/\/www.istanbulberlin.com\/en-de\/joseph-beuys-100\/#primaryimage\"},\"image\":{\"@id\":\"https:\/\/www.istanbulberlin.com\/en-de\/joseph-beuys-100\/#primaryimage\"},\"thumbnailUrl\":\"https:\/\/www.istanbulberlin.com\/wp-content\/uploads\/2021\/05\/772px-Joseph_beuys_signature.jpg\",\"datePublished\":\"2021-05-12T11:25:39+00:00\",\"dateModified\":\"2021-05-12T11:51:03+00:00\",\"description\":\"Sanat\u00e7\u0131 ve aktivist Joseph Beuys (1921-1986) ya\u015fasayd\u0131, bug\u00fcn 100 ya\u015f\u0131nda olacakt\u0131. Y\u0131ld\u00f6n\u00fcm\u00fcyle ilgili projelerden bir se\u00e7ki haz\u0131rlad\u0131k.\",\"breadcrumb\":{\"@id\":\"https:\/\/www.istanbulberlin.com\/en-de\/joseph-beuys-100\/#breadcrumb\"},\"inLanguage\":\"en-US\",\"potentialAction\":[{\"@type\":\"ReadAction\",\"target\":[\"https:\/\/www.istanbulberlin.com\/en-de\/joseph-beuys-100\/\"]}]},{\"@type\":\"ImageObject\",\"inLanguage\":\"en-US\",\"@id\":\"https:\/\/www.istanbulberlin.com\/en-de\/joseph-beuys-100\/#primaryimage\",\"url\":\"https:\/\/www.istanbulberlin.com\/wp-content\/uploads\/2021\/05\/772px-Joseph_beuys_signature.jpg\",\"contentUrl\":\"https:\/\/www.istanbulberlin.com\/wp-content\/uploads\/2021\/05\/772px-Joseph_beuys_signature.jpg\",\"width\":772,\"height\":600},{\"@type\":\"BreadcrumbList\",\"@id\":\"https:\/\/www.istanbulberlin.com\/en-de\/joseph-beuys-100\/#breadcrumb\",\"itemListElement\":[{\"@type\":\"ListItem\",\"position\":1,\"name\":\"Home\",\"item\":\"https:\/\/www.istanbulberlin.com\/\"},{\"@type\":\"ListItem\",\"position\":2,\"name\":\"Joseph Beuys 100 Ya\u015f\u0131nda\"}]},{\"@type\":\"WebSite\",\"@id\":\"https:\/\/www.istanbulberlin.com\/#website\",\"url\":\"https:\/\/www.istanbulberlin.com\/\",\"name\":\"istanbulberlin\",\"description\":\"kar\u015f\u0131la\u015fmalar i\u00e7in bir alan . a space for encounters\",\"publisher\":{\"@id\":\"https:\/\/www.istanbulberlin.com\/#organization\"},\"potentialAction\":[{\"@type\":\"SearchAction\",\"target\":{\"@type\":\"EntryPoint\",\"urlTemplate\":\"https:\/\/www.istanbulberlin.com\/?s={search_term_string}\"},\"query-input\":{\"@type\":\"PropertyValueSpecification\",\"valueRequired\":true,\"valueName\":\"search_term_string\"}}],\"inLanguage\":\"en-US\"},{\"@type\":\"Organization\",\"@id\":\"https:\/\/www.istanbulberlin.com\/#organization\",\"name\":\"istanbulberlin\",\"url\":\"https:\/\/www.istanbulberlin.com\/\",\"logo\":{\"@type\":\"ImageObject\",\"inLanguage\":\"en-US\",\"@id\":\"https:\/\/www.istanbulberlin.com\/#\/schema\/logo\/image\/\",\"url\":\"https:\/\/www.istanbulberlin.com\/wp-content\/uploads\/2020\/05\/logo_c_big.png\",\"contentUrl\":\"https:\/\/www.istanbulberlin.com\/wp-content\/uploads\/2020\/05\/logo_c_big.png\",\"width\":1010,\"height\":125,\"caption\":\"istanbulberlin\"},\"image\":{\"@id\":\"https:\/\/www.istanbulberlin.com\/#\/schema\/logo\/image\/\"}},{\"@type\":\"Person\",\"@id\":\"https:\/\/www.istanbulberlin.com\/#\/schema\/person\/1daa4de5f72c22093adde153bda4c7f2\",\"name\":\"Sedef Ilgic\",\"url\":false}]}<\/script>\n<!-- \/ Yoast SEO plugin. -->","yoast_head_json":{"title":"Joseph Beuys 100 Ya\u015f\u0131nda - istanbulberlin","description":"Sanat\u00e7\u0131 ve aktivist Joseph Beuys (1921-1986) ya\u015fasayd\u0131, bug\u00fcn 100 ya\u015f\u0131nda olacakt\u0131. Y\u0131ld\u00f6n\u00fcm\u00fcyle ilgili projelerden bir se\u00e7ki haz\u0131rlad\u0131k.","robots":{"index":"index","follow":"follow","max-snippet":"max-snippet:-1","max-image-preview":"max-image-preview:large","max-video-preview":"max-video-preview:-1"},"canonical":"https:\/\/www.istanbulberlin.com\/en-de\/joseph-beuys-100\/","og_locale":"en_US","og_type":"article","og_title":"Joseph Beuys 100 Ya\u015f\u0131nda - istanbulberlin","og_description":"Sanat\u00e7\u0131 ve aktivist Joseph Beuys (1921-1986) ya\u015fasayd\u0131, bug\u00fcn 100 ya\u015f\u0131nda olacakt\u0131. Y\u0131ld\u00f6n\u00fcm\u00fcyle ilgili projelerden bir se\u00e7ki haz\u0131rlad\u0131k.","og_url":"https:\/\/www.istanbulberlin.com\/en-de\/joseph-beuys-100\/","og_site_name":"istanbulberlin","article_published_time":"2021-05-12T11:25:39+00:00","article_modified_time":"2021-05-12T11:51:03+00:00","og_image":[{"width":772,"height":600,"url":"https:\/\/www.istanbulberlin.com\/wp-content\/uploads\/2021\/05\/772px-Joseph_beuys_signature.jpg","type":"image\/jpeg"}],"author":"Sedef Ilgic","twitter_card":"summary_large_image","twitter_misc":{"Written by":"Sedef Ilgic","Est. reading time":"2 minutes"},"schema":{"@context":"https:\/\/schema.org","@graph":[{"@type":"Article","@id":"https:\/\/www.istanbulberlin.com\/en-de\/joseph-beuys-100\/#article","isPartOf":{"@id":"https:\/\/www.istanbulberlin.com\/en-de\/joseph-beuys-100\/"},"author":{"name":"Sedef Ilgic","@id":"https:\/\/www.istanbulberlin.com\/#\/schema\/person\/1daa4de5f72c22093adde153bda4c7f2"},"headline":"Joseph Beuys 100 Ya\u015f\u0131nda","datePublished":"2021-05-12T11:25:39+00:00","dateModified":"2021-05-12T11:51:03+00:00","mainEntityOfPage":{"@id":"https:\/\/www.istanbulberlin.com\/en-de\/joseph-beuys-100\/"},"wordCount":213,"commentCount":0,"publisher":{"@id":"https:\/\/www.istanbulberlin.com\/#organization"},"image":{"@id":"https:\/\/www.istanbulberlin.com\/en-de\/joseph-beuys-100\/#primaryimage"},"thumbnailUrl":"https:\/\/www.istanbulberlin.com\/wp-content\/uploads\/2021\/05\/772px-Joseph_beuys_signature.jpg","keywords":["Akbank Sanat","Andy Warhol","John Cage","Joseph Beuys","Marcel Duchamp"],"articleSection":["KISA"],"inLanguage":"en-US","potentialAction":[{"@type":"CommentAction","name":"Comment","target":["https:\/\/www.istanbulberlin.com\/en-de\/joseph-beuys-100\/#respond"]}]},{"@type":"WebPage","@id":"https:\/\/www.istanbulberlin.com\/en-de\/joseph-beuys-100\/","url":"https:\/\/www.istanbulberlin.com\/en-de\/joseph-beuys-100\/","name":"Joseph Beuys 100 Ya\u015f\u0131nda - istanbulberlin","isPartOf":{"@id":"https:\/\/www.istanbulberlin.com\/#website"},"primaryImageOfPage":{"@id":"https:\/\/www.istanbulberlin.com\/en-de\/joseph-beuys-100\/#primaryimage"},"image":{"@id":"https:\/\/www.istanbulberlin.com\/en-de\/joseph-beuys-100\/#primaryimage"},"thumbnailUrl":"https:\/\/www.istanbulberlin.com\/wp-content\/uploads\/2021\/05\/772px-Joseph_beuys_signature.jpg","datePublished":"2021-05-12T11:25:39+00:00","dateModified":"2021-05-12T11:51:03+00:00","description":"Sanat\u00e7\u0131 ve aktivist Joseph Beuys (1921-1986) ya\u015fasayd\u0131, bug\u00fcn 100 ya\u015f\u0131nda olacakt\u0131. Y\u0131ld\u00f6n\u00fcm\u00fcyle ilgili projelerden bir se\u00e7ki haz\u0131rlad\u0131k.","breadcrumb":{"@id":"https:\/\/www.istanbulberlin.com\/en-de\/joseph-beuys-100\/#breadcrumb"},"inLanguage":"en-US","potentialAction":[{"@type":"ReadAction","target":["https:\/\/www.istanbulberlin.com\/en-de\/joseph-beuys-100\/"]}]},{"@type":"ImageObject","inLanguage":"en-US","@id":"https:\/\/www.istanbulberlin.com\/en-de\/joseph-beuys-100\/#primaryimage","url":"https:\/\/www.istanbulberlin.com\/wp-content\/uploads\/2021\/05\/772px-Joseph_beuys_signature.jpg","contentUrl":"https:\/\/www.istanbulberlin.com\/wp-content\/uploads\/2021\/05\/772px-Joseph_beuys_signature.jpg","width":772,"height":600},{"@type":"BreadcrumbList","@id":"https:\/\/www.istanbulberlin.com\/en-de\/joseph-beuys-100\/#breadcrumb","itemListElement":[{"@type":"ListItem","position":1,"name":"Home","item":"https:\/\/www.istanbulberlin.com\/"},{"@type":"ListItem","position":2,"name":"Joseph Beuys 100 Ya\u015f\u0131nda"}]},{"@type":"WebSite","@id":"https:\/\/www.istanbulberlin.com\/#website","url":"https:\/\/www.istanbulberlin.com\/","name":"istanbulberlin","description":"kar\u015f\u0131la\u015fmalar i\u00e7in bir alan . a space for encounters","publisher":{"@id":"https:\/\/www.istanbulberlin.com\/#organization"},"potentialAction":[{"@type":"SearchAction","target":{"@type":"EntryPoint","urlTemplate":"https:\/\/www.istanbulberlin.com\/?s={search_term_string}"},"query-input":{"@type":"PropertyValueSpecification","valueRequired":true,"valueName":"search_term_string"}}],"inLanguage":"en-US"},{"@type":"Organization","@id":"https:\/\/www.istanbulberlin.com\/#organization","name":"istanbulberlin","url":"https:\/\/www.istanbulberlin.com\/","logo":{"@type":"ImageObject","inLanguage":"en-US","@id":"https:\/\/www.istanbulberlin.com\/#\/schema\/logo\/image\/","url":"https:\/\/www.istanbulberlin.com\/wp-content\/uploads\/2020\/05\/logo_c_big.png","contentUrl":"https:\/\/www.istanbulberlin.com\/wp-content\/uploads\/2020\/05\/logo_c_big.png","width":1010,"height":125,"caption":"istanbulberlin"},"image":{"@id":"https:\/\/www.istanbulberlin.com\/#\/schema\/logo\/image\/"}},{"@type":"Person","@id":"https:\/\/www.istanbulberlin.com\/#\/schema\/person\/1daa4de5f72c22093adde153bda4c7f2","name":"Sedef Ilgic","url":false}]}},"_links":{"self":[{"href":"https:\/\/www.istanbulberlin.com\/en-de\/wp-json\/wp\/v2\/posts\/2315","targetHints":{"allow":["GET"]}}],"collection":[{"href":"https:\/\/www.istanbulberlin.com\/en-de\/wp-json\/wp\/v2\/posts"}],"about":[{"href":"https:\/\/www.istanbulberlin.com\/en-de\/wp-json\/wp\/v2\/types\/post"}],"author":[{"embeddable":true,"href":"https:\/\/www.istanbulberlin.com\/en-de\/wp-json\/wp\/v2\/users\/2"}],"replies":[{"embeddable":true,"href":"https:\/\/www.istanbulberlin.com\/en-de\/wp-json\/wp\/v2\/comments?post=2315"}],"version-history":[{"count":2,"href":"https:\/\/www.istanbulberlin.com\/en-de\/wp-json\/wp\/v2\/posts\/2315\/revisions"}],"predecessor-version":[{"id":2320,"href":"https:\/\/www.istanbulberlin.com\/en-de\/wp-json\/wp\/v2\/posts\/2315\/revisions\/2320"}],"wp:featuredmedia":[{"embeddable":true,"href":"https:\/\/www.istanbulberlin.com\/en-de\/wp-json\/wp\/v2\/media\/2318"}],"wp:attachment":[{"href":"https:\/\/www.istanbulberlin.com\/en-de\/wp-json\/wp\/v2\/media?parent=2315"}],"wp:term":[{"taxonomy":"category","embeddable":true,"href":"https:\/\/www.istanbulberlin.com\/en-de\/wp-json\/wp\/v2\/categories?post=2315"},{"taxonomy":"post_tag","embeddable":true,"href":"https:\/\/www.istanbulberlin.com\/en-de\/wp-json\/wp\/v2\/tags?post=2315"}],"curies":[{"name":"wp","href":"https:\/\/api.w.org\/{rel}","templated":true}]}}