{"id":2365,"date":"2021-05-24T13:23:58","date_gmt":"2021-05-24T10:23:58","guid":{"rendered":"https:\/\/www.istanbulberlin.com\/?p=2365"},"modified":"2021-05-27T14:27:52","modified_gmt":"2021-05-27T11:27:52","slug":"inside-the-ring","status":"publish","type":"post","link":"https:\/\/www.istanbulberlin.com\/en-de\/inside-the-ring\/","title":{"rendered":"Ceren Saner: To Survive Inside The Ring with Photographs"},"content":{"rendered":"<pre><a target=\"_blank\" href=\"https:\/\/paperstreet.com.tr\/products\/inside-the-ring-ceren-saner\">Inside The Ring<\/a> Artist Book\nPublished in cooperation with Paper Street Co.\nPhotographs, Kopsept and Design: Ceren Saner\nProject Text: Sailesh Naidu\nJournal text: Ceren Saner\n \n21 x 14.8 cm\n68 page\nCover: 300 gr Granite\nInner Papers: 120 gr matte coated\nText Language: English<\/pre>\n<p><img loading=\"lazy\" decoding=\"async\" class=\"alignnone wp-image-2379 size-full\" src=\"https:\/\/www.istanbulberlin.com\/wp-content\/uploads\/2021\/05\/insidethering_outlook_cover.jpg\" alt=\"\" width=\"1776\" height=\"1184\" srcset=\"https:\/\/www.istanbulberlin.com\/wp-content\/uploads\/2021\/05\/insidethering_outlook_cover.jpg 1776w, https:\/\/www.istanbulberlin.com\/wp-content\/uploads\/2021\/05\/insidethering_outlook_cover-300x200.jpg 300w, https:\/\/www.istanbulberlin.com\/wp-content\/uploads\/2021\/05\/insidethering_outlook_cover-1024x683.jpg 1024w, https:\/\/www.istanbulberlin.com\/wp-content\/uploads\/2021\/05\/insidethering_outlook_cover-768x512.jpg 768w, https:\/\/www.istanbulberlin.com\/wp-content\/uploads\/2021\/05\/insidethering_outlook_cover-1536x1024.jpg 1536w, https:\/\/www.istanbulberlin.com\/wp-content\/uploads\/2021\/05\/insidethering_outlook_cover-16x12.jpg 16w, https:\/\/www.istanbulberlin.com\/wp-content\/uploads\/2021\/05\/insidethering_outlook_cover-18x13.jpg 18w\" sizes=\"auto, (max-width: 1776px) 100vw, 1776px\" \/><\/p>\n<p>Every year for three days <a target=\"_blank\" href=\"https:\/\/www.border-l-e-s-s.com\/art-book-days\">border_less ARTBOOK DAYS<\/a> aims to bring artists, galleries, initiatives and institutions that have publications and work with texts together.<\/p>\n<p>I would like to introduce a book to you, that you could find border_less ARTBOOK DAYS this year, taking place on May 26-28, both at the <a target=\"_blank\" href=\"https:\/\/paperstreet.com.tr\/collections\/sanatci-kitabi\/products\/inside-the-ring-ceren-saner\">Paper Street Co.<\/a> and <a target=\"_blank\" href=\"https:\/\/s-k-a.org\/\">Artist book space ska<\/a> stands.<\/p>\n<p>Istanbul <span style=\"font-size: 1.21429rem;\">born,<\/span><span style=\"font-size: 1.21429rem;\">Berlin based visual artist <\/span><a style=\"font-size: 1.21429rem;\" target=\"_blank\" href=\"http:\/\/cerensaner.com\/tr\/\">Ceren Saner<\/a><span style=\"font-size: 1.21429rem;\">'s first artist book \u201cInside The Ring\u201d <\/span><span style=\"font-size: 1.21429rem;\">brings together a selection from her current series of photographs and videos, starting with moments from Berlin. <\/span>hayat\u0131ndan anlarla ba\u015flayan ve devam etmekte olan g\u00fcncel foto\u011fraf ve video serisinden bir se\u00e7kiyi bir araya getiriyor.<\/p>\n<p><img loading=\"lazy\" decoding=\"async\" class=\"alignnone wp-image-2381 size-full\" src=\"https:\/\/www.istanbulberlin.com\/wp-content\/uploads\/2021\/05\/insidethering_outlook_04.jpg\" alt=\"\" width=\"1776\" height=\"1184\" srcset=\"https:\/\/www.istanbulberlin.com\/wp-content\/uploads\/2021\/05\/insidethering_outlook_04.jpg 1776w, https:\/\/www.istanbulberlin.com\/wp-content\/uploads\/2021\/05\/insidethering_outlook_04-300x200.jpg 300w, https:\/\/www.istanbulberlin.com\/wp-content\/uploads\/2021\/05\/insidethering_outlook_04-1024x683.jpg 1024w, https:\/\/www.istanbulberlin.com\/wp-content\/uploads\/2021\/05\/insidethering_outlook_04-768x512.jpg 768w, https:\/\/www.istanbulberlin.com\/wp-content\/uploads\/2021\/05\/insidethering_outlook_04-1536x1024.jpg 1536w, https:\/\/www.istanbulberlin.com\/wp-content\/uploads\/2021\/05\/insidethering_outlook_04-16x12.jpg 16w, https:\/\/www.istanbulberlin.com\/wp-content\/uploads\/2021\/05\/insidethering_outlook_04-18x13.jpg 18w\" sizes=\"auto, (max-width: 1776px) 100vw, 1776px\" \/><\/p>\n<p><span style=\"font-size: 1.21429rem;\">The book takes it's name from the \"ring bahn\" the train route that is a circle around Berlin. At the same time references the boxing ring. <a target=\"_blank\" href=\"https:\/\/kaosgl.org\/haber\/ringin-icinde-fotograflar-hayatta-kalma-seklim\">As she states at the Kaos GL interview,<\/a> photographs are always \"the way to survive\" for her.<\/span><\/p>\n<p><img loading=\"lazy\" decoding=\"async\" class=\"alignnone wp-image-2382 size-full\" src=\"https:\/\/www.istanbulberlin.com\/wp-content\/uploads\/2021\/05\/insidethering_outlook_02.jpg\" alt=\"\" width=\"1776\" height=\"1184\" srcset=\"https:\/\/www.istanbulberlin.com\/wp-content\/uploads\/2021\/05\/insidethering_outlook_02.jpg 1776w, https:\/\/www.istanbulberlin.com\/wp-content\/uploads\/2021\/05\/insidethering_outlook_02-300x200.jpg 300w, https:\/\/www.istanbulberlin.com\/wp-content\/uploads\/2021\/05\/insidethering_outlook_02-1024x683.jpg 1024w, https:\/\/www.istanbulberlin.com\/wp-content\/uploads\/2021\/05\/insidethering_outlook_02-768x512.jpg 768w, https:\/\/www.istanbulberlin.com\/wp-content\/uploads\/2021\/05\/insidethering_outlook_02-1536x1024.jpg 1536w, https:\/\/www.istanbulberlin.com\/wp-content\/uploads\/2021\/05\/insidethering_outlook_02-16x12.jpg 16w, https:\/\/www.istanbulberlin.com\/wp-content\/uploads\/2021\/05\/insidethering_outlook_02-18x13.jpg 18w\" sizes=\"auto, (max-width: 1776px) 100vw, 1776px\" \/><\/p>\n<p>The artist numbers the book that is published with 300 editions and contains sections hand-sewn by her. These stitches leave traces on the photographs at the reverse side of the pages.<\/p>\n<p>The artist tells the sewed<img loading=\"lazy\" decoding=\"async\" class=\"wp-image-2384 alignleft\" style=\"font-size: 19.4286px;\" src=\"https:\/\/www.istanbulberlin.com\/wp-content\/uploads\/2021\/05\/IMG_0816.jpg\" alt=\"\" width=\"334\" height=\"334\" srcset=\"https:\/\/www.istanbulberlin.com\/wp-content\/uploads\/2021\/05\/IMG_0816.jpg 1080w, https:\/\/www.istanbulberlin.com\/wp-content\/uploads\/2021\/05\/IMG_0816-300x300.jpg 300w, https:\/\/www.istanbulberlin.com\/wp-content\/uploads\/2021\/05\/IMG_0816-1024x1024.jpg 1024w, https:\/\/www.istanbulberlin.com\/wp-content\/uploads\/2021\/05\/IMG_0816-150x150.jpg 150w, https:\/\/www.istanbulberlin.com\/wp-content\/uploads\/2021\/05\/IMG_0816-768x768.jpg 768w, https:\/\/www.istanbulberlin.com\/wp-content\/uploads\/2021\/05\/IMG_0816-12x12.jpg 12w, https:\/\/www.istanbulberlin.com\/wp-content\/uploads\/2021\/05\/IMG_0816-180x180.jpg 180w, https:\/\/www.istanbulberlin.com\/wp-content\/uploads\/2021\/05\/IMG_0816-400x400.jpg 400w, https:\/\/www.istanbulberlin.com\/wp-content\/uploads\/2021\/05\/IMG_0816-600x600.jpg 600w, https:\/\/www.istanbulberlin.com\/wp-content\/uploads\/2021\/05\/IMG_0816-18x18.jpg 18w\" sizes=\"auto, (max-width: 334px) 100vw, 334px\" \/>sections are her self-portraits and she sums her preference of this design as \u201csewing herself to the city\u201d. She says, \u201cAnd this can be expressed as a bond for myself in a place where I do not have a feeling of belonging, to create a trace from me to survive.\u201d<\/p>\n<p>The artist leaves the needle she sews the sections with in that edition. Thus, the viewer could be a part of the process and she remarks the sewing has not come to an end yet.<\/p>\n<p><img loading=\"lazy\" decoding=\"async\" class=\"alignnone size-full wp-image-2385\" style=\"color: rgba(0, 0, 0, 0.7); font-size: 1.21429rem;\" src=\"https:\/\/www.istanbulberlin.com\/wp-content\/uploads\/2021\/05\/3-1.jpg\" alt=\"\" width=\"911\" height=\"649\" srcset=\"https:\/\/www.istanbulberlin.com\/wp-content\/uploads\/2021\/05\/3-1.jpg 911w, https:\/\/www.istanbulberlin.com\/wp-content\/uploads\/2021\/05\/3-1-300x214.jpg 300w, https:\/\/www.istanbulberlin.com\/wp-content\/uploads\/2021\/05\/3-1-768x547.jpg 768w, https:\/\/www.istanbulberlin.com\/wp-content\/uploads\/2021\/05\/3-1-16x12.jpg 16w, https:\/\/www.istanbulberlin.com\/wp-content\/uploads\/2021\/05\/3-1-18x13.jpg 18w\" sizes=\"auto, (max-width: 911px) 100vw, 911px\" \/><\/p>","protected":false},"excerpt":{"rendered":"<p>Inside The Ring (Ringin \u0130\u00e7inden) Sanat\u00e7\u0131 Kitab\u0131 Paper Street Co. \u0130\u015fbirli\u011fiyle Foto\u011fraflar, Konsept ve Tasar\u0131m: Ceren Saner Proje Metni: Sailesh Naidu G\u00fcnce metni: Ceren Saner 21 x 14.8 cm, 68 sayfa Kapak: 300 gr Granit \u0130\u00e7 Ka\u011f\u0131tlar: 120 gr mat ku\u015fe Metin Dili: \u0130ngilizce Her sene \u00fc\u00e7 g\u00fcn boyunca border_less ARTBOOK DAYS metin \u00fczerine \u00e7al\u0131\u015fan ve yay\u0131n\u0131 olan sanat\u00e7\u0131 ve inisiyatifleri; m\u00fcze, galeri, kurum ve enstit\u00fcleri bir araya getiriyor. Bu sene 26-28 May\u0131s tarihleri aras\u0131nda ger\u00e7ekle\u015fen border_less&#8217;ta hem Paper Street Co. hem de Sanat\u00e7\u0131 Kitab\u0131 Alan\u0131 ska stand\u0131nda inceleyip edinebilece\u011finiz bir kitab\u0131 sizlere tan\u0131tmak istiyorum. \u0130stanbul do\u011fumlu Berlin\u2019de ya\u015fayan g\u00f6rsel [&hellip;]<\/p>","protected":false},"author":2,"featured_media":2384,"comment_status":"open","ping_status":"open","sticky":false,"template":"","format":"standard","meta":{"footnotes":""},"categories":[500],"tags":[675,673,674,678,677,676],"class_list":["post-2365","post","type-post","status-publish","format-standard","has-post-thumbnail","hentry","category-short","tag-border_less-artbook-days","tag-ceren-saner","tag-inside-the-ring","tag-kaos-gl","tag-paper-street-co","tag-ska"],"yoast_head":"<!-- This site is optimized with the Yoast SEO plugin v26.6 - https:\/\/yoast.com\/wordpress\/plugins\/seo\/ -->\n<title>Ceren Saner: Ringin \u0130\u00e7inde Foto\u011fraflarla Hayatta Kalmak - istanbulberlin<\/title>\n<meta name=\"description\" content=\"\u0130stanbul do\u011fumlu Berlin\u2019de ya\u015fayan g\u00f6rsel sanat\u00e7\u0131 Ceren Saner\u2019in ilk sanat\u00e7\u0131 kitab\u0131 \u201cInside The Ring\u201d border_less ARTBOOK DAYS&#039;de!\" \/>\n<meta name=\"robots\" content=\"index, follow, max-snippet:-1, max-image-preview:large, max-video-preview:-1\" \/>\n<link rel=\"canonical\" href=\"https:\/\/www.istanbulberlin.com\/en-de\/inside-the-ring\/\" \/>\n<meta property=\"og:locale\" content=\"en_US\" \/>\n<meta property=\"og:type\" content=\"article\" \/>\n<meta property=\"og:title\" content=\"Ceren Saner: Ringin \u0130\u00e7inde Foto\u011fraflarla Hayatta Kalmak - istanbulberlin\" \/>\n<meta property=\"og:description\" content=\"\u0130stanbul do\u011fumlu Berlin\u2019de ya\u015fayan g\u00f6rsel sanat\u00e7\u0131 Ceren Saner\u2019in ilk sanat\u00e7\u0131 kitab\u0131 \u201cInside The Ring\u201d border_less ARTBOOK DAYS&#039;de!\" \/>\n<meta property=\"og:url\" content=\"https:\/\/www.istanbulberlin.com\/en-de\/inside-the-ring\/\" \/>\n<meta property=\"og:site_name\" content=\"istanbulberlin\" \/>\n<meta property=\"article:published_time\" content=\"2021-05-24T10:23:58+00:00\" \/>\n<meta property=\"article:modified_time\" content=\"2021-05-27T11:27:52+00:00\" \/>\n<meta property=\"og:image\" content=\"https:\/\/www.istanbulberlin.com\/wp-content\/uploads\/2021\/05\/IMG_0816.jpg\" \/>\n\t<meta property=\"og:image:width\" content=\"1080\" \/>\n\t<meta property=\"og:image:height\" content=\"1080\" \/>\n\t<meta property=\"og:image:type\" content=\"image\/jpeg\" \/>\n<meta name=\"author\" content=\"Sedef Ilgic\" \/>\n<meta name=\"twitter:card\" content=\"summary_large_image\" \/>\n<meta name=\"twitter:label1\" content=\"Written by\" \/>\n\t<meta name=\"twitter:data1\" content=\"Sedef Ilgic\" \/>\n\t<meta name=\"twitter:label2\" content=\"Est. reading time\" \/>\n\t<meta name=\"twitter:data2\" content=\"3 minutes\" \/>\n<script type=\"application\/ld+json\" class=\"yoast-schema-graph\">{\"@context\":\"https:\/\/schema.org\",\"@graph\":[{\"@type\":\"Article\",\"@id\":\"https:\/\/www.istanbulberlin.com\/en-de\/inside-the-ring\/#article\",\"isPartOf\":{\"@id\":\"https:\/\/www.istanbulberlin.com\/en-de\/inside-the-ring\/\"},\"author\":{\"name\":\"Sedef Ilgic\",\"@id\":\"https:\/\/www.istanbulberlin.com\/#\/schema\/person\/1daa4de5f72c22093adde153bda4c7f2\"},\"headline\":\"Ceren Saner: Ringin \u0130\u00e7inde Foto\u011fraflarla Hayatta Kalmak\",\"datePublished\":\"2021-05-24T10:23:58+00:00\",\"dateModified\":\"2021-05-27T11:27:52+00:00\",\"mainEntityOfPage\":{\"@id\":\"https:\/\/www.istanbulberlin.com\/en-de\/inside-the-ring\/\"},\"wordCount\":289,\"commentCount\":0,\"publisher\":{\"@id\":\"https:\/\/www.istanbulberlin.com\/#organization\"},\"image\":{\"@id\":\"https:\/\/www.istanbulberlin.com\/en-de\/inside-the-ring\/#primaryimage\"},\"thumbnailUrl\":\"https:\/\/www.istanbulberlin.com\/wp-content\/uploads\/2021\/05\/IMG_0816.jpg\",\"keywords\":[\"border_less ARTBOOK DAYS\",\"Ceren Saner\",\"Inside The Ring\",\"Kaos GL\",\"Paper Street Co.\",\"ska\"],\"articleSection\":[\"KISA\"],\"inLanguage\":\"en-US\",\"potentialAction\":[{\"@type\":\"CommentAction\",\"name\":\"Comment\",\"target\":[\"https:\/\/www.istanbulberlin.com\/en-de\/inside-the-ring\/#respond\"]}]},{\"@type\":\"WebPage\",\"@id\":\"https:\/\/www.istanbulberlin.com\/en-de\/inside-the-ring\/\",\"url\":\"https:\/\/www.istanbulberlin.com\/en-de\/inside-the-ring\/\",\"name\":\"Ceren Saner: Ringin \u0130\u00e7inde Foto\u011fraflarla Hayatta Kalmak - istanbulberlin\",\"isPartOf\":{\"@id\":\"https:\/\/www.istanbulberlin.com\/#website\"},\"primaryImageOfPage\":{\"@id\":\"https:\/\/www.istanbulberlin.com\/en-de\/inside-the-ring\/#primaryimage\"},\"image\":{\"@id\":\"https:\/\/www.istanbulberlin.com\/en-de\/inside-the-ring\/#primaryimage\"},\"thumbnailUrl\":\"https:\/\/www.istanbulberlin.com\/wp-content\/uploads\/2021\/05\/IMG_0816.jpg\",\"datePublished\":\"2021-05-24T10:23:58+00:00\",\"dateModified\":\"2021-05-27T11:27:52+00:00\",\"description\":\"\u0130stanbul do\u011fumlu Berlin\u2019de ya\u015fayan g\u00f6rsel sanat\u00e7\u0131 Ceren Saner\u2019in ilk sanat\u00e7\u0131 kitab\u0131 \u201cInside The Ring\u201d border_less ARTBOOK DAYS'de!\",\"breadcrumb\":{\"@id\":\"https:\/\/www.istanbulberlin.com\/en-de\/inside-the-ring\/#breadcrumb\"},\"inLanguage\":\"en-US\",\"potentialAction\":[{\"@type\":\"ReadAction\",\"target\":[\"https:\/\/www.istanbulberlin.com\/en-de\/inside-the-ring\/\"]}]},{\"@type\":\"ImageObject\",\"inLanguage\":\"en-US\",\"@id\":\"https:\/\/www.istanbulberlin.com\/en-de\/inside-the-ring\/#primaryimage\",\"url\":\"https:\/\/www.istanbulberlin.com\/wp-content\/uploads\/2021\/05\/IMG_0816.jpg\",\"contentUrl\":\"https:\/\/www.istanbulberlin.com\/wp-content\/uploads\/2021\/05\/IMG_0816.jpg\",\"width\":1080,\"height\":1080},{\"@type\":\"BreadcrumbList\",\"@id\":\"https:\/\/www.istanbulberlin.com\/en-de\/inside-the-ring\/#breadcrumb\",\"itemListElement\":[{\"@type\":\"ListItem\",\"position\":1,\"name\":\"Home\",\"item\":\"https:\/\/www.istanbulberlin.com\/\"},{\"@type\":\"ListItem\",\"position\":2,\"name\":\"Ceren Saner: Ringin \u0130\u00e7inde Foto\u011fraflarla Hayatta Kalmak\"}]},{\"@type\":\"WebSite\",\"@id\":\"https:\/\/www.istanbulberlin.com\/#website\",\"url\":\"https:\/\/www.istanbulberlin.com\/\",\"name\":\"istanbulberlin\",\"description\":\"kar\u015f\u0131la\u015fmalar i\u00e7in bir alan . a space for encounters\",\"publisher\":{\"@id\":\"https:\/\/www.istanbulberlin.com\/#organization\"},\"potentialAction\":[{\"@type\":\"SearchAction\",\"target\":{\"@type\":\"EntryPoint\",\"urlTemplate\":\"https:\/\/www.istanbulberlin.com\/?s={search_term_string}\"},\"query-input\":{\"@type\":\"PropertyValueSpecification\",\"valueRequired\":true,\"valueName\":\"search_term_string\"}}],\"inLanguage\":\"en-US\"},{\"@type\":\"Organization\",\"@id\":\"https:\/\/www.istanbulberlin.com\/#organization\",\"name\":\"istanbulberlin\",\"url\":\"https:\/\/www.istanbulberlin.com\/\",\"logo\":{\"@type\":\"ImageObject\",\"inLanguage\":\"en-US\",\"@id\":\"https:\/\/www.istanbulberlin.com\/#\/schema\/logo\/image\/\",\"url\":\"https:\/\/www.istanbulberlin.com\/wp-content\/uploads\/2020\/05\/logo_c_big.png\",\"contentUrl\":\"https:\/\/www.istanbulberlin.com\/wp-content\/uploads\/2020\/05\/logo_c_big.png\",\"width\":1010,\"height\":125,\"caption\":\"istanbulberlin\"},\"image\":{\"@id\":\"https:\/\/www.istanbulberlin.com\/#\/schema\/logo\/image\/\"}},{\"@type\":\"Person\",\"@id\":\"https:\/\/www.istanbulberlin.com\/#\/schema\/person\/1daa4de5f72c22093adde153bda4c7f2\",\"name\":\"Sedef Ilgic\",\"url\":false}]}<\/script>\n<!-- \/ Yoast SEO plugin. -->","yoast_head_json":{"title":"Ceren Saner: Ringin \u0130\u00e7inde Foto\u011fraflarla Hayatta Kalmak - istanbulberlin","description":"\u0130stanbul do\u011fumlu Berlin\u2019de ya\u015fayan g\u00f6rsel sanat\u00e7\u0131 Ceren Saner\u2019in ilk sanat\u00e7\u0131 kitab\u0131 \u201cInside The Ring\u201d border_less ARTBOOK DAYS'de!","robots":{"index":"index","follow":"follow","max-snippet":"max-snippet:-1","max-image-preview":"max-image-preview:large","max-video-preview":"max-video-preview:-1"},"canonical":"https:\/\/www.istanbulberlin.com\/en-de\/inside-the-ring\/","og_locale":"en_US","og_type":"article","og_title":"Ceren Saner: Ringin \u0130\u00e7inde Foto\u011fraflarla Hayatta Kalmak - istanbulberlin","og_description":"\u0130stanbul do\u011fumlu Berlin\u2019de ya\u015fayan g\u00f6rsel sanat\u00e7\u0131 Ceren Saner\u2019in ilk sanat\u00e7\u0131 kitab\u0131 \u201cInside The Ring\u201d border_less ARTBOOK DAYS'de!","og_url":"https:\/\/www.istanbulberlin.com\/en-de\/inside-the-ring\/","og_site_name":"istanbulberlin","article_published_time":"2021-05-24T10:23:58+00:00","article_modified_time":"2021-05-27T11:27:52+00:00","og_image":[{"width":1080,"height":1080,"url":"https:\/\/www.istanbulberlin.com\/wp-content\/uploads\/2021\/05\/IMG_0816.jpg","type":"image\/jpeg"}],"author":"Sedef Ilgic","twitter_card":"summary_large_image","twitter_misc":{"Written by":"Sedef Ilgic","Est. reading time":"3 minutes"},"schema":{"@context":"https:\/\/schema.org","@graph":[{"@type":"Article","@id":"https:\/\/www.istanbulberlin.com\/en-de\/inside-the-ring\/#article","isPartOf":{"@id":"https:\/\/www.istanbulberlin.com\/en-de\/inside-the-ring\/"},"author":{"name":"Sedef Ilgic","@id":"https:\/\/www.istanbulberlin.com\/#\/schema\/person\/1daa4de5f72c22093adde153bda4c7f2"},"headline":"Ceren Saner: Ringin \u0130\u00e7inde Foto\u011fraflarla Hayatta Kalmak","datePublished":"2021-05-24T10:23:58+00:00","dateModified":"2021-05-27T11:27:52+00:00","mainEntityOfPage":{"@id":"https:\/\/www.istanbulberlin.com\/en-de\/inside-the-ring\/"},"wordCount":289,"commentCount":0,"publisher":{"@id":"https:\/\/www.istanbulberlin.com\/#organization"},"image":{"@id":"https:\/\/www.istanbulberlin.com\/en-de\/inside-the-ring\/#primaryimage"},"thumbnailUrl":"https:\/\/www.istanbulberlin.com\/wp-content\/uploads\/2021\/05\/IMG_0816.jpg","keywords":["border_less ARTBOOK DAYS","Ceren Saner","Inside The Ring","Kaos GL","Paper Street Co.","ska"],"articleSection":["KISA"],"inLanguage":"en-US","potentialAction":[{"@type":"CommentAction","name":"Comment","target":["https:\/\/www.istanbulberlin.com\/en-de\/inside-the-ring\/#respond"]}]},{"@type":"WebPage","@id":"https:\/\/www.istanbulberlin.com\/en-de\/inside-the-ring\/","url":"https:\/\/www.istanbulberlin.com\/en-de\/inside-the-ring\/","name":"Ceren Saner: Ringin \u0130\u00e7inde Foto\u011fraflarla Hayatta Kalmak - istanbulberlin","isPartOf":{"@id":"https:\/\/www.istanbulberlin.com\/#website"},"primaryImageOfPage":{"@id":"https:\/\/www.istanbulberlin.com\/en-de\/inside-the-ring\/#primaryimage"},"image":{"@id":"https:\/\/www.istanbulberlin.com\/en-de\/inside-the-ring\/#primaryimage"},"thumbnailUrl":"https:\/\/www.istanbulberlin.com\/wp-content\/uploads\/2021\/05\/IMG_0816.jpg","datePublished":"2021-05-24T10:23:58+00:00","dateModified":"2021-05-27T11:27:52+00:00","description":"\u0130stanbul do\u011fumlu Berlin\u2019de ya\u015fayan g\u00f6rsel sanat\u00e7\u0131 Ceren Saner\u2019in ilk sanat\u00e7\u0131 kitab\u0131 \u201cInside The Ring\u201d border_less ARTBOOK DAYS'de!","breadcrumb":{"@id":"https:\/\/www.istanbulberlin.com\/en-de\/inside-the-ring\/#breadcrumb"},"inLanguage":"en-US","potentialAction":[{"@type":"ReadAction","target":["https:\/\/www.istanbulberlin.com\/en-de\/inside-the-ring\/"]}]},{"@type":"ImageObject","inLanguage":"en-US","@id":"https:\/\/www.istanbulberlin.com\/en-de\/inside-the-ring\/#primaryimage","url":"https:\/\/www.istanbulberlin.com\/wp-content\/uploads\/2021\/05\/IMG_0816.jpg","contentUrl":"https:\/\/www.istanbulberlin.com\/wp-content\/uploads\/2021\/05\/IMG_0816.jpg","width":1080,"height":1080},{"@type":"BreadcrumbList","@id":"https:\/\/www.istanbulberlin.com\/en-de\/inside-the-ring\/#breadcrumb","itemListElement":[{"@type":"ListItem","position":1,"name":"Home","item":"https:\/\/www.istanbulberlin.com\/"},{"@type":"ListItem","position":2,"name":"Ceren Saner: Ringin \u0130\u00e7inde Foto\u011fraflarla Hayatta Kalmak"}]},{"@type":"WebSite","@id":"https:\/\/www.istanbulberlin.com\/#website","url":"https:\/\/www.istanbulberlin.com\/","name":"istanbulberlin","description":"kar\u015f\u0131la\u015fmalar i\u00e7in bir alan . a space for encounters","publisher":{"@id":"https:\/\/www.istanbulberlin.com\/#organization"},"potentialAction":[{"@type":"SearchAction","target":{"@type":"EntryPoint","urlTemplate":"https:\/\/www.istanbulberlin.com\/?s={search_term_string}"},"query-input":{"@type":"PropertyValueSpecification","valueRequired":true,"valueName":"search_term_string"}}],"inLanguage":"en-US"},{"@type":"Organization","@id":"https:\/\/www.istanbulberlin.com\/#organization","name":"istanbulberlin","url":"https:\/\/www.istanbulberlin.com\/","logo":{"@type":"ImageObject","inLanguage":"en-US","@id":"https:\/\/www.istanbulberlin.com\/#\/schema\/logo\/image\/","url":"https:\/\/www.istanbulberlin.com\/wp-content\/uploads\/2020\/05\/logo_c_big.png","contentUrl":"https:\/\/www.istanbulberlin.com\/wp-content\/uploads\/2020\/05\/logo_c_big.png","width":1010,"height":125,"caption":"istanbulberlin"},"image":{"@id":"https:\/\/www.istanbulberlin.com\/#\/schema\/logo\/image\/"}},{"@type":"Person","@id":"https:\/\/www.istanbulberlin.com\/#\/schema\/person\/1daa4de5f72c22093adde153bda4c7f2","name":"Sedef Ilgic","url":false}]}},"_links":{"self":[{"href":"https:\/\/www.istanbulberlin.com\/en-de\/wp-json\/wp\/v2\/posts\/2365","targetHints":{"allow":["GET"]}}],"collection":[{"href":"https:\/\/www.istanbulberlin.com\/en-de\/wp-json\/wp\/v2\/posts"}],"about":[{"href":"https:\/\/www.istanbulberlin.com\/en-de\/wp-json\/wp\/v2\/types\/post"}],"author":[{"embeddable":true,"href":"https:\/\/www.istanbulberlin.com\/en-de\/wp-json\/wp\/v2\/users\/2"}],"replies":[{"embeddable":true,"href":"https:\/\/www.istanbulberlin.com\/en-de\/wp-json\/wp\/v2\/comments?post=2365"}],"version-history":[{"count":4,"href":"https:\/\/www.istanbulberlin.com\/en-de\/wp-json\/wp\/v2\/posts\/2365\/revisions"}],"predecessor-version":[{"id":2387,"href":"https:\/\/www.istanbulberlin.com\/en-de\/wp-json\/wp\/v2\/posts\/2365\/revisions\/2387"}],"wp:featuredmedia":[{"embeddable":true,"href":"https:\/\/www.istanbulberlin.com\/en-de\/wp-json\/wp\/v2\/media\/2384"}],"wp:attachment":[{"href":"https:\/\/www.istanbulberlin.com\/en-de\/wp-json\/wp\/v2\/media?parent=2365"}],"wp:term":[{"taxonomy":"category","embeddable":true,"href":"https:\/\/www.istanbulberlin.com\/en-de\/wp-json\/wp\/v2\/categories?post=2365"},{"taxonomy":"post_tag","embeddable":true,"href":"https:\/\/www.istanbulberlin.com\/en-de\/wp-json\/wp\/v2\/tags?post=2365"}],"curies":[{"name":"wp","href":"https:\/\/api.w.org\/{rel}","templated":true}]}}