{"id":2744,"date":"2021-09-28T09:49:59","date_gmt":"2021-09-28T06:49:59","guid":{"rendered":"https:\/\/www.istanbulberlin.com\/?p=2744"},"modified":"2021-09-29T00:14:43","modified_gmt":"2021-09-28T21:14:43","slug":"martin-greve","status":"publish","type":"post","link":"https:\/\/www.istanbulberlin.com\/en-de\/martin-greve\/","title":{"rendered":"Martin Greve in Short"},"content":{"rendered":"<p><span style=\"font-weight: 400;\">The book \u201cThe Music of Imagined Turkey\u201d is one of the leading investigations into music from Turkey in Germany, particularly the era up until the 1990\u2019s. The result of eight years of comprehensive field studies, this book remains one of the most important resources in the field despite the twenty years that have elapsed. <\/span><\/p>\n<p><span style=\"font-weight: 400;\">We are delighted to share the story in short of <a target=\"_blank\" href=\"https:\/\/oiist.academia.edu\/MartinGreve\">Martin Greve<\/a>, the German musicologist who has been a resident of Istanbul for many years.<\/span><\/p>\n<p>Translated to English by Zeynep Beler.<\/p>\n<blockquote><p><span style=\"font-weight: 400;\">I was living in Berlin and all my neighbors were Turkish. I worked up a connection with the kids of my closest neighbors. In turn they wondered what this German was up to. I played the recorder for them and then gifted them with their own. In return, they gave me two cassette tapes. One was by Ajda Pekkan and the other by K\u00fc\u00e7\u00fck Emrah. Emrah really was young - \u201ck\u00fc\u00e7\u00fck\u201d - back then. And that\u2019s how it all began.<\/span><\/p>\n<p><span style=\"font-weight: 400;\">As you know, between 1983-84 the German government would pay 10,000 Marks each to every family that returned to Turkey.<\/span><span style=\"font-weight: 400;\"> My neighbors also took advantage of the payout to move back. As I helped them pack up, they invited me to Turkey. <\/span><\/p>\n<p><span style=\"font-weight: 400;\">Thinking as I did like a German, I took them at their word and accepted in order not to be rude. That\u2019s how I came to Turkey for the first time. First I went to Leningrad with my father and then crossed over to Turkey in what became a very long journey. Passing through Tbilisi and into Kars, I had a shock. Then I continued onwards to the south and had another shock in Marmaris. Could Kars and Marmaris be in the same country? I joined a course in music. There we listened to old gramophone records of old Turkish classical music such as Haf\u0131z Burhan. I went back to the tapes I had been given by my neighbors to see that they were inscribed as classical music as well. <\/span><\/p>\n<p><span style=\"font-weight: 400;\">How\u200c \u200ccould\u200c \u200cHaf\u0131z\u200c \u200cBurhan\u200c \u200cand\u200c \u200cAjda\u200c \u200cPekkan\u200c \u200cbe\u200c \u200cdenoted\u200c \u200cas\u200c \u200cthe\u200c \u200c\nsame?\u200c \u200cI\u200c \u200ccould\u200c \u200cresearch\u200c \u200cit\u200c \u200call\u200c \u200cmy\u200c \u200clife\u200c \u200cand\u200c \u200cstill\u200c \u200cnot\u200c \u200cget\u200c \u200cthe\u200c \u200cwhole\u200c \u200cpicture,\u200c \u200cbut\u200c \u200cthe\u200c \u200cjoy\u200c \u200cin\u200c \u200cthat\u200c \u200c\nkeeps\u200c \u200cme\u200c \u200ccarrying\u200c \u200con.\u200c \u200c<\/span><\/p><\/blockquote>\n<p>This piece is written in the framework of #60JahreMusik project financed by Berlin Yunus Emre Institute.<\/p>","protected":false},"excerpt":{"rendered":"<p>Almanya&#8217;daki T\u00fcrkiye&#8217;den m\u00fczik ara\u015ft\u0131rmalar\u0131n\u0131n ba\u015f\u0131nda, \u00f6zellikle 1990&#8217;lara kadarki d\u00f6nemle ilgili \u201cHayali T\u00fcrkiye\u2019nin M\u00fczi\u011fi\u201d kitab\u0131 geliyor. Sekiz y\u0131l s\u00fcren kapsaml\u0131 bir alan \u00e7al\u0131\u015fmas\u0131 sonucu ortaya \u00e7\u0131km\u0131\u015f bu kitap yaz\u0131l\u0131\u015f\u0131n\u0131n \u00fczerinden ge\u00e7en yirmi y\u0131la ra\u011fmen h\u00e2l\u00e2 en \u00f6nemli kaynaklardan biri. Kitab\u0131n yazar\u0131, uzun y\u0131llard\u0131r \u0130stanbul\u2019da ya\u015fayan Alman M\u00fczikolog Martin Greve&#8216;nin hik\u00e2yesini k\u0131saca payla\u015fmaktan mutluyuz. \u0130ngilizce \u00e7evirisi Zeynep Beler taraf\u0131ndan yap\u0131lm\u0131\u015ft\u0131r. Berlin\u2019de ya\u015f\u0131yordum, kom\u015fular\u0131m\u0131n hepsi T\u00fcrk\u2019t\u00fc. Yak\u0131n kom\u015fular\u0131n\u00a0\u00e7ocuklar\u0131yla ili\u015fki kurdum. Onlar da \u201cBu Alman ne yap\u0131yor?\u201d diye merak\u00a0ettiler. Onlara blok fl\u00fct \u00e7ald\u0131m, sonra da birer fl\u00fct hediye ettim. Kar\u015f\u0131l\u0131\u011f\u0131nda\u00a0onlar da bana iki kaset hediye etti. Kasetlerin biri Ajda Pekkan ve di\u011feri\u00a0K\u00fc\u00e7\u00fck Emrah\u2019\u0131nd\u0131. O [&hellip;]<\/p>","protected":false},"author":2,"featured_media":2745,"comment_status":"open","ping_status":"open","sticky":false,"template":"","format":"standard","meta":{"footnotes":""},"categories":[698,705],"tags":[700,693,709,708,187,858],"class_list":["post-2744","post","type-post","status-publish","format-standard","has-post-thumbnail","hentry","category-60jahremusik","category-kisaca","tag-60jahremusik","tag-berlin-yunus-emre-enstitusu","tag-hayali-turkiyenin-muzigi","tag-martin-greve","tag-muzik","tag-muzikoloji"],"yoast_head":"<!-- This site is optimized with the Yoast SEO plugin v26.6 - https:\/\/yoast.com\/wordpress\/plugins\/seo\/ -->\n<title>Martin Greve ile K\u0131saca<\/title>\n<meta name=\"description\" content=\"&quot;Almanya\u2019da &#039;Hayali T\u00fcrkiye&#039;nin M\u00fczi\u011fi&quot; kitab\u0131n\u0131n yazar\u0131, \u0130stanbul&#039;da ya\u015fayan Alman M\u00fczikolog Martin Greve&#039;nin k\u0131saca hikayesi...\" \/>\n<meta name=\"robots\" content=\"index, follow, max-snippet:-1, max-image-preview:large, max-video-preview:-1\" \/>\n<link rel=\"canonical\" href=\"https:\/\/www.istanbulberlin.com\/en-de\/martin-greve\/\" \/>\n<meta property=\"og:locale\" content=\"en_US\" \/>\n<meta property=\"og:type\" content=\"article\" \/>\n<meta property=\"og:title\" content=\"Martin Greve ile K\u0131saca\" \/>\n<meta property=\"og:description\" content=\"&quot;Almanya\u2019da &#039;Hayali T\u00fcrkiye&#039;nin M\u00fczi\u011fi&quot; kitab\u0131n\u0131n yazar\u0131, \u0130stanbul&#039;da ya\u015fayan Alman M\u00fczikolog Martin Greve&#039;nin k\u0131saca hikayesi...\" \/>\n<meta property=\"og:url\" content=\"https:\/\/www.istanbulberlin.com\/en-de\/martin-greve\/\" \/>\n<meta property=\"og:site_name\" content=\"istanbulberlin\" \/>\n<meta property=\"article:published_time\" content=\"2021-09-28T06:49:59+00:00\" \/>\n<meta property=\"article:modified_time\" content=\"2021-09-28T21:14:43+00:00\" \/>\n<meta property=\"og:image\" content=\"https:\/\/www.istanbulberlin.com\/wp-content\/uploads\/2021\/09\/IMG-20180428-WA0001.jpeg\" \/>\n\t<meta property=\"og:image:width\" content=\"1600\" \/>\n\t<meta property=\"og:image:height\" content=\"1200\" \/>\n\t<meta property=\"og:image:type\" content=\"image\/jpeg\" \/>\n<meta name=\"author\" content=\"Sedef Ilgic\" \/>\n<meta name=\"twitter:card\" content=\"summary_large_image\" \/>\n<meta name=\"twitter:label1\" content=\"Written by\" \/>\n\t<meta name=\"twitter:data1\" content=\"Sedef Ilgic\" \/>\n\t<meta name=\"twitter:label2\" content=\"Est. reading time\" \/>\n\t<meta name=\"twitter:data2\" content=\"2 minutes\" \/>\n<script type=\"application\/ld+json\" class=\"yoast-schema-graph\">{\"@context\":\"https:\/\/schema.org\",\"@graph\":[{\"@type\":\"Article\",\"@id\":\"https:\/\/www.istanbulberlin.com\/en-de\/martin-greve\/#article\",\"isPartOf\":{\"@id\":\"https:\/\/www.istanbulberlin.com\/en-de\/martin-greve\/\"},\"author\":{\"name\":\"Sedef Ilgic\",\"@id\":\"https:\/\/www.istanbulberlin.com\/#\/schema\/person\/1daa4de5f72c22093adde153bda4c7f2\"},\"headline\":\"Martin Greve ile K\u0131saca\",\"datePublished\":\"2021-09-28T06:49:59+00:00\",\"dateModified\":\"2021-09-28T21:14:43+00:00\",\"mainEntityOfPage\":{\"@id\":\"https:\/\/www.istanbulberlin.com\/en-de\/martin-greve\/\"},\"wordCount\":374,\"commentCount\":0,\"publisher\":{\"@id\":\"https:\/\/www.istanbulberlin.com\/#organization\"},\"image\":{\"@id\":\"https:\/\/www.istanbulberlin.com\/en-de\/martin-greve\/#primaryimage\"},\"thumbnailUrl\":\"https:\/\/www.istanbulberlin.com\/wp-content\/uploads\/2021\/09\/IMG-20180428-WA0001.jpeg\",\"keywords\":[\"60JahreMusik\",\"Berlin Yunus Emre Enstit\u00fcs\u00fc\",\"Hayali T\u00fcrkiye\u2019nin M\u00fczi\u011fi\",\"Martin Greve\",\"m\u00fczik\",\"m\u00fczikoloji\"],\"articleSection\":[\"#60JAHREMUSIK\",\"KISACA\"],\"inLanguage\":\"en-US\",\"potentialAction\":[{\"@type\":\"CommentAction\",\"name\":\"Comment\",\"target\":[\"https:\/\/www.istanbulberlin.com\/en-de\/martin-greve\/#respond\"]}]},{\"@type\":\"WebPage\",\"@id\":\"https:\/\/www.istanbulberlin.com\/en-de\/martin-greve\/\",\"url\":\"https:\/\/www.istanbulberlin.com\/en-de\/martin-greve\/\",\"name\":\"Martin Greve ile K\u0131saca\",\"isPartOf\":{\"@id\":\"https:\/\/www.istanbulberlin.com\/#website\"},\"primaryImageOfPage\":{\"@id\":\"https:\/\/www.istanbulberlin.com\/en-de\/martin-greve\/#primaryimage\"},\"image\":{\"@id\":\"https:\/\/www.istanbulberlin.com\/en-de\/martin-greve\/#primaryimage\"},\"thumbnailUrl\":\"https:\/\/www.istanbulberlin.com\/wp-content\/uploads\/2021\/09\/IMG-20180428-WA0001.jpeg\",\"datePublished\":\"2021-09-28T06:49:59+00:00\",\"dateModified\":\"2021-09-28T21:14:43+00:00\",\"description\":\"\\\"Almanya\u2019da 'Hayali T\u00fcrkiye'nin M\u00fczi\u011fi\\\" kitab\u0131n\u0131n yazar\u0131, \u0130stanbul'da ya\u015fayan Alman M\u00fczikolog Martin Greve'nin k\u0131saca hikayesi...\",\"breadcrumb\":{\"@id\":\"https:\/\/www.istanbulberlin.com\/en-de\/martin-greve\/#breadcrumb\"},\"inLanguage\":\"en-US\",\"potentialAction\":[{\"@type\":\"ReadAction\",\"target\":[\"https:\/\/www.istanbulberlin.com\/en-de\/martin-greve\/\"]}]},{\"@type\":\"ImageObject\",\"inLanguage\":\"en-US\",\"@id\":\"https:\/\/www.istanbulberlin.com\/en-de\/martin-greve\/#primaryimage\",\"url\":\"https:\/\/www.istanbulberlin.com\/wp-content\/uploads\/2021\/09\/IMG-20180428-WA0001.jpeg\",\"contentUrl\":\"https:\/\/www.istanbulberlin.com\/wp-content\/uploads\/2021\/09\/IMG-20180428-WA0001.jpeg\",\"width\":1600,\"height\":1200},{\"@type\":\"BreadcrumbList\",\"@id\":\"https:\/\/www.istanbulberlin.com\/en-de\/martin-greve\/#breadcrumb\",\"itemListElement\":[{\"@type\":\"ListItem\",\"position\":1,\"name\":\"Home\",\"item\":\"https:\/\/www.istanbulberlin.com\/\"},{\"@type\":\"ListItem\",\"position\":2,\"name\":\"Martin Greve ile K\u0131saca\"}]},{\"@type\":\"WebSite\",\"@id\":\"https:\/\/www.istanbulberlin.com\/#website\",\"url\":\"https:\/\/www.istanbulberlin.com\/\",\"name\":\"istanbulberlin\",\"description\":\"kar\u015f\u0131la\u015fmalar i\u00e7in bir alan . a space for encounters\",\"publisher\":{\"@id\":\"https:\/\/www.istanbulberlin.com\/#organization\"},\"potentialAction\":[{\"@type\":\"SearchAction\",\"target\":{\"@type\":\"EntryPoint\",\"urlTemplate\":\"https:\/\/www.istanbulberlin.com\/?s={search_term_string}\"},\"query-input\":{\"@type\":\"PropertyValueSpecification\",\"valueRequired\":true,\"valueName\":\"search_term_string\"}}],\"inLanguage\":\"en-US\"},{\"@type\":\"Organization\",\"@id\":\"https:\/\/www.istanbulberlin.com\/#organization\",\"name\":\"istanbulberlin\",\"url\":\"https:\/\/www.istanbulberlin.com\/\",\"logo\":{\"@type\":\"ImageObject\",\"inLanguage\":\"en-US\",\"@id\":\"https:\/\/www.istanbulberlin.com\/#\/schema\/logo\/image\/\",\"url\":\"https:\/\/www.istanbulberlin.com\/wp-content\/uploads\/2020\/05\/logo_c_big.png\",\"contentUrl\":\"https:\/\/www.istanbulberlin.com\/wp-content\/uploads\/2020\/05\/logo_c_big.png\",\"width\":1010,\"height\":125,\"caption\":\"istanbulberlin\"},\"image\":{\"@id\":\"https:\/\/www.istanbulberlin.com\/#\/schema\/logo\/image\/\"}},{\"@type\":\"Person\",\"@id\":\"https:\/\/www.istanbulberlin.com\/#\/schema\/person\/1daa4de5f72c22093adde153bda4c7f2\",\"name\":\"Sedef Ilgic\",\"url\":false}]}<\/script>\n<!-- \/ Yoast SEO plugin. -->","yoast_head_json":{"title":"Martin Greve in Short","description":"\"Almanya\u2019da 'Hayali T\u00fcrkiye'nin M\u00fczi\u011fi\" kitab\u0131n\u0131n yazar\u0131, \u0130stanbul'da ya\u015fayan Alman M\u00fczikolog Martin Greve'nin k\u0131saca hikayesi...","robots":{"index":"index","follow":"follow","max-snippet":"max-snippet:-1","max-image-preview":"max-image-preview:large","max-video-preview":"max-video-preview:-1"},"canonical":"https:\/\/www.istanbulberlin.com\/en-de\/martin-greve\/","og_locale":"en_US","og_type":"article","og_title":"Martin Greve ile K\u0131saca","og_description":"\"Almanya\u2019da 'Hayali T\u00fcrkiye'nin M\u00fczi\u011fi\" kitab\u0131n\u0131n yazar\u0131, \u0130stanbul'da ya\u015fayan Alman M\u00fczikolog Martin Greve'nin k\u0131saca hikayesi...","og_url":"https:\/\/www.istanbulberlin.com\/en-de\/martin-greve\/","og_site_name":"istanbulberlin","article_published_time":"2021-09-28T06:49:59+00:00","article_modified_time":"2021-09-28T21:14:43+00:00","og_image":[{"width":1600,"height":1200,"url":"https:\/\/www.istanbulberlin.com\/wp-content\/uploads\/2021\/09\/IMG-20180428-WA0001.jpeg","type":"image\/jpeg"}],"author":"Sedef Ilgic","twitter_card":"summary_large_image","twitter_misc":{"Written by":"Sedef Ilgic","Est. reading time":"2 minutes"},"schema":{"@context":"https:\/\/schema.org","@graph":[{"@type":"Article","@id":"https:\/\/www.istanbulberlin.com\/en-de\/martin-greve\/#article","isPartOf":{"@id":"https:\/\/www.istanbulberlin.com\/en-de\/martin-greve\/"},"author":{"name":"Sedef Ilgic","@id":"https:\/\/www.istanbulberlin.com\/#\/schema\/person\/1daa4de5f72c22093adde153bda4c7f2"},"headline":"Martin Greve ile K\u0131saca","datePublished":"2021-09-28T06:49:59+00:00","dateModified":"2021-09-28T21:14:43+00:00","mainEntityOfPage":{"@id":"https:\/\/www.istanbulberlin.com\/en-de\/martin-greve\/"},"wordCount":374,"commentCount":0,"publisher":{"@id":"https:\/\/www.istanbulberlin.com\/#organization"},"image":{"@id":"https:\/\/www.istanbulberlin.com\/en-de\/martin-greve\/#primaryimage"},"thumbnailUrl":"https:\/\/www.istanbulberlin.com\/wp-content\/uploads\/2021\/09\/IMG-20180428-WA0001.jpeg","keywords":["60JahreMusik","Berlin Yunus Emre Enstit\u00fcs\u00fc","Hayali T\u00fcrkiye\u2019nin M\u00fczi\u011fi","Martin Greve","m\u00fczik","m\u00fczikoloji"],"articleSection":["#60JAHREMUSIK","KISACA"],"inLanguage":"en-US","potentialAction":[{"@type":"CommentAction","name":"Comment","target":["https:\/\/www.istanbulberlin.com\/en-de\/martin-greve\/#respond"]}]},{"@type":"WebPage","@id":"https:\/\/www.istanbulberlin.com\/en-de\/martin-greve\/","url":"https:\/\/www.istanbulberlin.com\/en-de\/martin-greve\/","name":"Martin Greve in Short","isPartOf":{"@id":"https:\/\/www.istanbulberlin.com\/#website"},"primaryImageOfPage":{"@id":"https:\/\/www.istanbulberlin.com\/en-de\/martin-greve\/#primaryimage"},"image":{"@id":"https:\/\/www.istanbulberlin.com\/en-de\/martin-greve\/#primaryimage"},"thumbnailUrl":"https:\/\/www.istanbulberlin.com\/wp-content\/uploads\/2021\/09\/IMG-20180428-WA0001.jpeg","datePublished":"2021-09-28T06:49:59+00:00","dateModified":"2021-09-28T21:14:43+00:00","description":"\"Almanya\u2019da 'Hayali T\u00fcrkiye'nin M\u00fczi\u011fi\" kitab\u0131n\u0131n yazar\u0131, \u0130stanbul'da ya\u015fayan Alman M\u00fczikolog Martin Greve'nin k\u0131saca hikayesi...","breadcrumb":{"@id":"https:\/\/www.istanbulberlin.com\/en-de\/martin-greve\/#breadcrumb"},"inLanguage":"en-US","potentialAction":[{"@type":"ReadAction","target":["https:\/\/www.istanbulberlin.com\/en-de\/martin-greve\/"]}]},{"@type":"ImageObject","inLanguage":"en-US","@id":"https:\/\/www.istanbulberlin.com\/en-de\/martin-greve\/#primaryimage","url":"https:\/\/www.istanbulberlin.com\/wp-content\/uploads\/2021\/09\/IMG-20180428-WA0001.jpeg","contentUrl":"https:\/\/www.istanbulberlin.com\/wp-content\/uploads\/2021\/09\/IMG-20180428-WA0001.jpeg","width":1600,"height":1200},{"@type":"BreadcrumbList","@id":"https:\/\/www.istanbulberlin.com\/en-de\/martin-greve\/#breadcrumb","itemListElement":[{"@type":"ListItem","position":1,"name":"Home","item":"https:\/\/www.istanbulberlin.com\/"},{"@type":"ListItem","position":2,"name":"Martin Greve ile K\u0131saca"}]},{"@type":"WebSite","@id":"https:\/\/www.istanbulberlin.com\/#website","url":"https:\/\/www.istanbulberlin.com\/","name":"istanbulberlin","description":"kar\u015f\u0131la\u015fmalar i\u00e7in bir alan . a space for encounters","publisher":{"@id":"https:\/\/www.istanbulberlin.com\/#organization"},"potentialAction":[{"@type":"SearchAction","target":{"@type":"EntryPoint","urlTemplate":"https:\/\/www.istanbulberlin.com\/?s={search_term_string}"},"query-input":{"@type":"PropertyValueSpecification","valueRequired":true,"valueName":"search_term_string"}}],"inLanguage":"en-US"},{"@type":"Organization","@id":"https:\/\/www.istanbulberlin.com\/#organization","name":"istanbulberlin","url":"https:\/\/www.istanbulberlin.com\/","logo":{"@type":"ImageObject","inLanguage":"en-US","@id":"https:\/\/www.istanbulberlin.com\/#\/schema\/logo\/image\/","url":"https:\/\/www.istanbulberlin.com\/wp-content\/uploads\/2020\/05\/logo_c_big.png","contentUrl":"https:\/\/www.istanbulberlin.com\/wp-content\/uploads\/2020\/05\/logo_c_big.png","width":1010,"height":125,"caption":"istanbulberlin"},"image":{"@id":"https:\/\/www.istanbulberlin.com\/#\/schema\/logo\/image\/"}},{"@type":"Person","@id":"https:\/\/www.istanbulberlin.com\/#\/schema\/person\/1daa4de5f72c22093adde153bda4c7f2","name":"Sedef Ilgic","url":false}]}},"_links":{"self":[{"href":"https:\/\/www.istanbulberlin.com\/en-de\/wp-json\/wp\/v2\/posts\/2744","targetHints":{"allow":["GET"]}}],"collection":[{"href":"https:\/\/www.istanbulberlin.com\/en-de\/wp-json\/wp\/v2\/posts"}],"about":[{"href":"https:\/\/www.istanbulberlin.com\/en-de\/wp-json\/wp\/v2\/types\/post"}],"author":[{"embeddable":true,"href":"https:\/\/www.istanbulberlin.com\/en-de\/wp-json\/wp\/v2\/users\/2"}],"replies":[{"embeddable":true,"href":"https:\/\/www.istanbulberlin.com\/en-de\/wp-json\/wp\/v2\/comments?post=2744"}],"version-history":[{"count":5,"href":"https:\/\/www.istanbulberlin.com\/en-de\/wp-json\/wp\/v2\/posts\/2744\/revisions"}],"predecessor-version":[{"id":2778,"href":"https:\/\/www.istanbulberlin.com\/en-de\/wp-json\/wp\/v2\/posts\/2744\/revisions\/2778"}],"wp:featuredmedia":[{"embeddable":true,"href":"https:\/\/www.istanbulberlin.com\/en-de\/wp-json\/wp\/v2\/media\/2745"}],"wp:attachment":[{"href":"https:\/\/www.istanbulberlin.com\/en-de\/wp-json\/wp\/v2\/media?parent=2744"}],"wp:term":[{"taxonomy":"category","embeddable":true,"href":"https:\/\/www.istanbulberlin.com\/en-de\/wp-json\/wp\/v2\/categories?post=2744"},{"taxonomy":"post_tag","embeddable":true,"href":"https:\/\/www.istanbulberlin.com\/en-de\/wp-json\/wp\/v2\/tags?post=2744"}],"curies":[{"name":"wp","href":"https:\/\/api.w.org\/{rel}","templated":true}]}}