{"id":2779,"date":"2021-10-07T21:19:01","date_gmt":"2021-10-07T18:19:01","guid":{"rendered":"https:\/\/www.istanbulberlin.com\/?p=2779"},"modified":"2021-10-07T21:19:01","modified_gmt":"2021-10-07T18:19:01","slug":"karsilasmalar-kabus-kerim-basak-yavuz","status":"publish","type":"post","link":"https:\/\/www.istanbulberlin.com\/en-de\/karsilasmalar-kabus-kerim-basak-yavuz\/","title":{"rendered":"Video Interview with Kabus Kerim and Ba\u015fak Yavuz on Air!"},"content":{"rendered":"<p><a class=\"yt-simple-endpoint style-scope yt-formatted-string\" dir=\"auto\" spellcheck=\"false\" target=\"_blank\" href=\"https:\/\/www.youtube.com\/hashtag\/60jahremusik\">#60JahreMusik<\/a><span class=\"style-scope yt-formatted-string\" dir=\"auto\">: Fr\u00fchst\u00fcck Alla Turca <\/span><\/p>\n<p><span class=\"style-scope yt-formatted-string\" dir=\"auto\">Between Guest <\/span><span class=\"style-scope yt-formatted-string\" dir=\"auto\">Worker Groove and the New Wave <\/span><\/p>\n<p><span class=\"style-scope yt-formatted-string\" dir=\"auto\">Kabus Kerim and Ba\u015fak Yavuz (Moderated by Sedef \u0130lgi\u00e7)<\/span><\/p>\n<p><span class=\"style-scope yt-formatted-string\" dir=\"auto\"> The consecutive interpretation carried out in tandem by Nazl\u0131 Sa\u011fd\u0131\u00e7 Pilcz and Melis Mielchen, whom you can see to the right of the frame, has been cut from the video for continuity purposes. German and English subtitles have been included.\u00a0<\/span><\/p>\n<div class=\"atbssuga-responsive-video\"><iframe loading=\"lazy\" title=\"Kabus Kerim ve Ba\u015fak Yavuz ile S\u00f6yle\u015fi: Misafir \u0130\u015f\u00e7i Havalar\u0131 ile Yeni Dalgan\u0131n Sesi Aras\u0131nda\" width=\"1200\" height=\"675\" src=\"https:\/\/www.youtube.com\/embed\/5WrWjSN1Me0?start=3&#038;feature=oembed\" frameborder=\"0\" allow=\"accelerometer; autoplay; clipboard-write; encrypted-media; gyroscope; picture-in-picture\" allowfullscreen><\/iframe><\/div>\n<p>Producer: Sedef \u0130lgi\u00e7<\/p>\n<p>Visual Communication Partner: <a target=\"_blank\" href=\"https:\/\/www.sezencan.com\/\">Sezen Yeni\u00e7eri Can<\/a><\/p>\n<p><span class=\"style-scope yt-formatted-string\" dir=\"auto\"> Video Production Team: <a target=\"_blank\" href=\"https:\/\/posttahallederiz.com\/\">Ya\u011fmur G\u00fcne\u015f and Murat Can \u00d6zel<\/a><\/span><\/p>\n<p><span style=\"font-size: 1.21429rem;\">English Translations: Zeynep Beler<\/span><\/p>\n<p><span style=\"font-size: 1.21429rem;\">German Translations: Zahide F\u00fcrstenberger<\/span><\/p>\n<div>\n<div class=\"mcafee_ok\"><span class=\"style-scope yt-formatted-string\" dir=\"auto\" style=\"font-size: 1.21429rem;\">German Editor: Kerstin Rabe <\/span><\/div>\n<div>\n<div class=\"single-body entry-content typography-copy\">\n<p>This content is created in the framework of #60JahreMusik project financed by Berlin Yunus Emre Institute.<\/p>\n<\/div>\n<\/div>\n<\/div>","protected":false},"excerpt":{"rendered":"<p>#60JahreMusik: Fr\u00fchst\u00fcck Alla Turca Misafir \u0130\u015f\u00e7i Havalar\u0131 ile Yeni Dalgan\u0131n Sesi Aras\u0131nda Kabus Kerim ve Ba\u015fak Yavuz (Sedef \u0130lgi\u00e7 Moderat\u00f6rl\u00fc\u011f\u00fcnde) Videoda kadraj\u0131n sa\u011f\u0131nda g\u00f6rece\u011finiz Nazl\u0131 Sa\u011fd\u0131\u00e7 Pilcz ve Melis Mielchen&#8217;in etkinlikte yapt\u0131klar\u0131 ard\u0131l \u00e7eviriler, s\u00f6yle\u015finin daha rahat izlenmesi i\u00e7in videodan kesilmi\u015ftir. Almanca ve \u0130ngilizce altyaz\u0131 eklenmi\u015ftir.\u00a0 Yap\u0131mc\u0131: Sedef \u0130lgi\u00e7 G\u00f6rsel \u0130leti\u015fim Partneri: Sezen Yeni\u00e7eri Can Video Prod\u00fcksiyon Ekibi: Ya\u011fmur G\u00fcne\u015f ve Murat Can \u00d6zel \u0130ngilizce \u00c7eviri: Zeynep Beler Almanca \u00c7eviri: Zahide F\u00fcrstenberger Almanca Editor: Kerstin Rabe Bu i\u00e7erik Berlin Yunus Emre Enstit\u00fcs\u00fc\u2019n\u00fcn deste\u011fiyle hayata ge\u00e7irilen #60JahreMusik projesinin bir par\u00e7as\u0131 olarak haz\u0131rlanm\u0131\u015ft\u0131r.<\/p>","protected":false},"author":2,"featured_media":2790,"comment_status":"open","ping_status":"open","sticky":false,"template":"","format":"standard","meta":{"footnotes":""},"categories":[698],"tags":[714,700,783,693,811,267,780,781,753,306,782,809,812,187,754,696,480,414],"class_list":["post-2779","post","type-post","status-publish","format-standard","has-post-thumbnail","hentry","category-60jahremusik","tag-gastarbeitergroove","tag-60jahremusik","tag-basak-yavuz","tag-berlin-yunus-emre-enstitusu","tag-cartel","tag-dj-funshine","tag-etkinlik","tag-fruhstuck-alla-turca","tag-gastarbeiter","tag-goc","tag-kabus-kerim","tag-melis-mielchen","tag-muratcan-ozel","tag-muzik","tag-nazli-sagdic-pilcz","tag-sedef-ilgic","tag-sezen-yeniceri-can","tag-yagmur-gunes"],"yoast_head":"<!-- This site is optimized with the Yoast SEO plugin v26.6 - https:\/\/yoast.com\/wordpress\/plugins\/seo\/ -->\n<title>Kabus Kerim ve Ba\u015fak Yavuz ile S\u00f6yle\u015fi Yay\u0131nda!<\/title>\n<meta name=\"description\" content=\"Misafir \u0130\u015f\u00e7i Havalar\u0131 ile Yeni Dalgan\u0131n Sesi Aras\u0131nda: Kabus Kerim ve Ba\u015fak Yavuz (Sedef \u0130lgi\u00e7 Moderat\u00f6rl\u00fc\u011f\u00fcnde)\" \/>\n<meta name=\"robots\" content=\"index, follow, max-snippet:-1, max-image-preview:large, max-video-preview:-1\" \/>\n<link rel=\"canonical\" href=\"https:\/\/www.istanbulberlin.com\/en-de\/karsilasmalar-kabus-kerim-basak-yavuz\/\" \/>\n<meta property=\"og:locale\" content=\"en_US\" \/>\n<meta property=\"og:type\" content=\"article\" \/>\n<meta property=\"og:title\" content=\"Kabus Kerim ve Ba\u015fak Yavuz ile S\u00f6yle\u015fi Yay\u0131nda!\" \/>\n<meta property=\"og:description\" content=\"Misafir \u0130\u015f\u00e7i Havalar\u0131 ile Yeni Dalgan\u0131n Sesi Aras\u0131nda: Kabus Kerim ve Ba\u015fak Yavuz (Sedef \u0130lgi\u00e7 Moderat\u00f6rl\u00fc\u011f\u00fcnde)\" \/>\n<meta property=\"og:url\" content=\"https:\/\/www.istanbulberlin.com\/en-de\/karsilasmalar-kabus-kerim-basak-yavuz\/\" \/>\n<meta property=\"og:site_name\" content=\"istanbulberlin\" \/>\n<meta property=\"article:published_time\" content=\"2021-10-07T18:19:01+00:00\" \/>\n<meta property=\"og:image\" content=\"https:\/\/www.istanbulberlin.com\/wp-content\/uploads\/2021\/10\/Kabus_Basak_Soylesi_Screenshot.jpg\" \/>\n\t<meta property=\"og:image:width\" content=\"1279\" \/>\n\t<meta property=\"og:image:height\" content=\"660\" \/>\n\t<meta property=\"og:image:type\" content=\"image\/jpeg\" \/>\n<meta name=\"author\" content=\"Sedef Ilgic\" \/>\n<meta name=\"twitter:card\" content=\"summary_large_image\" \/>\n<meta name=\"twitter:label1\" content=\"Written by\" \/>\n\t<meta name=\"twitter:data1\" content=\"Sedef Ilgic\" \/>\n\t<meta name=\"twitter:label2\" content=\"Est. reading time\" \/>\n\t<meta name=\"twitter:data2\" content=\"1 minute\" \/>\n<script type=\"application\/ld+json\" class=\"yoast-schema-graph\">{\"@context\":\"https:\/\/schema.org\",\"@graph\":[{\"@type\":\"Article\",\"@id\":\"https:\/\/www.istanbulberlin.com\/en-de\/karsilasmalar-kabus-kerim-basak-yavuz\/#article\",\"isPartOf\":{\"@id\":\"https:\/\/www.istanbulberlin.com\/en-de\/karsilasmalar-kabus-kerim-basak-yavuz\/\"},\"author\":{\"name\":\"Sedef Ilgic\",\"@id\":\"https:\/\/www.istanbulberlin.com\/#\/schema\/person\/1daa4de5f72c22093adde153bda4c7f2\"},\"headline\":\"Kabus Kerim ve Ba\u015fak Yavuz ile S\u00f6yle\u015fi Yay\u0131nda!\",\"datePublished\":\"2021-10-07T18:19:01+00:00\",\"mainEntityOfPage\":{\"@id\":\"https:\/\/www.istanbulberlin.com\/en-de\/karsilasmalar-kabus-kerim-basak-yavuz\/\"},\"wordCount\":152,\"commentCount\":0,\"publisher\":{\"@id\":\"https:\/\/www.istanbulberlin.com\/#organization\"},\"image\":{\"@id\":\"https:\/\/www.istanbulberlin.com\/en-de\/karsilasmalar-kabus-kerim-basak-yavuz\/#primaryimage\"},\"thumbnailUrl\":\"https:\/\/www.istanbulberlin.com\/wp-content\/uploads\/2021\/10\/Kabus_Basak_Soylesi_Screenshot.jpg\",\"keywords\":[\"#gastarbeitergroove\",\"60JahreMusik\",\"Ba\u015fak Yavuz\",\"Berlin Yunus Emre Enstit\u00fcs\u00fc\",\"Cartel\",\"Dj Funshine\",\"etkinlik\",\"Fr\u00fchst\u00fcck Alla Turca\",\"gastarbeiter\",\"g\u00f6\u00e7\",\"Kabus Kerim\",\"Melis Mielchen\",\"Muratcan \u00d6zel\",\"m\u00fczik\",\"Nazl\u0131 Sa\u011fd\u0131\u00e7 Pilcz\",\"Sedef \u0130lgi\u00e7\",\"sezen yeni\u00e7eri can\",\"yagmur gunes\"],\"articleSection\":[\"#60JAHREMUSIK\"],\"inLanguage\":\"en-US\",\"potentialAction\":[{\"@type\":\"CommentAction\",\"name\":\"Comment\",\"target\":[\"https:\/\/www.istanbulberlin.com\/en-de\/karsilasmalar-kabus-kerim-basak-yavuz\/#respond\"]}]},{\"@type\":\"WebPage\",\"@id\":\"https:\/\/www.istanbulberlin.com\/en-de\/karsilasmalar-kabus-kerim-basak-yavuz\/\",\"url\":\"https:\/\/www.istanbulberlin.com\/en-de\/karsilasmalar-kabus-kerim-basak-yavuz\/\",\"name\":\"Kabus Kerim ve Ba\u015fak Yavuz ile S\u00f6yle\u015fi Yay\u0131nda!\",\"isPartOf\":{\"@id\":\"https:\/\/www.istanbulberlin.com\/#website\"},\"primaryImageOfPage\":{\"@id\":\"https:\/\/www.istanbulberlin.com\/en-de\/karsilasmalar-kabus-kerim-basak-yavuz\/#primaryimage\"},\"image\":{\"@id\":\"https:\/\/www.istanbulberlin.com\/en-de\/karsilasmalar-kabus-kerim-basak-yavuz\/#primaryimage\"},\"thumbnailUrl\":\"https:\/\/www.istanbulberlin.com\/wp-content\/uploads\/2021\/10\/Kabus_Basak_Soylesi_Screenshot.jpg\",\"datePublished\":\"2021-10-07T18:19:01+00:00\",\"description\":\"Misafir \u0130\u015f\u00e7i Havalar\u0131 ile Yeni Dalgan\u0131n Sesi Aras\u0131nda: Kabus Kerim ve Ba\u015fak Yavuz (Sedef \u0130lgi\u00e7 Moderat\u00f6rl\u00fc\u011f\u00fcnde)\",\"breadcrumb\":{\"@id\":\"https:\/\/www.istanbulberlin.com\/en-de\/karsilasmalar-kabus-kerim-basak-yavuz\/#breadcrumb\"},\"inLanguage\":\"en-US\",\"potentialAction\":[{\"@type\":\"ReadAction\",\"target\":[\"https:\/\/www.istanbulberlin.com\/en-de\/karsilasmalar-kabus-kerim-basak-yavuz\/\"]}]},{\"@type\":\"ImageObject\",\"inLanguage\":\"en-US\",\"@id\":\"https:\/\/www.istanbulberlin.com\/en-de\/karsilasmalar-kabus-kerim-basak-yavuz\/#primaryimage\",\"url\":\"https:\/\/www.istanbulberlin.com\/wp-content\/uploads\/2021\/10\/Kabus_Basak_Soylesi_Screenshot.jpg\",\"contentUrl\":\"https:\/\/www.istanbulberlin.com\/wp-content\/uploads\/2021\/10\/Kabus_Basak_Soylesi_Screenshot.jpg\",\"width\":1279,\"height\":660},{\"@type\":\"BreadcrumbList\",\"@id\":\"https:\/\/www.istanbulberlin.com\/en-de\/karsilasmalar-kabus-kerim-basak-yavuz\/#breadcrumb\",\"itemListElement\":[{\"@type\":\"ListItem\",\"position\":1,\"name\":\"Home\",\"item\":\"https:\/\/www.istanbulberlin.com\/\"},{\"@type\":\"ListItem\",\"position\":2,\"name\":\"Kabus Kerim ve Ba\u015fak Yavuz ile S\u00f6yle\u015fi Yay\u0131nda!\"}]},{\"@type\":\"WebSite\",\"@id\":\"https:\/\/www.istanbulberlin.com\/#website\",\"url\":\"https:\/\/www.istanbulberlin.com\/\",\"name\":\"istanbulberlin\",\"description\":\"kar\u015f\u0131la\u015fmalar i\u00e7in bir alan . a space for encounters\",\"publisher\":{\"@id\":\"https:\/\/www.istanbulberlin.com\/#organization\"},\"potentialAction\":[{\"@type\":\"SearchAction\",\"target\":{\"@type\":\"EntryPoint\",\"urlTemplate\":\"https:\/\/www.istanbulberlin.com\/?s={search_term_string}\"},\"query-input\":{\"@type\":\"PropertyValueSpecification\",\"valueRequired\":true,\"valueName\":\"search_term_string\"}}],\"inLanguage\":\"en-US\"},{\"@type\":\"Organization\",\"@id\":\"https:\/\/www.istanbulberlin.com\/#organization\",\"name\":\"istanbulberlin\",\"url\":\"https:\/\/www.istanbulberlin.com\/\",\"logo\":{\"@type\":\"ImageObject\",\"inLanguage\":\"en-US\",\"@id\":\"https:\/\/www.istanbulberlin.com\/#\/schema\/logo\/image\/\",\"url\":\"https:\/\/www.istanbulberlin.com\/wp-content\/uploads\/2020\/05\/logo_c_big.png\",\"contentUrl\":\"https:\/\/www.istanbulberlin.com\/wp-content\/uploads\/2020\/05\/logo_c_big.png\",\"width\":1010,\"height\":125,\"caption\":\"istanbulberlin\"},\"image\":{\"@id\":\"https:\/\/www.istanbulberlin.com\/#\/schema\/logo\/image\/\"}},{\"@type\":\"Person\",\"@id\":\"https:\/\/www.istanbulberlin.com\/#\/schema\/person\/1daa4de5f72c22093adde153bda4c7f2\",\"name\":\"Sedef Ilgic\",\"url\":false}]}<\/script>\n<!-- \/ Yoast SEO plugin. -->","yoast_head_json":{"title":"Video Interview with Kabus Kerim and Ba\u015fak Yavuz on Air!","description":"Misafir \u0130\u015f\u00e7i Havalar\u0131 ile Yeni Dalgan\u0131n Sesi Aras\u0131nda: Kabus Kerim ve Ba\u015fak Yavuz (Sedef \u0130lgi\u00e7 Moderat\u00f6rl\u00fc\u011f\u00fcnde)","robots":{"index":"index","follow":"follow","max-snippet":"max-snippet:-1","max-image-preview":"max-image-preview:large","max-video-preview":"max-video-preview:-1"},"canonical":"https:\/\/www.istanbulberlin.com\/en-de\/karsilasmalar-kabus-kerim-basak-yavuz\/","og_locale":"en_US","og_type":"article","og_title":"Kabus Kerim ve Ba\u015fak Yavuz ile S\u00f6yle\u015fi Yay\u0131nda!","og_description":"Misafir \u0130\u015f\u00e7i Havalar\u0131 ile Yeni Dalgan\u0131n Sesi Aras\u0131nda: Kabus Kerim ve Ba\u015fak Yavuz (Sedef \u0130lgi\u00e7 Moderat\u00f6rl\u00fc\u011f\u00fcnde)","og_url":"https:\/\/www.istanbulberlin.com\/en-de\/karsilasmalar-kabus-kerim-basak-yavuz\/","og_site_name":"istanbulberlin","article_published_time":"2021-10-07T18:19:01+00:00","og_image":[{"width":1279,"height":660,"url":"https:\/\/www.istanbulberlin.com\/wp-content\/uploads\/2021\/10\/Kabus_Basak_Soylesi_Screenshot.jpg","type":"image\/jpeg"}],"author":"Sedef Ilgic","twitter_card":"summary_large_image","twitter_misc":{"Written by":"Sedef Ilgic","Est. reading time":"1 minute"},"schema":{"@context":"https:\/\/schema.org","@graph":[{"@type":"Article","@id":"https:\/\/www.istanbulberlin.com\/en-de\/karsilasmalar-kabus-kerim-basak-yavuz\/#article","isPartOf":{"@id":"https:\/\/www.istanbulberlin.com\/en-de\/karsilasmalar-kabus-kerim-basak-yavuz\/"},"author":{"name":"Sedef Ilgic","@id":"https:\/\/www.istanbulberlin.com\/#\/schema\/person\/1daa4de5f72c22093adde153bda4c7f2"},"headline":"Kabus Kerim ve Ba\u015fak Yavuz ile S\u00f6yle\u015fi Yay\u0131nda!","datePublished":"2021-10-07T18:19:01+00:00","mainEntityOfPage":{"@id":"https:\/\/www.istanbulberlin.com\/en-de\/karsilasmalar-kabus-kerim-basak-yavuz\/"},"wordCount":152,"commentCount":0,"publisher":{"@id":"https:\/\/www.istanbulberlin.com\/#organization"},"image":{"@id":"https:\/\/www.istanbulberlin.com\/en-de\/karsilasmalar-kabus-kerim-basak-yavuz\/#primaryimage"},"thumbnailUrl":"https:\/\/www.istanbulberlin.com\/wp-content\/uploads\/2021\/10\/Kabus_Basak_Soylesi_Screenshot.jpg","keywords":["#gastarbeitergroove","60JahreMusik","Ba\u015fak Yavuz","Berlin Yunus Emre Enstit\u00fcs\u00fc","Cartel","Dj Funshine","etkinlik","Fr\u00fchst\u00fcck Alla Turca","gastarbeiter","g\u00f6\u00e7","Kabus Kerim","Melis Mielchen","Muratcan \u00d6zel","m\u00fczik","Nazl\u0131 Sa\u011fd\u0131\u00e7 Pilcz","Sedef \u0130lgi\u00e7","sezen yeni\u00e7eri can","yagmur gunes"],"articleSection":["#60JAHREMUSIK"],"inLanguage":"en-US","potentialAction":[{"@type":"CommentAction","name":"Comment","target":["https:\/\/www.istanbulberlin.com\/en-de\/karsilasmalar-kabus-kerim-basak-yavuz\/#respond"]}]},{"@type":"WebPage","@id":"https:\/\/www.istanbulberlin.com\/en-de\/karsilasmalar-kabus-kerim-basak-yavuz\/","url":"https:\/\/www.istanbulberlin.com\/en-de\/karsilasmalar-kabus-kerim-basak-yavuz\/","name":"Video Interview with Kabus Kerim and Ba\u015fak Yavuz on Air!","isPartOf":{"@id":"https:\/\/www.istanbulberlin.com\/#website"},"primaryImageOfPage":{"@id":"https:\/\/www.istanbulberlin.com\/en-de\/karsilasmalar-kabus-kerim-basak-yavuz\/#primaryimage"},"image":{"@id":"https:\/\/www.istanbulberlin.com\/en-de\/karsilasmalar-kabus-kerim-basak-yavuz\/#primaryimage"},"thumbnailUrl":"https:\/\/www.istanbulberlin.com\/wp-content\/uploads\/2021\/10\/Kabus_Basak_Soylesi_Screenshot.jpg","datePublished":"2021-10-07T18:19:01+00:00","description":"Misafir \u0130\u015f\u00e7i Havalar\u0131 ile Yeni Dalgan\u0131n Sesi Aras\u0131nda: Kabus Kerim ve Ba\u015fak Yavuz (Sedef \u0130lgi\u00e7 Moderat\u00f6rl\u00fc\u011f\u00fcnde)","breadcrumb":{"@id":"https:\/\/www.istanbulberlin.com\/en-de\/karsilasmalar-kabus-kerim-basak-yavuz\/#breadcrumb"},"inLanguage":"en-US","potentialAction":[{"@type":"ReadAction","target":["https:\/\/www.istanbulberlin.com\/en-de\/karsilasmalar-kabus-kerim-basak-yavuz\/"]}]},{"@type":"ImageObject","inLanguage":"en-US","@id":"https:\/\/www.istanbulberlin.com\/en-de\/karsilasmalar-kabus-kerim-basak-yavuz\/#primaryimage","url":"https:\/\/www.istanbulberlin.com\/wp-content\/uploads\/2021\/10\/Kabus_Basak_Soylesi_Screenshot.jpg","contentUrl":"https:\/\/www.istanbulberlin.com\/wp-content\/uploads\/2021\/10\/Kabus_Basak_Soylesi_Screenshot.jpg","width":1279,"height":660},{"@type":"BreadcrumbList","@id":"https:\/\/www.istanbulberlin.com\/en-de\/karsilasmalar-kabus-kerim-basak-yavuz\/#breadcrumb","itemListElement":[{"@type":"ListItem","position":1,"name":"Home","item":"https:\/\/www.istanbulberlin.com\/"},{"@type":"ListItem","position":2,"name":"Kabus Kerim ve Ba\u015fak Yavuz ile S\u00f6yle\u015fi Yay\u0131nda!"}]},{"@type":"WebSite","@id":"https:\/\/www.istanbulberlin.com\/#website","url":"https:\/\/www.istanbulberlin.com\/","name":"istanbulberlin","description":"kar\u015f\u0131la\u015fmalar i\u00e7in bir alan . a space for encounters","publisher":{"@id":"https:\/\/www.istanbulberlin.com\/#organization"},"potentialAction":[{"@type":"SearchAction","target":{"@type":"EntryPoint","urlTemplate":"https:\/\/www.istanbulberlin.com\/?s={search_term_string}"},"query-input":{"@type":"PropertyValueSpecification","valueRequired":true,"valueName":"search_term_string"}}],"inLanguage":"en-US"},{"@type":"Organization","@id":"https:\/\/www.istanbulberlin.com\/#organization","name":"istanbulberlin","url":"https:\/\/www.istanbulberlin.com\/","logo":{"@type":"ImageObject","inLanguage":"en-US","@id":"https:\/\/www.istanbulberlin.com\/#\/schema\/logo\/image\/","url":"https:\/\/www.istanbulberlin.com\/wp-content\/uploads\/2020\/05\/logo_c_big.png","contentUrl":"https:\/\/www.istanbulberlin.com\/wp-content\/uploads\/2020\/05\/logo_c_big.png","width":1010,"height":125,"caption":"istanbulberlin"},"image":{"@id":"https:\/\/www.istanbulberlin.com\/#\/schema\/logo\/image\/"}},{"@type":"Person","@id":"https:\/\/www.istanbulberlin.com\/#\/schema\/person\/1daa4de5f72c22093adde153bda4c7f2","name":"Sedef Ilgic","url":false}]}},"_links":{"self":[{"href":"https:\/\/www.istanbulberlin.com\/en-de\/wp-json\/wp\/v2\/posts\/2779","targetHints":{"allow":["GET"]}}],"collection":[{"href":"https:\/\/www.istanbulberlin.com\/en-de\/wp-json\/wp\/v2\/posts"}],"about":[{"href":"https:\/\/www.istanbulberlin.com\/en-de\/wp-json\/wp\/v2\/types\/post"}],"author":[{"embeddable":true,"href":"https:\/\/www.istanbulberlin.com\/en-de\/wp-json\/wp\/v2\/users\/2"}],"replies":[{"embeddable":true,"href":"https:\/\/www.istanbulberlin.com\/en-de\/wp-json\/wp\/v2\/comments?post=2779"}],"version-history":[{"count":2,"href":"https:\/\/www.istanbulberlin.com\/en-de\/wp-json\/wp\/v2\/posts\/2779\/revisions"}],"predecessor-version":[{"id":2791,"href":"https:\/\/www.istanbulberlin.com\/en-de\/wp-json\/wp\/v2\/posts\/2779\/revisions\/2791"}],"wp:featuredmedia":[{"embeddable":true,"href":"https:\/\/www.istanbulberlin.com\/en-de\/wp-json\/wp\/v2\/media\/2790"}],"wp:attachment":[{"href":"https:\/\/www.istanbulberlin.com\/en-de\/wp-json\/wp\/v2\/media?parent=2779"}],"wp:term":[{"taxonomy":"category","embeddable":true,"href":"https:\/\/www.istanbulberlin.com\/en-de\/wp-json\/wp\/v2\/categories?post=2779"},{"taxonomy":"post_tag","embeddable":true,"href":"https:\/\/www.istanbulberlin.com\/en-de\/wp-json\/wp\/v2\/tags?post=2779"}],"curies":[{"name":"wp","href":"https:\/\/api.w.org\/{rel}","templated":true}]}}