{"id":2906,"date":"2021-11-09T18:41:39","date_gmt":"2021-11-09T15:41:39","guid":{"rendered":"https:\/\/www.istanbulberlin.com\/?p=2906"},"modified":"2021-11-19T10:44:54","modified_gmt":"2021-11-19T07:44:54","slug":"erci-e","status":"publish","type":"post","link":"https:\/\/www.istanbulberlin.com\/en-de\/erci-e\/","title":{"rendered":"Erci E. :\"I learned one thing from Cartel: Everything you say matters.\""},"content":{"rendered":"<p>We met rapper Erci E. in Berlin where we have been to organize Fr\u00fchst\u00fcck Alla Turca; who made his breakthrough with the Turkish hip hop group Cartel and continued his music carreer non stop since then. Join our conversation on the birth of Turkish rap in Germany, its inspirations, Cartel years and on the Turkish rap scene today...<\/p>\n<div class=\"atbssuga-responsive-video\"><iframe loading=\"lazy\" title=\"Erci E.: &quot;Cartel\u2019de bir \u015fey \u00f6\u011frendim: Her s\u00f6yledi\u011fin \u00f6nemli.&quot;\" width=\"1200\" height=\"675\" src=\"https:\/\/www.youtube.com\/embed\/EdPUWv8rRpg?feature=oembed\" frameborder=\"0\" allow=\"accelerometer; autoplay; clipboard-write; encrypted-media; gyroscope; picture-in-picture; web-share\" referrerpolicy=\"strict-origin-when-cross-origin\" allowfullscreen><\/iframe><\/div>\n<p>Producer: Sedef \u0130lgi\u00e7<\/p>\n<p>Visual Communication Partner: <a target=\"_blank\" href=\"https:\/\/www.sezencan.com\/\">Sezen Yeni\u00e7eri Can<\/a><\/p>\n<p><span class=\"style-scope yt-formatted-string\" dir=\"auto\">Video Production Team: <a target=\"_blank\" href=\"https:\/\/posttahallederiz.com\/\">Ya\u011fmur G\u00fcne\u015f and Murat Can \u00d6zel<\/a><\/span><\/p>\n<p>English Subtitle Translation: <a target=\"_blank\" href=\"https:\/\/www.instagram.com\/zbeler\">Zeynep Beler<\/a><\/p>\n<p>This video is produced in the framework of #60JahreMusik project financed by Berlin Yunus Emre Institute.<\/p>","protected":false},"excerpt":{"rendered":"<p>1995 y\u0131l\u0131nda Cartel ile \u00e7\u0131k\u0131\u015f yapan ve o g\u00fcnden bu g\u00fcne m\u00fczi\u011fe hi\u00e7 ara vermeyen Erci E. ile #Fr\u00fchst\u00fcckAllaTurca&#8217;y\u0131 organize etmeye gitti\u011fimiz Berlin&#8217;de bulu\u015ftuk.\u00a0Almanya&#8217;da T\u00fcrk\u00e7e rap&#8217;in do\u011fu\u015funa, ilham kaynaklar\u0131na, Cartel y\u0131llar\u0131na ve T\u00fcrk\u00e7e rap&#8217;in bug\u00fcn\u00fcne dair sohbetimize buyurunuz&#8230; Yap\u0131mc\u0131: Sedef \u0130lgi\u00e7 G\u00f6rsel \u0130leti\u015fim Partneri: Sezen Yeni\u00e7eri Can Video Prod\u00fcksiyon Ekibi: Ya\u011fmur G\u00fcne\u015f ve Murat Can \u00d6zel \u0130ngilizce Altyaz\u0131 \u00c7evirisi: Zeynep Beler Bu video Berlin Yunus Emre Enstit\u00fcs\u00fc&#8217;n\u00fcn destekledi\u011fi #60JahreMusik projesi kapsam\u0131nda haz\u0131rlanm\u0131\u015ft\u0131r.<\/p>","protected":false},"author":2,"featured_media":2924,"comment_status":"open","ping_status":"open","sticky":false,"template":"","format":"standard","meta":{"footnotes":""},"categories":[698],"tags":[714,700,693,811,906,753,306,413,187,696,480,414],"class_list":["post-2906","post","type-post","status-publish","format-standard","has-post-thumbnail","hentry","category-60jahremusik","tag-gastarbeitergroove","tag-60jahremusik","tag-berlin-yunus-emre-enstitusu","tag-cartel","tag-erci-e","tag-gastarbeiter","tag-goc","tag-murat-can-ozel","tag-muzik","tag-sedef-ilgic","tag-sezen-yeniceri-can","tag-yagmur-gunes"],"yoast_head":"<!-- This site is optimized with the Yoast SEO plugin v26.6 - https:\/\/yoast.com\/wordpress\/plugins\/seo\/ -->\n<title>Erci E. : &quot;Cartel\u2019de bir \u015fey \u00f6\u011frendim; her s\u00f6yledi\u011fin \u00f6nemli.&quot;<\/title>\n<meta name=\"description\" content=\"1995 y\u0131l\u0131nda Cartel ile \u00e7\u0131k\u0131\u015f yapan ve m\u00fczi\u011fe hi\u00e7 ara vermeyen Erci E. ile T\u00fcrk\u00e7e rap&#039;in do\u011fu\u015fundan bug\u00fcn\u00fcne video r\u00f6portaj\u0131m\u0131z yay\u0131nda\" \/>\n<meta name=\"robots\" content=\"index, follow, max-snippet:-1, max-image-preview:large, max-video-preview:-1\" \/>\n<link rel=\"canonical\" href=\"https:\/\/www.istanbulberlin.com\/en-de\/erci-e\/\" \/>\n<meta property=\"og:locale\" content=\"en_US\" \/>\n<meta property=\"og:type\" content=\"article\" \/>\n<meta property=\"og:title\" content=\"Erci E. : &quot;Cartel\u2019de bir \u015fey \u00f6\u011frendim; her s\u00f6yledi\u011fin \u00f6nemli.&quot;\" \/>\n<meta property=\"og:description\" content=\"1995 y\u0131l\u0131nda Cartel ile \u00e7\u0131k\u0131\u015f yapan ve m\u00fczi\u011fe hi\u00e7 ara vermeyen Erci E. ile T\u00fcrk\u00e7e rap&#039;in do\u011fu\u015fundan bug\u00fcn\u00fcne video r\u00f6portaj\u0131m\u0131z yay\u0131nda\" \/>\n<meta property=\"og:url\" content=\"https:\/\/www.istanbulberlin.com\/en-de\/erci-e\/\" \/>\n<meta property=\"og:site_name\" content=\"istanbulberlin\" \/>\n<meta property=\"article:published_time\" content=\"2021-11-09T15:41:39+00:00\" \/>\n<meta property=\"article:modified_time\" content=\"2021-11-19T07:44:54+00:00\" \/>\n<meta property=\"og:image\" content=\"https:\/\/www.istanbulberlin.com\/wp-content\/uploads\/2021\/11\/ErciE_screenshot.jpg\" \/>\n\t<meta property=\"og:image:width\" content=\"1744\" \/>\n\t<meta property=\"og:image:height\" content=\"968\" \/>\n\t<meta property=\"og:image:type\" content=\"image\/jpeg\" \/>\n<meta name=\"author\" content=\"Sedef Ilgic\" \/>\n<meta name=\"twitter:card\" content=\"summary_large_image\" \/>\n<meta name=\"twitter:label1\" content=\"Written by\" \/>\n\t<meta name=\"twitter:data1\" content=\"Sedef Ilgic\" \/>\n\t<meta name=\"twitter:label2\" content=\"Est. reading time\" \/>\n\t<meta name=\"twitter:data2\" content=\"1 minute\" \/>\n<script type=\"application\/ld+json\" class=\"yoast-schema-graph\">{\"@context\":\"https:\/\/schema.org\",\"@graph\":[{\"@type\":\"Article\",\"@id\":\"https:\/\/www.istanbulberlin.com\/erci-e\/#article\",\"isPartOf\":{\"@id\":\"https:\/\/www.istanbulberlin.com\/erci-e\/\"},\"author\":{\"name\":\"Sedef Ilgic\",\"@id\":\"https:\/\/www.istanbulberlin.com\/#\/schema\/person\/1daa4de5f72c22093adde153bda4c7f2\"},\"headline\":\"Erci E. : &#8220;Cartel\u2019de bir \u015fey \u00f6\u011frendim; her s\u00f6yledi\u011fin \u00f6nemli.&#8221;\",\"datePublished\":\"2021-11-09T15:41:39+00:00\",\"dateModified\":\"2021-11-19T07:44:54+00:00\",\"mainEntityOfPage\":{\"@id\":\"https:\/\/www.istanbulberlin.com\/erci-e\/\"},\"wordCount\":128,\"commentCount\":0,\"publisher\":{\"@id\":\"https:\/\/www.istanbulberlin.com\/#organization\"},\"image\":{\"@id\":\"https:\/\/www.istanbulberlin.com\/erci-e\/#primaryimage\"},\"thumbnailUrl\":\"https:\/\/www.istanbulberlin.com\/wp-content\/uploads\/2021\/11\/ErciE_screenshot.jpg\",\"keywords\":[\"#gastarbeitergroove\",\"60JahreMusik\",\"Berlin Yunus Emre Enstit\u00fcs\u00fc\",\"Cartel\",\"Erci E.\",\"gastarbeiter\",\"g\u00f6\u00e7\",\"murat can ozel\",\"m\u00fczik\",\"Sedef \u0130lgi\u00e7\",\"sezen yeni\u00e7eri can\",\"yagmur gunes\"],\"articleSection\":[\"#60JAHREMUSIK\"],\"inLanguage\":\"en-US\",\"potentialAction\":[{\"@type\":\"CommentAction\",\"name\":\"Comment\",\"target\":[\"https:\/\/www.istanbulberlin.com\/erci-e\/#respond\"]}]},{\"@type\":\"WebPage\",\"@id\":\"https:\/\/www.istanbulberlin.com\/erci-e\/\",\"url\":\"https:\/\/www.istanbulberlin.com\/erci-e\/\",\"name\":\"Erci E. : \\\"Cartel\u2019de bir \u015fey \u00f6\u011frendim; her s\u00f6yledi\u011fin \u00f6nemli.\\\"\",\"isPartOf\":{\"@id\":\"https:\/\/www.istanbulberlin.com\/#website\"},\"primaryImageOfPage\":{\"@id\":\"https:\/\/www.istanbulberlin.com\/erci-e\/#primaryimage\"},\"image\":{\"@id\":\"https:\/\/www.istanbulberlin.com\/erci-e\/#primaryimage\"},\"thumbnailUrl\":\"https:\/\/www.istanbulberlin.com\/wp-content\/uploads\/2021\/11\/ErciE_screenshot.jpg\",\"datePublished\":\"2021-11-09T15:41:39+00:00\",\"dateModified\":\"2021-11-19T07:44:54+00:00\",\"description\":\"1995 y\u0131l\u0131nda Cartel ile \u00e7\u0131k\u0131\u015f yapan ve m\u00fczi\u011fe hi\u00e7 ara vermeyen Erci E. ile T\u00fcrk\u00e7e rap'in do\u011fu\u015fundan bug\u00fcn\u00fcne video r\u00f6portaj\u0131m\u0131z yay\u0131nda\",\"breadcrumb\":{\"@id\":\"https:\/\/www.istanbulberlin.com\/erci-e\/#breadcrumb\"},\"inLanguage\":\"en-US\",\"potentialAction\":[{\"@type\":\"ReadAction\",\"target\":[\"https:\/\/www.istanbulberlin.com\/erci-e\/\"]}]},{\"@type\":\"ImageObject\",\"inLanguage\":\"en-US\",\"@id\":\"https:\/\/www.istanbulberlin.com\/erci-e\/#primaryimage\",\"url\":\"https:\/\/www.istanbulberlin.com\/wp-content\/uploads\/2021\/11\/ErciE_screenshot.jpg\",\"contentUrl\":\"https:\/\/www.istanbulberlin.com\/wp-content\/uploads\/2021\/11\/ErciE_screenshot.jpg\",\"width\":1744,\"height\":968},{\"@type\":\"BreadcrumbList\",\"@id\":\"https:\/\/www.istanbulberlin.com\/erci-e\/#breadcrumb\",\"itemListElement\":[{\"@type\":\"ListItem\",\"position\":1,\"name\":\"Home\",\"item\":\"https:\/\/www.istanbulberlin.com\/\"},{\"@type\":\"ListItem\",\"position\":2,\"name\":\"Erci E. : &#8220;Cartel\u2019de bir \u015fey \u00f6\u011frendim; her s\u00f6yledi\u011fin \u00f6nemli.&#8221;\"}]},{\"@type\":\"WebSite\",\"@id\":\"https:\/\/www.istanbulberlin.com\/#website\",\"url\":\"https:\/\/www.istanbulberlin.com\/\",\"name\":\"istanbulberlin\",\"description\":\"kar\u015f\u0131la\u015fmalar i\u00e7in bir alan . a space for encounters\",\"publisher\":{\"@id\":\"https:\/\/www.istanbulberlin.com\/#organization\"},\"potentialAction\":[{\"@type\":\"SearchAction\",\"target\":{\"@type\":\"EntryPoint\",\"urlTemplate\":\"https:\/\/www.istanbulberlin.com\/?s={search_term_string}\"},\"query-input\":{\"@type\":\"PropertyValueSpecification\",\"valueRequired\":true,\"valueName\":\"search_term_string\"}}],\"inLanguage\":\"en-US\"},{\"@type\":\"Organization\",\"@id\":\"https:\/\/www.istanbulberlin.com\/#organization\",\"name\":\"istanbulberlin\",\"url\":\"https:\/\/www.istanbulberlin.com\/\",\"logo\":{\"@type\":\"ImageObject\",\"inLanguage\":\"en-US\",\"@id\":\"https:\/\/www.istanbulberlin.com\/#\/schema\/logo\/image\/\",\"url\":\"https:\/\/www.istanbulberlin.com\/wp-content\/uploads\/2020\/05\/logo_c_big.png\",\"contentUrl\":\"https:\/\/www.istanbulberlin.com\/wp-content\/uploads\/2020\/05\/logo_c_big.png\",\"width\":1010,\"height\":125,\"caption\":\"istanbulberlin\"},\"image\":{\"@id\":\"https:\/\/www.istanbulberlin.com\/#\/schema\/logo\/image\/\"}},{\"@type\":\"Person\",\"@id\":\"https:\/\/www.istanbulberlin.com\/#\/schema\/person\/1daa4de5f72c22093adde153bda4c7f2\",\"name\":\"Sedef Ilgic\",\"url\":false}]}<\/script>\n<!-- \/ Yoast SEO plugin. -->","yoast_head_json":{"title":"Erci E. : \"Cartel\u2019de bir \u015fey \u00f6\u011frendim; her s\u00f6yledi\u011fin \u00f6nemli.\"","description":"1995 y\u0131l\u0131nda Cartel ile \u00e7\u0131k\u0131\u015f yapan ve m\u00fczi\u011fe hi\u00e7 ara vermeyen Erci E. ile T\u00fcrk\u00e7e rap'in do\u011fu\u015fundan bug\u00fcn\u00fcne video r\u00f6portaj\u0131m\u0131z yay\u0131nda","robots":{"index":"index","follow":"follow","max-snippet":"max-snippet:-1","max-image-preview":"max-image-preview:large","max-video-preview":"max-video-preview:-1"},"canonical":"https:\/\/www.istanbulberlin.com\/en-de\/erci-e\/","og_locale":"en_US","og_type":"article","og_title":"Erci E. : \"Cartel\u2019de bir \u015fey \u00f6\u011frendim; her s\u00f6yledi\u011fin \u00f6nemli.\"","og_description":"1995 y\u0131l\u0131nda Cartel ile \u00e7\u0131k\u0131\u015f yapan ve m\u00fczi\u011fe hi\u00e7 ara vermeyen Erci E. ile T\u00fcrk\u00e7e rap'in do\u011fu\u015fundan bug\u00fcn\u00fcne video r\u00f6portaj\u0131m\u0131z yay\u0131nda","og_url":"https:\/\/www.istanbulberlin.com\/en-de\/erci-e\/","og_site_name":"istanbulberlin","article_published_time":"2021-11-09T15:41:39+00:00","article_modified_time":"2021-11-19T07:44:54+00:00","og_image":[{"width":1744,"height":968,"url":"https:\/\/www.istanbulberlin.com\/wp-content\/uploads\/2021\/11\/ErciE_screenshot.jpg","type":"image\/jpeg"}],"author":"Sedef Ilgic","twitter_card":"summary_large_image","twitter_misc":{"Written by":"Sedef Ilgic","Est. reading time":"1 minute"},"schema":{"@context":"https:\/\/schema.org","@graph":[{"@type":"Article","@id":"https:\/\/www.istanbulberlin.com\/erci-e\/#article","isPartOf":{"@id":"https:\/\/www.istanbulberlin.com\/erci-e\/"},"author":{"name":"Sedef Ilgic","@id":"https:\/\/www.istanbulberlin.com\/#\/schema\/person\/1daa4de5f72c22093adde153bda4c7f2"},"headline":"Erci E. : &#8220;Cartel\u2019de bir \u015fey \u00f6\u011frendim; her s\u00f6yledi\u011fin \u00f6nemli.&#8221;","datePublished":"2021-11-09T15:41:39+00:00","dateModified":"2021-11-19T07:44:54+00:00","mainEntityOfPage":{"@id":"https:\/\/www.istanbulberlin.com\/erci-e\/"},"wordCount":128,"commentCount":0,"publisher":{"@id":"https:\/\/www.istanbulberlin.com\/#organization"},"image":{"@id":"https:\/\/www.istanbulberlin.com\/erci-e\/#primaryimage"},"thumbnailUrl":"https:\/\/www.istanbulberlin.com\/wp-content\/uploads\/2021\/11\/ErciE_screenshot.jpg","keywords":["#gastarbeitergroove","60JahreMusik","Berlin Yunus Emre Enstit\u00fcs\u00fc","Cartel","Erci E.","gastarbeiter","g\u00f6\u00e7","murat can ozel","m\u00fczik","Sedef \u0130lgi\u00e7","sezen yeni\u00e7eri can","yagmur gunes"],"articleSection":["#60JAHREMUSIK"],"inLanguage":"en-US","potentialAction":[{"@type":"CommentAction","name":"Comment","target":["https:\/\/www.istanbulberlin.com\/erci-e\/#respond"]}]},{"@type":"WebPage","@id":"https:\/\/www.istanbulberlin.com\/erci-e\/","url":"https:\/\/www.istanbulberlin.com\/erci-e\/","name":"Erci E. : \"Cartel\u2019de bir \u015fey \u00f6\u011frendim; her s\u00f6yledi\u011fin \u00f6nemli.\"","isPartOf":{"@id":"https:\/\/www.istanbulberlin.com\/#website"},"primaryImageOfPage":{"@id":"https:\/\/www.istanbulberlin.com\/erci-e\/#primaryimage"},"image":{"@id":"https:\/\/www.istanbulberlin.com\/erci-e\/#primaryimage"},"thumbnailUrl":"https:\/\/www.istanbulberlin.com\/wp-content\/uploads\/2021\/11\/ErciE_screenshot.jpg","datePublished":"2021-11-09T15:41:39+00:00","dateModified":"2021-11-19T07:44:54+00:00","description":"1995 y\u0131l\u0131nda Cartel ile \u00e7\u0131k\u0131\u015f yapan ve m\u00fczi\u011fe hi\u00e7 ara vermeyen Erci E. ile T\u00fcrk\u00e7e rap'in do\u011fu\u015fundan bug\u00fcn\u00fcne video r\u00f6portaj\u0131m\u0131z yay\u0131nda","breadcrumb":{"@id":"https:\/\/www.istanbulberlin.com\/erci-e\/#breadcrumb"},"inLanguage":"en-US","potentialAction":[{"@type":"ReadAction","target":["https:\/\/www.istanbulberlin.com\/erci-e\/"]}]},{"@type":"ImageObject","inLanguage":"en-US","@id":"https:\/\/www.istanbulberlin.com\/erci-e\/#primaryimage","url":"https:\/\/www.istanbulberlin.com\/wp-content\/uploads\/2021\/11\/ErciE_screenshot.jpg","contentUrl":"https:\/\/www.istanbulberlin.com\/wp-content\/uploads\/2021\/11\/ErciE_screenshot.jpg","width":1744,"height":968},{"@type":"BreadcrumbList","@id":"https:\/\/www.istanbulberlin.com\/erci-e\/#breadcrumb","itemListElement":[{"@type":"ListItem","position":1,"name":"Home","item":"https:\/\/www.istanbulberlin.com\/"},{"@type":"ListItem","position":2,"name":"Erci E. : &#8220;Cartel\u2019de bir \u015fey \u00f6\u011frendim; her s\u00f6yledi\u011fin \u00f6nemli.&#8221;"}]},{"@type":"WebSite","@id":"https:\/\/www.istanbulberlin.com\/#website","url":"https:\/\/www.istanbulberlin.com\/","name":"istanbulberlin","description":"kar\u015f\u0131la\u015fmalar i\u00e7in bir alan . a space for encounters","publisher":{"@id":"https:\/\/www.istanbulberlin.com\/#organization"},"potentialAction":[{"@type":"SearchAction","target":{"@type":"EntryPoint","urlTemplate":"https:\/\/www.istanbulberlin.com\/?s={search_term_string}"},"query-input":{"@type":"PropertyValueSpecification","valueRequired":true,"valueName":"search_term_string"}}],"inLanguage":"en-US"},{"@type":"Organization","@id":"https:\/\/www.istanbulberlin.com\/#organization","name":"istanbulberlin","url":"https:\/\/www.istanbulberlin.com\/","logo":{"@type":"ImageObject","inLanguage":"en-US","@id":"https:\/\/www.istanbulberlin.com\/#\/schema\/logo\/image\/","url":"https:\/\/www.istanbulberlin.com\/wp-content\/uploads\/2020\/05\/logo_c_big.png","contentUrl":"https:\/\/www.istanbulberlin.com\/wp-content\/uploads\/2020\/05\/logo_c_big.png","width":1010,"height":125,"caption":"istanbulberlin"},"image":{"@id":"https:\/\/www.istanbulberlin.com\/#\/schema\/logo\/image\/"}},{"@type":"Person","@id":"https:\/\/www.istanbulberlin.com\/#\/schema\/person\/1daa4de5f72c22093adde153bda4c7f2","name":"Sedef Ilgic","url":false}]}},"_links":{"self":[{"href":"https:\/\/www.istanbulberlin.com\/en-de\/wp-json\/wp\/v2\/posts\/2906","targetHints":{"allow":["GET"]}}],"collection":[{"href":"https:\/\/www.istanbulberlin.com\/en-de\/wp-json\/wp\/v2\/posts"}],"about":[{"href":"https:\/\/www.istanbulberlin.com\/en-de\/wp-json\/wp\/v2\/types\/post"}],"author":[{"embeddable":true,"href":"https:\/\/www.istanbulberlin.com\/en-de\/wp-json\/wp\/v2\/users\/2"}],"replies":[{"embeddable":true,"href":"https:\/\/www.istanbulberlin.com\/en-de\/wp-json\/wp\/v2\/comments?post=2906"}],"version-history":[{"count":3,"href":"https:\/\/www.istanbulberlin.com\/en-de\/wp-json\/wp\/v2\/posts\/2906\/revisions"}],"predecessor-version":[{"id":2912,"href":"https:\/\/www.istanbulberlin.com\/en-de\/wp-json\/wp\/v2\/posts\/2906\/revisions\/2912"}],"wp:featuredmedia":[{"embeddable":true,"href":"https:\/\/www.istanbulberlin.com\/en-de\/wp-json\/wp\/v2\/media\/2924"}],"wp:attachment":[{"href":"https:\/\/www.istanbulberlin.com\/en-de\/wp-json\/wp\/v2\/media?parent=2906"}],"wp:term":[{"taxonomy":"category","embeddable":true,"href":"https:\/\/www.istanbulberlin.com\/en-de\/wp-json\/wp\/v2\/categories?post=2906"},{"taxonomy":"post_tag","embeddable":true,"href":"https:\/\/www.istanbulberlin.com\/en-de\/wp-json\/wp\/v2\/tags?post=2906"}],"curies":[{"name":"wp","href":"https:\/\/api.w.org\/{rel}","templated":true}]}}