{"id":2917,"date":"2021-11-19T10:46:53","date_gmt":"2021-11-19T07:46:53","guid":{"rendered":"https:\/\/www.istanbulberlin.com\/?p=2917"},"modified":"2021-11-19T10:46:53","modified_gmt":"2021-11-19T07:46:53","slug":"aziza-a","status":"publish","type":"post","link":"https:\/\/www.istanbulberlin.com\/en-de\/aziza-a\/","title":{"rendered":"Aziza A. :\"Music Made Me Feel Such Freedom\""},"content":{"rendered":"<p class=\" translation-block\">We met the first woman German Turkish rapper of Germany, Aziza A. in Berlin where we have been to organize #Fr\u00fchst\u00fcckAllaTurca. Join our conversation from the early days of her career, to the prejudices she faced to being a woman in the hip hop world...<\/p>\n<div class=\"atbssuga-responsive-video\"><iframe loading=\"lazy\" title=\"Aziza A.: &quot;M\u00fczik Sayesinde O Kadar \u00d6zg\u00fcr Hissettim Ki&quot;\" width=\"1200\" height=\"675\" src=\"https:\/\/www.youtube.com\/embed\/Hd-A1cx_EgI?feature=oembed\" frameborder=\"0\" allow=\"accelerometer; autoplay; clipboard-write; encrypted-media; gyroscope; picture-in-picture; web-share\" referrerpolicy=\"strict-origin-when-cross-origin\" allowfullscreen><\/iframe><\/div>\n<p><span class=\"style-scope yt-formatted-string\" dir=\"auto\">Producer: Sedef \u0130lgi\u00e7<\/span><\/p>\n<p><span class=\"style-scope yt-formatted-string\" dir=\"auto\">Visual Communication Partner: <a target=\"_blank\" href=\"https:\/\/www.sezencan.com\/\">Sezen Yeni\u00e7eri Can<\/a><br \/>\n<\/span><span class=\"style-scope yt-formatted-string\" dir=\"auto\"><br \/>\n<\/span><span class=\"style-scope yt-formatted-string\" dir=\"auto\">Video Production Team: <a target=\"_blank\" href=\"https:\/\/posttahallederiz.com\/\">Ya\u011fmur G\u00fcne\u015f and Murat Can \u00d6zel<\/a><br \/>\n<\/span><span class=\"style-scope yt-formatted-string\" dir=\"auto\"><br \/>\nEnglish Subtitle Translation: <a target=\"_blank\" href=\"https:\/\/www.instagram.com\/zbeler]\">Zeynep Beler<\/a><\/span><\/p>\n<p>This video is produced in the framework of #60JahreMusik project financed by Berlin Yunus Emre Institute.<\/p>","protected":false},"excerpt":{"rendered":"<p>Almanya&#8217;n\u0131n ilk T\u00fcrk kad\u0131n rap\u00e7isi Aziza A. ile #Fr\u00fchst\u00fcckAllaTurca&#8216;y\u0131 organize etmeye gitti\u011fimiz Berlin&#8217;de bulu\u015ftuk. Rap yapmaya ba\u015flad\u0131\u011f\u0131 ilk g\u00fcnlerden, kar\u015f\u0131la\u015ft\u0131\u011f\u0131 \u00f6n yarg\u0131lara ve hip hop d\u00fcnyas\u0131nda d\u00fcnyada kad\u0131n olmaya uzanan sohbetimize buyurunuz&#8230;\u00a0 Yap\u0131mc\u0131: Sedef \u0130lgi\u00e7 G\u00f6rsel \u0130leti\u015fim Partneri: Sezen Yeni\u00e7eri Can Video Prod\u00fcksiyon Ekibi: Ya\u011fmur G\u00fcne\u015f ve Murat Can \u00d6zel \u0130ngilizce Altyaz\u0131 \u00c7evirisi: Zeynep Beler Bu video Berlin Yunus Emre Enstit\u00fcs\u00fc&#8217;n\u00fcn destekledi\u011fi #60JahreMusik projesi kapsam\u0131nda haz\u0131rlanm\u0131\u015ft\u0131r.<\/p>","protected":false},"author":2,"featured_media":2925,"comment_status":"open","ping_status":"open","sticky":false,"template":"","format":"standard","meta":{"footnotes":""},"categories":[698],"tags":[714,700,907,693,753,306,187,669,696],"class_list":["post-2917","post","type-post","status-publish","format-standard","has-post-thumbnail","hentry","category-60jahremusik","tag-gastarbeitergroove","tag-60jahremusik","tag-aziza-a","tag-berlin-yunus-emre-enstitusu","tag-gastarbeiter","tag-goc","tag-muzik","tag-rap","tag-sedef-ilgic"],"yoast_head":"<!-- This site is optimized with the Yoast SEO plugin v26.6 - https:\/\/yoast.com\/wordpress\/plugins\/seo\/ -->\n<title>Aziza A.: &quot;M\u00fczik Sayesinde O Kadar \u00d6zg\u00fcr Hissettim Ki&quot;<\/title>\n<meta name=\"description\" content=\"Almanya&#039;n\u0131n ilk T\u00fcrk kad\u0131n rap\u00e7isi Aziza A. ile Berlin&#039;de ger\u00e7ekle\u015ftirdi\u011fimiz video r\u00f6portaj\u0131m\u0131z yay\u0131nda!\" \/>\n<meta name=\"robots\" content=\"index, follow, max-snippet:-1, max-image-preview:large, max-video-preview:-1\" \/>\n<link rel=\"canonical\" href=\"https:\/\/www.istanbulberlin.com\/en-de\/aziza-a\/\" \/>\n<meta property=\"og:locale\" content=\"en_US\" \/>\n<meta property=\"og:type\" content=\"article\" \/>\n<meta property=\"og:title\" content=\"Aziza A.: &quot;M\u00fczik Sayesinde O Kadar \u00d6zg\u00fcr Hissettim Ki&quot;\" \/>\n<meta property=\"og:description\" content=\"Almanya&#039;n\u0131n ilk T\u00fcrk kad\u0131n rap\u00e7isi Aziza A. ile Berlin&#039;de ger\u00e7ekle\u015ftirdi\u011fimiz video r\u00f6portaj\u0131m\u0131z yay\u0131nda!\" \/>\n<meta property=\"og:url\" content=\"https:\/\/www.istanbulberlin.com\/en-de\/aziza-a\/\" \/>\n<meta property=\"og:site_name\" content=\"istanbulberlin\" \/>\n<meta property=\"article:published_time\" content=\"2021-11-19T07:46:53+00:00\" \/>\n<meta property=\"og:image\" content=\"https:\/\/www.istanbulberlin.com\/wp-content\/uploads\/2021\/11\/Aziza_Sedef.jpg\" \/>\n\t<meta property=\"og:image:width\" content=\"1883\" \/>\n\t<meta property=\"og:image:height\" content=\"950\" \/>\n\t<meta property=\"og:image:type\" content=\"image\/jpeg\" \/>\n<meta name=\"author\" content=\"Sedef Ilgic\" \/>\n<meta name=\"twitter:card\" content=\"summary_large_image\" \/>\n<meta name=\"twitter:label1\" content=\"Written by\" \/>\n\t<meta name=\"twitter:data1\" content=\"Sedef Ilgic\" \/>\n\t<meta name=\"twitter:label2\" content=\"Est. reading time\" \/>\n\t<meta name=\"twitter:data2\" content=\"1 minute\" \/>\n<script type=\"application\/ld+json\" class=\"yoast-schema-graph\">{\"@context\":\"https:\/\/schema.org\",\"@graph\":[{\"@type\":\"Article\",\"@id\":\"https:\/\/www.istanbulberlin.com\/aziza-a\/#article\",\"isPartOf\":{\"@id\":\"https:\/\/www.istanbulberlin.com\/aziza-a\/\"},\"author\":{\"name\":\"Sedef Ilgic\",\"@id\":\"https:\/\/www.istanbulberlin.com\/#\/schema\/person\/1daa4de5f72c22093adde153bda4c7f2\"},\"headline\":\"Aziza A.: &#8220;M\u00fczik Sayesinde O Kadar \u00d6zg\u00fcr Hissettim Ki&#8221;\",\"datePublished\":\"2021-11-19T07:46:53+00:00\",\"mainEntityOfPage\":{\"@id\":\"https:\/\/www.istanbulberlin.com\/aziza-a\/\"},\"wordCount\":119,\"commentCount\":0,\"publisher\":{\"@id\":\"https:\/\/www.istanbulberlin.com\/#organization\"},\"image\":{\"@id\":\"https:\/\/www.istanbulberlin.com\/aziza-a\/#primaryimage\"},\"thumbnailUrl\":\"https:\/\/www.istanbulberlin.com\/wp-content\/uploads\/2021\/11\/Aziza_Sedef.jpg\",\"keywords\":[\"#gastarbeitergroove\",\"60JahreMusik\",\"Aziza A.\",\"Berlin Yunus Emre Enstit\u00fcs\u00fc\",\"gastarbeiter\",\"g\u00f6\u00e7\",\"m\u00fczik\",\"rap\",\"Sedef \u0130lgi\u00e7\"],\"articleSection\":[\"#60JAHREMUSIK\"],\"inLanguage\":\"en-US\",\"potentialAction\":[{\"@type\":\"CommentAction\",\"name\":\"Comment\",\"target\":[\"https:\/\/www.istanbulberlin.com\/aziza-a\/#respond\"]}]},{\"@type\":\"WebPage\",\"@id\":\"https:\/\/www.istanbulberlin.com\/aziza-a\/\",\"url\":\"https:\/\/www.istanbulberlin.com\/aziza-a\/\",\"name\":\"Aziza A.: \\\"M\u00fczik Sayesinde O Kadar \u00d6zg\u00fcr Hissettim Ki\\\"\",\"isPartOf\":{\"@id\":\"https:\/\/www.istanbulberlin.com\/#website\"},\"primaryImageOfPage\":{\"@id\":\"https:\/\/www.istanbulberlin.com\/aziza-a\/#primaryimage\"},\"image\":{\"@id\":\"https:\/\/www.istanbulberlin.com\/aziza-a\/#primaryimage\"},\"thumbnailUrl\":\"https:\/\/www.istanbulberlin.com\/wp-content\/uploads\/2021\/11\/Aziza_Sedef.jpg\",\"datePublished\":\"2021-11-19T07:46:53+00:00\",\"description\":\"Almanya'n\u0131n ilk T\u00fcrk kad\u0131n rap\u00e7isi Aziza A. ile Berlin'de ger\u00e7ekle\u015ftirdi\u011fimiz video r\u00f6portaj\u0131m\u0131z yay\u0131nda!\",\"breadcrumb\":{\"@id\":\"https:\/\/www.istanbulberlin.com\/aziza-a\/#breadcrumb\"},\"inLanguage\":\"en-US\",\"potentialAction\":[{\"@type\":\"ReadAction\",\"target\":[\"https:\/\/www.istanbulberlin.com\/aziza-a\/\"]}]},{\"@type\":\"ImageObject\",\"inLanguage\":\"en-US\",\"@id\":\"https:\/\/www.istanbulberlin.com\/aziza-a\/#primaryimage\",\"url\":\"https:\/\/www.istanbulberlin.com\/wp-content\/uploads\/2021\/11\/Aziza_Sedef.jpg\",\"contentUrl\":\"https:\/\/www.istanbulberlin.com\/wp-content\/uploads\/2021\/11\/Aziza_Sedef.jpg\",\"width\":1883,\"height\":950},{\"@type\":\"BreadcrumbList\",\"@id\":\"https:\/\/www.istanbulberlin.com\/aziza-a\/#breadcrumb\",\"itemListElement\":[{\"@type\":\"ListItem\",\"position\":1,\"name\":\"Home\",\"item\":\"https:\/\/www.istanbulberlin.com\/\"},{\"@type\":\"ListItem\",\"position\":2,\"name\":\"Aziza A.: &#8220;M\u00fczik Sayesinde O Kadar \u00d6zg\u00fcr Hissettim Ki&#8221;\"}]},{\"@type\":\"WebSite\",\"@id\":\"https:\/\/www.istanbulberlin.com\/#website\",\"url\":\"https:\/\/www.istanbulberlin.com\/\",\"name\":\"istanbulberlin\",\"description\":\"kar\u015f\u0131la\u015fmalar i\u00e7in bir alan . a space for encounters\",\"publisher\":{\"@id\":\"https:\/\/www.istanbulberlin.com\/#organization\"},\"potentialAction\":[{\"@type\":\"SearchAction\",\"target\":{\"@type\":\"EntryPoint\",\"urlTemplate\":\"https:\/\/www.istanbulberlin.com\/?s={search_term_string}\"},\"query-input\":{\"@type\":\"PropertyValueSpecification\",\"valueRequired\":true,\"valueName\":\"search_term_string\"}}],\"inLanguage\":\"en-US\"},{\"@type\":\"Organization\",\"@id\":\"https:\/\/www.istanbulberlin.com\/#organization\",\"name\":\"istanbulberlin\",\"url\":\"https:\/\/www.istanbulberlin.com\/\",\"logo\":{\"@type\":\"ImageObject\",\"inLanguage\":\"en-US\",\"@id\":\"https:\/\/www.istanbulberlin.com\/#\/schema\/logo\/image\/\",\"url\":\"https:\/\/www.istanbulberlin.com\/wp-content\/uploads\/2020\/05\/logo_c_big.png\",\"contentUrl\":\"https:\/\/www.istanbulberlin.com\/wp-content\/uploads\/2020\/05\/logo_c_big.png\",\"width\":1010,\"height\":125,\"caption\":\"istanbulberlin\"},\"image\":{\"@id\":\"https:\/\/www.istanbulberlin.com\/#\/schema\/logo\/image\/\"}},{\"@type\":\"Person\",\"@id\":\"https:\/\/www.istanbulberlin.com\/#\/schema\/person\/1daa4de5f72c22093adde153bda4c7f2\",\"name\":\"Sedef Ilgic\",\"url\":false}]}<\/script>\n<!-- \/ Yoast SEO plugin. -->","yoast_head_json":{"title":"Aziza A.: \"M\u00fczik Sayesinde O Kadar \u00d6zg\u00fcr Hissettim Ki\"","description":"Almanya'n\u0131n ilk T\u00fcrk kad\u0131n rap\u00e7isi Aziza A. ile Berlin'de ger\u00e7ekle\u015ftirdi\u011fimiz video r\u00f6portaj\u0131m\u0131z yay\u0131nda!","robots":{"index":"index","follow":"follow","max-snippet":"max-snippet:-1","max-image-preview":"max-image-preview:large","max-video-preview":"max-video-preview:-1"},"canonical":"https:\/\/www.istanbulberlin.com\/en-de\/aziza-a\/","og_locale":"en_US","og_type":"article","og_title":"Aziza A.: \"M\u00fczik Sayesinde O Kadar \u00d6zg\u00fcr Hissettim Ki\"","og_description":"Almanya'n\u0131n ilk T\u00fcrk kad\u0131n rap\u00e7isi Aziza A. ile Berlin'de ger\u00e7ekle\u015ftirdi\u011fimiz video r\u00f6portaj\u0131m\u0131z yay\u0131nda!","og_url":"https:\/\/www.istanbulberlin.com\/en-de\/aziza-a\/","og_site_name":"istanbulberlin","article_published_time":"2021-11-19T07:46:53+00:00","og_image":[{"width":1883,"height":950,"url":"https:\/\/www.istanbulberlin.com\/wp-content\/uploads\/2021\/11\/Aziza_Sedef.jpg","type":"image\/jpeg"}],"author":"Sedef Ilgic","twitter_card":"summary_large_image","twitter_misc":{"Written by":"Sedef Ilgic","Est. reading time":"1 minute"},"schema":{"@context":"https:\/\/schema.org","@graph":[{"@type":"Article","@id":"https:\/\/www.istanbulberlin.com\/aziza-a\/#article","isPartOf":{"@id":"https:\/\/www.istanbulberlin.com\/aziza-a\/"},"author":{"name":"Sedef Ilgic","@id":"https:\/\/www.istanbulberlin.com\/#\/schema\/person\/1daa4de5f72c22093adde153bda4c7f2"},"headline":"Aziza A.: &#8220;M\u00fczik Sayesinde O Kadar \u00d6zg\u00fcr Hissettim Ki&#8221;","datePublished":"2021-11-19T07:46:53+00:00","mainEntityOfPage":{"@id":"https:\/\/www.istanbulberlin.com\/aziza-a\/"},"wordCount":119,"commentCount":0,"publisher":{"@id":"https:\/\/www.istanbulberlin.com\/#organization"},"image":{"@id":"https:\/\/www.istanbulberlin.com\/aziza-a\/#primaryimage"},"thumbnailUrl":"https:\/\/www.istanbulberlin.com\/wp-content\/uploads\/2021\/11\/Aziza_Sedef.jpg","keywords":["#gastarbeitergroove","60JahreMusik","Aziza A.","Berlin Yunus Emre Enstit\u00fcs\u00fc","gastarbeiter","g\u00f6\u00e7","m\u00fczik","rap","Sedef \u0130lgi\u00e7"],"articleSection":["#60JAHREMUSIK"],"inLanguage":"en-US","potentialAction":[{"@type":"CommentAction","name":"Comment","target":["https:\/\/www.istanbulberlin.com\/aziza-a\/#respond"]}]},{"@type":"WebPage","@id":"https:\/\/www.istanbulberlin.com\/aziza-a\/","url":"https:\/\/www.istanbulberlin.com\/aziza-a\/","name":"Aziza A.: \"M\u00fczik Sayesinde O Kadar \u00d6zg\u00fcr Hissettim Ki\"","isPartOf":{"@id":"https:\/\/www.istanbulberlin.com\/#website"},"primaryImageOfPage":{"@id":"https:\/\/www.istanbulberlin.com\/aziza-a\/#primaryimage"},"image":{"@id":"https:\/\/www.istanbulberlin.com\/aziza-a\/#primaryimage"},"thumbnailUrl":"https:\/\/www.istanbulberlin.com\/wp-content\/uploads\/2021\/11\/Aziza_Sedef.jpg","datePublished":"2021-11-19T07:46:53+00:00","description":"Almanya'n\u0131n ilk T\u00fcrk kad\u0131n rap\u00e7isi Aziza A. ile Berlin'de ger\u00e7ekle\u015ftirdi\u011fimiz video r\u00f6portaj\u0131m\u0131z yay\u0131nda!","breadcrumb":{"@id":"https:\/\/www.istanbulberlin.com\/aziza-a\/#breadcrumb"},"inLanguage":"en-US","potentialAction":[{"@type":"ReadAction","target":["https:\/\/www.istanbulberlin.com\/aziza-a\/"]}]},{"@type":"ImageObject","inLanguage":"en-US","@id":"https:\/\/www.istanbulberlin.com\/aziza-a\/#primaryimage","url":"https:\/\/www.istanbulberlin.com\/wp-content\/uploads\/2021\/11\/Aziza_Sedef.jpg","contentUrl":"https:\/\/www.istanbulberlin.com\/wp-content\/uploads\/2021\/11\/Aziza_Sedef.jpg","width":1883,"height":950},{"@type":"BreadcrumbList","@id":"https:\/\/www.istanbulberlin.com\/aziza-a\/#breadcrumb","itemListElement":[{"@type":"ListItem","position":1,"name":"Home","item":"https:\/\/www.istanbulberlin.com\/"},{"@type":"ListItem","position":2,"name":"Aziza A.: &#8220;M\u00fczik Sayesinde O Kadar \u00d6zg\u00fcr Hissettim Ki&#8221;"}]},{"@type":"WebSite","@id":"https:\/\/www.istanbulberlin.com\/#website","url":"https:\/\/www.istanbulberlin.com\/","name":"istanbulberlin","description":"kar\u015f\u0131la\u015fmalar i\u00e7in bir alan . a space for encounters","publisher":{"@id":"https:\/\/www.istanbulberlin.com\/#organization"},"potentialAction":[{"@type":"SearchAction","target":{"@type":"EntryPoint","urlTemplate":"https:\/\/www.istanbulberlin.com\/?s={search_term_string}"},"query-input":{"@type":"PropertyValueSpecification","valueRequired":true,"valueName":"search_term_string"}}],"inLanguage":"en-US"},{"@type":"Organization","@id":"https:\/\/www.istanbulberlin.com\/#organization","name":"istanbulberlin","url":"https:\/\/www.istanbulberlin.com\/","logo":{"@type":"ImageObject","inLanguage":"en-US","@id":"https:\/\/www.istanbulberlin.com\/#\/schema\/logo\/image\/","url":"https:\/\/www.istanbulberlin.com\/wp-content\/uploads\/2020\/05\/logo_c_big.png","contentUrl":"https:\/\/www.istanbulberlin.com\/wp-content\/uploads\/2020\/05\/logo_c_big.png","width":1010,"height":125,"caption":"istanbulberlin"},"image":{"@id":"https:\/\/www.istanbulberlin.com\/#\/schema\/logo\/image\/"}},{"@type":"Person","@id":"https:\/\/www.istanbulberlin.com\/#\/schema\/person\/1daa4de5f72c22093adde153bda4c7f2","name":"Sedef Ilgic","url":false}]}},"_links":{"self":[{"href":"https:\/\/www.istanbulberlin.com\/en-de\/wp-json\/wp\/v2\/posts\/2917","targetHints":{"allow":["GET"]}}],"collection":[{"href":"https:\/\/www.istanbulberlin.com\/en-de\/wp-json\/wp\/v2\/posts"}],"about":[{"href":"https:\/\/www.istanbulberlin.com\/en-de\/wp-json\/wp\/v2\/types\/post"}],"author":[{"embeddable":true,"href":"https:\/\/www.istanbulberlin.com\/en-de\/wp-json\/wp\/v2\/users\/2"}],"replies":[{"embeddable":true,"href":"https:\/\/www.istanbulberlin.com\/en-de\/wp-json\/wp\/v2\/comments?post=2917"}],"version-history":[{"count":5,"href":"https:\/\/www.istanbulberlin.com\/en-de\/wp-json\/wp\/v2\/posts\/2917\/revisions"}],"predecessor-version":[{"id":2919,"href":"https:\/\/www.istanbulberlin.com\/en-de\/wp-json\/wp\/v2\/posts\/2917\/revisions\/2919"}],"wp:featuredmedia":[{"embeddable":true,"href":"https:\/\/www.istanbulberlin.com\/en-de\/wp-json\/wp\/v2\/media\/2925"}],"wp:attachment":[{"href":"https:\/\/www.istanbulberlin.com\/en-de\/wp-json\/wp\/v2\/media?parent=2917"}],"wp:term":[{"taxonomy":"category","embeddable":true,"href":"https:\/\/www.istanbulberlin.com\/en-de\/wp-json\/wp\/v2\/categories?post=2917"},{"taxonomy":"post_tag","embeddable":true,"href":"https:\/\/www.istanbulberlin.com\/en-de\/wp-json\/wp\/v2\/tags?post=2917"}],"curies":[{"name":"wp","href":"https:\/\/api.w.org\/{rel}","templated":true}]}}