{"id":3200,"date":"2022-06-23T14:49:54","date_gmt":"2022-06-23T11:49:54","guid":{"rendered":"https:\/\/www.istanbulberlin.com\/?p=3200"},"modified":"2022-06-23T15:56:48","modified_gmt":"2022-06-23T12:56:48","slug":"iki-duyuru","status":"publish","type":"post","link":"https:\/\/www.istanbulberlin.com\/en-de\/iki-duyuru\/","title":{"rendered":"The Summer of Changes &amp; 'The First Days of Berlin'"},"content":{"rendered":"<h6>We have an exciting announcement: An istanbulberlin baby is coming, even the space itself is a two year old baby. All our attention going to our baby, we won't shrare new posts in the coming three months. May this summer of hopeful changes for us, be filled with wonderful memories for you! Hope to meet again in October!<\/h6>\n<h6>And our second announcement is a book suggestion: You might have encountered with author and journalist Ulrich Gutmair with his contributions to istanbulberlin or via <a target=\"_blank\" href=\"https:\/\/www.youtube.com\/watch?v=MDXAtyBnlH0\">this video<\/a> before; his book looking into the sound of Berlin after the fall of Berlin Wall,<a target=\"_blank\" href=\"https:\/\/www.kolektifkitap.com\/product-page\/berlin-in-ilk-g%C3%BCnleri-ulrich-gutmair?utm_source=aposto\">'The First Days of Berlin'<\/a>is published in Turkish translated by Hulki Demirel and edited by N\u00fckhet Polat, by Kolektif Kitap. Here you could check out the <a target=\"_blank\" href=\"https:\/\/www.politybooks.com\/bookdetail?book_slug=the-first-days-of-berlin-the-sound-of-change--9781509547296\">English<\/a> edition.<\/h6>\n<h6>Leaving here the backcover presentation of the book, with pleasure that istanbulberlin library is growing...<\/h6>\n<h6>Cover photo: \u00a9 Ben de Biel<\/h6>\n<blockquote><p>Berlin in the early 1990s, right after the fall of the Berlin Wall: this is the place to be.  Berlin-Mitte, the central district of the city, with its wastelands and decaying houses, has become the centre of a new movement. Artists, musicians, squatters, club owners, DJs and ravers are reclaiming the old city centre and bringing it back to life. This interregnum between two systems \u2013 the collapse of the old East Germany, the gentrification of the new Berlin \u2013 lasts only a few years. West Berliners, East Berliners and new residents from abroad join together to create music, art and fashion, to open bars and clubs and galleries, even if only for a few weeks. In the months following the fall of the Wall, there is a feeling of new beginnings and immense possibilities: life is now, and to be in the here and now feels endless. The phrase \u2018temporary autonomous zone\u2019 is circulating, it describes the idea \u2013 romantic and naive but, in the circumstances, not absurd \u2013 that, at a certain moment in history, you can actually do whatever you want.<\/p>\n<p>Ulrich Gutmair moved to West Berlin as a student in autumn 1989: two weeks later the Wall came down.  He spent the next few years studying during the day in the West and exploring the squats, bars and techno clubs in the East at night.  He fell in love with House and Techno and raved at Tresor, Elektro, Bunker and many other places that in the meantime have almost disappeared from collective memory. Ten years later he decided to write a book about that period in between, when one regime was brought down and a new one wasn\u2019t yet established. When utopia was actually a place to inhabit for a moment.<\/p><\/blockquote>","protected":false},"excerpt":{"rendered":"<p>\u015e\u00f6yle heyecanl\u0131 bir duyurumuz var: Hen\u00fcz kendisi iki ya\u015f\u0131nda bir bebek olan istanbulberlin&#8217;e bir bebek geliyor. Bu y\u00fczden de \u00f6n\u00fcm\u00fczdeki \u00fc\u00e7 ay yeni payla\u015f\u0131mlar olmayacak. Bize umutlu de\u011fi\u015fimler getiren bu yaz, sizin i\u00e7in de harika an\u0131larla dolsun, Ekim&#8217;de yeniden g\u00f6r\u00fc\u015fmek dile\u011fiyle! \u0130kinci duyurumuzsa bir kitap \u00f6nerisi: Daha \u00f6nce hem bu video arac\u0131l\u0131\u011f\u0131yla ya da zaman zaman istanbulberlin&#8217;e katk\u0131lar\u0131yla kar\u015f\u0131la\u015fm\u0131\u015f olabilece\u011finiz gazeteci ve yazar Ulrich Gutmair&#8217;in Berlin Duvar\u0131&#8217;n\u0131n y\u0131k\u0131l\u0131\u015f\u0131n\u0131n ard\u0131ndan gelen d\u00f6neme ve d\u00f6nemin sound&#8217;una e\u011filen kitab\u0131 &#8220;Berlin&#8217;in \u0130lk Y\u0131llar\u0131&#8221; Hulki Demirel \u00e7evirisi, N\u00fckhet Polat edit\u00f6rl\u00fc\u011f\u00fc ve Kolektif Kitap etiketiyle T\u00fcrk\u00e7e yay\u0131nland\u0131. Kitap daha \u00f6nce \u0130ngilizce de yay\u0131nlanm\u0131\u015ft\u0131. Kitab\u0131n arka kapak [&hellip;]<\/p>","protected":false},"author":2,"featured_media":3202,"comment_status":"open","ping_status":"open","sticky":false,"template":"","format":"standard","meta":{"footnotes":""},"categories":[4],"tags":[988,281,989,986,187,987,194],"class_list":["post-3200","post","type-post","status-publish","format-standard","has-post-thumbnail","hentry","category-zamanin-icinden","tag-ben-de-biel","tag-berlin-duvari","tag-berlinin-ilk-gunleri","tag-kolektif-kitap","tag-muzik","tag-nukhet-polat","tag-ulrich-gutmair"],"yoast_head":"<!-- This site is optimized with the Yoast SEO plugin v26.6 - https:\/\/yoast.com\/wordpress\/plugins\/seo\/ -->\n<title>De\u011fi\u015fimler Yaz\u0131 ve Berlin&#039;in Birle\u015fme Y\u0131llar\u0131n\u0131n Sound&#039;u<\/title>\n<meta name=\"description\" content=\"\u0130ki duyurumuz var: Hen\u00fcz kendisi iki ya\u015f\u0131nda bir bebek olan istanbulberlin&#039;e bir bebek geliyor! Ve &quot;Berlin&#039;in \u0130lk Y\u0131llar\u0131&quot; T\u00fcrk\u00e7ede!\" \/>\n<meta name=\"robots\" content=\"index, follow, max-snippet:-1, max-image-preview:large, max-video-preview:-1\" \/>\n<link rel=\"canonical\" href=\"https:\/\/www.istanbulberlin.com\/en-de\/iki-duyuru\/\" \/>\n<meta property=\"og:locale\" content=\"en_US\" \/>\n<meta property=\"og:type\" content=\"article\" \/>\n<meta property=\"og:title\" content=\"De\u011fi\u015fimler Yaz\u0131 ve Berlin&#039;in Birle\u015fme Y\u0131llar\u0131n\u0131n Sound&#039;u\" \/>\n<meta property=\"og:description\" content=\"\u0130ki duyurumuz var: Hen\u00fcz kendisi iki ya\u015f\u0131nda bir bebek olan istanbulberlin&#039;e bir bebek geliyor! Ve &quot;Berlin&#039;in \u0130lk Y\u0131llar\u0131&quot; T\u00fcrk\u00e7ede!\" \/>\n<meta property=\"og:url\" content=\"https:\/\/www.istanbulberlin.com\/en-de\/iki-duyuru\/\" \/>\n<meta property=\"og:site_name\" content=\"istanbulberlin\" \/>\n<meta property=\"article:published_time\" content=\"2022-06-23T11:49:54+00:00\" \/>\n<meta property=\"article:modified_time\" content=\"2022-06-23T12:56:48+00:00\" \/>\n<meta property=\"og:image\" content=\"https:\/\/www.istanbulberlin.com\/wp-content\/uploads\/2022\/06\/Foto_Ben-de-Biel.jpeg\" \/>\n\t<meta property=\"og:image:width\" content=\"1280\" \/>\n\t<meta property=\"og:image:height\" content=\"841\" \/>\n\t<meta property=\"og:image:type\" content=\"image\/jpeg\" \/>\n<meta name=\"author\" content=\"Sedef Ilgic\" \/>\n<meta name=\"twitter:card\" content=\"summary_large_image\" \/>\n<meta name=\"twitter:label1\" content=\"Written by\" \/>\n\t<meta name=\"twitter:data1\" content=\"Sedef Ilgic\" \/>\n\t<meta name=\"twitter:label2\" content=\"Est. reading time\" \/>\n\t<meta name=\"twitter:data2\" content=\"1 minute\" \/>\n<script type=\"application\/ld+json\" class=\"yoast-schema-graph\">{\"@context\":\"https:\/\/schema.org\",\"@graph\":[{\"@type\":\"Article\",\"@id\":\"https:\/\/www.istanbulberlin.com\/iki-duyuru\/#article\",\"isPartOf\":{\"@id\":\"https:\/\/www.istanbulberlin.com\/iki-duyuru\/\"},\"author\":{\"name\":\"Sedef Ilgic\",\"@id\":\"https:\/\/www.istanbulberlin.com\/#\/schema\/person\/1daa4de5f72c22093adde153bda4c7f2\"},\"headline\":\"De\u011fi\u015fimler Yaz\u0131 ve Berlin&#8217;in Birle\u015fme Y\u0131llar\u0131n\u0131n Sound&#8217;u\",\"datePublished\":\"2022-06-23T11:49:54+00:00\",\"dateModified\":\"2022-06-23T12:56:48+00:00\",\"mainEntityOfPage\":{\"@id\":\"https:\/\/www.istanbulberlin.com\/iki-duyuru\/\"},\"wordCount\":326,\"commentCount\":0,\"publisher\":{\"@id\":\"https:\/\/www.istanbulberlin.com\/#organization\"},\"image\":{\"@id\":\"https:\/\/www.istanbulberlin.com\/iki-duyuru\/#primaryimage\"},\"thumbnailUrl\":\"https:\/\/www.istanbulberlin.com\/wp-content\/uploads\/2022\/06\/Foto_Ben-de-Biel.jpeg\",\"keywords\":[\"Ben de Biel\",\"Berlin Duvar\u0131\",\"Berlin'in \u0130lk G\u00fcnleri\",\"Kolektif Kitap\",\"m\u00fczik\",\"N\u00fckhet Polat\",\"Ulrich Gutmair\"],\"articleSection\":[\"Zaman\u0131n \u0130\u00e7inden\"],\"inLanguage\":\"en-US\",\"potentialAction\":[{\"@type\":\"CommentAction\",\"name\":\"Comment\",\"target\":[\"https:\/\/www.istanbulberlin.com\/iki-duyuru\/#respond\"]}]},{\"@type\":\"WebPage\",\"@id\":\"https:\/\/www.istanbulberlin.com\/iki-duyuru\/\",\"url\":\"https:\/\/www.istanbulberlin.com\/iki-duyuru\/\",\"name\":\"De\u011fi\u015fimler Yaz\u0131 ve Berlin'in Birle\u015fme Y\u0131llar\u0131n\u0131n Sound'u\",\"isPartOf\":{\"@id\":\"https:\/\/www.istanbulberlin.com\/#website\"},\"primaryImageOfPage\":{\"@id\":\"https:\/\/www.istanbulberlin.com\/iki-duyuru\/#primaryimage\"},\"image\":{\"@id\":\"https:\/\/www.istanbulberlin.com\/iki-duyuru\/#primaryimage\"},\"thumbnailUrl\":\"https:\/\/www.istanbulberlin.com\/wp-content\/uploads\/2022\/06\/Foto_Ben-de-Biel.jpeg\",\"datePublished\":\"2022-06-23T11:49:54+00:00\",\"dateModified\":\"2022-06-23T12:56:48+00:00\",\"description\":\"\u0130ki duyurumuz var: Hen\u00fcz kendisi iki ya\u015f\u0131nda bir bebek olan istanbulberlin'e bir bebek geliyor! Ve \\\"Berlin'in \u0130lk Y\u0131llar\u0131\\\" T\u00fcrk\u00e7ede!\",\"breadcrumb\":{\"@id\":\"https:\/\/www.istanbulberlin.com\/iki-duyuru\/#breadcrumb\"},\"inLanguage\":\"en-US\",\"potentialAction\":[{\"@type\":\"ReadAction\",\"target\":[\"https:\/\/www.istanbulberlin.com\/iki-duyuru\/\"]}]},{\"@type\":\"ImageObject\",\"inLanguage\":\"en-US\",\"@id\":\"https:\/\/www.istanbulberlin.com\/iki-duyuru\/#primaryimage\",\"url\":\"https:\/\/www.istanbulberlin.com\/wp-content\/uploads\/2022\/06\/Foto_Ben-de-Biel.jpeg\",\"contentUrl\":\"https:\/\/www.istanbulberlin.com\/wp-content\/uploads\/2022\/06\/Foto_Ben-de-Biel.jpeg\",\"width\":1280,\"height\":841,\"caption\":\"linienstrasse berlin 1990\"},{\"@type\":\"BreadcrumbList\",\"@id\":\"https:\/\/www.istanbulberlin.com\/iki-duyuru\/#breadcrumb\",\"itemListElement\":[{\"@type\":\"ListItem\",\"position\":1,\"name\":\"Home\",\"item\":\"https:\/\/www.istanbulberlin.com\/\"},{\"@type\":\"ListItem\",\"position\":2,\"name\":\"De\u011fi\u015fimler Yaz\u0131 ve Berlin&#8217;in Birle\u015fme Y\u0131llar\u0131n\u0131n Sound&#8217;u\"}]},{\"@type\":\"WebSite\",\"@id\":\"https:\/\/www.istanbulberlin.com\/#website\",\"url\":\"https:\/\/www.istanbulberlin.com\/\",\"name\":\"istanbulberlin\",\"description\":\"kar\u015f\u0131la\u015fmalar i\u00e7in bir alan . a space for encounters\",\"publisher\":{\"@id\":\"https:\/\/www.istanbulberlin.com\/#organization\"},\"potentialAction\":[{\"@type\":\"SearchAction\",\"target\":{\"@type\":\"EntryPoint\",\"urlTemplate\":\"https:\/\/www.istanbulberlin.com\/?s={search_term_string}\"},\"query-input\":{\"@type\":\"PropertyValueSpecification\",\"valueRequired\":true,\"valueName\":\"search_term_string\"}}],\"inLanguage\":\"en-US\"},{\"@type\":\"Organization\",\"@id\":\"https:\/\/www.istanbulberlin.com\/#organization\",\"name\":\"istanbulberlin\",\"url\":\"https:\/\/www.istanbulberlin.com\/\",\"logo\":{\"@type\":\"ImageObject\",\"inLanguage\":\"en-US\",\"@id\":\"https:\/\/www.istanbulberlin.com\/#\/schema\/logo\/image\/\",\"url\":\"https:\/\/www.istanbulberlin.com\/wp-content\/uploads\/2020\/05\/logo_c_big.png\",\"contentUrl\":\"https:\/\/www.istanbulberlin.com\/wp-content\/uploads\/2020\/05\/logo_c_big.png\",\"width\":1010,\"height\":125,\"caption\":\"istanbulberlin\"},\"image\":{\"@id\":\"https:\/\/www.istanbulberlin.com\/#\/schema\/logo\/image\/\"}},{\"@type\":\"Person\",\"@id\":\"https:\/\/www.istanbulberlin.com\/#\/schema\/person\/1daa4de5f72c22093adde153bda4c7f2\",\"name\":\"Sedef Ilgic\",\"url\":false}]}<\/script>\n<!-- \/ Yoast SEO plugin. -->","yoast_head_json":{"title":"De\u011fi\u015fimler Yaz\u0131 ve Berlin'in Birle\u015fme Y\u0131llar\u0131n\u0131n Sound'u","description":"\u0130ki duyurumuz var: Hen\u00fcz kendisi iki ya\u015f\u0131nda bir bebek olan istanbulberlin'e bir bebek geliyor! Ve \"Berlin'in \u0130lk Y\u0131llar\u0131\" T\u00fcrk\u00e7ede!","robots":{"index":"index","follow":"follow","max-snippet":"max-snippet:-1","max-image-preview":"max-image-preview:large","max-video-preview":"max-video-preview:-1"},"canonical":"https:\/\/www.istanbulberlin.com\/en-de\/iki-duyuru\/","og_locale":"en_US","og_type":"article","og_title":"De\u011fi\u015fimler Yaz\u0131 ve Berlin'in Birle\u015fme Y\u0131llar\u0131n\u0131n Sound'u","og_description":"\u0130ki duyurumuz var: Hen\u00fcz kendisi iki ya\u015f\u0131nda bir bebek olan istanbulberlin'e bir bebek geliyor! Ve \"Berlin'in \u0130lk Y\u0131llar\u0131\" T\u00fcrk\u00e7ede!","og_url":"https:\/\/www.istanbulberlin.com\/en-de\/iki-duyuru\/","og_site_name":"istanbulberlin","article_published_time":"2022-06-23T11:49:54+00:00","article_modified_time":"2022-06-23T12:56:48+00:00","og_image":[{"width":1280,"height":841,"url":"https:\/\/www.istanbulberlin.com\/wp-content\/uploads\/2022\/06\/Foto_Ben-de-Biel.jpeg","type":"image\/jpeg"}],"author":"Sedef Ilgic","twitter_card":"summary_large_image","twitter_misc":{"Written by":"Sedef Ilgic","Est. reading time":"1 minute"},"schema":{"@context":"https:\/\/schema.org","@graph":[{"@type":"Article","@id":"https:\/\/www.istanbulberlin.com\/iki-duyuru\/#article","isPartOf":{"@id":"https:\/\/www.istanbulberlin.com\/iki-duyuru\/"},"author":{"name":"Sedef Ilgic","@id":"https:\/\/www.istanbulberlin.com\/#\/schema\/person\/1daa4de5f72c22093adde153bda4c7f2"},"headline":"De\u011fi\u015fimler Yaz\u0131 ve Berlin&#8217;in Birle\u015fme Y\u0131llar\u0131n\u0131n Sound&#8217;u","datePublished":"2022-06-23T11:49:54+00:00","dateModified":"2022-06-23T12:56:48+00:00","mainEntityOfPage":{"@id":"https:\/\/www.istanbulberlin.com\/iki-duyuru\/"},"wordCount":326,"commentCount":0,"publisher":{"@id":"https:\/\/www.istanbulberlin.com\/#organization"},"image":{"@id":"https:\/\/www.istanbulberlin.com\/iki-duyuru\/#primaryimage"},"thumbnailUrl":"https:\/\/www.istanbulberlin.com\/wp-content\/uploads\/2022\/06\/Foto_Ben-de-Biel.jpeg","keywords":["Ben de Biel","Berlin Duvar\u0131","Berlin'in \u0130lk G\u00fcnleri","Kolektif Kitap","m\u00fczik","N\u00fckhet Polat","Ulrich Gutmair"],"articleSection":["Zaman\u0131n \u0130\u00e7inden"],"inLanguage":"en-US","potentialAction":[{"@type":"CommentAction","name":"Comment","target":["https:\/\/www.istanbulberlin.com\/iki-duyuru\/#respond"]}]},{"@type":"WebPage","@id":"https:\/\/www.istanbulberlin.com\/iki-duyuru\/","url":"https:\/\/www.istanbulberlin.com\/iki-duyuru\/","name":"De\u011fi\u015fimler Yaz\u0131 ve Berlin'in Birle\u015fme Y\u0131llar\u0131n\u0131n Sound'u","isPartOf":{"@id":"https:\/\/www.istanbulberlin.com\/#website"},"primaryImageOfPage":{"@id":"https:\/\/www.istanbulberlin.com\/iki-duyuru\/#primaryimage"},"image":{"@id":"https:\/\/www.istanbulberlin.com\/iki-duyuru\/#primaryimage"},"thumbnailUrl":"https:\/\/www.istanbulberlin.com\/wp-content\/uploads\/2022\/06\/Foto_Ben-de-Biel.jpeg","datePublished":"2022-06-23T11:49:54+00:00","dateModified":"2022-06-23T12:56:48+00:00","description":"\u0130ki duyurumuz var: Hen\u00fcz kendisi iki ya\u015f\u0131nda bir bebek olan istanbulberlin'e bir bebek geliyor! Ve \"Berlin'in \u0130lk Y\u0131llar\u0131\" T\u00fcrk\u00e7ede!","breadcrumb":{"@id":"https:\/\/www.istanbulberlin.com\/iki-duyuru\/#breadcrumb"},"inLanguage":"en-US","potentialAction":[{"@type":"ReadAction","target":["https:\/\/www.istanbulberlin.com\/iki-duyuru\/"]}]},{"@type":"ImageObject","inLanguage":"en-US","@id":"https:\/\/www.istanbulberlin.com\/iki-duyuru\/#primaryimage","url":"https:\/\/www.istanbulberlin.com\/wp-content\/uploads\/2022\/06\/Foto_Ben-de-Biel.jpeg","contentUrl":"https:\/\/www.istanbulberlin.com\/wp-content\/uploads\/2022\/06\/Foto_Ben-de-Biel.jpeg","width":1280,"height":841,"caption":"linienstrasse berlin 1990"},{"@type":"BreadcrumbList","@id":"https:\/\/www.istanbulberlin.com\/iki-duyuru\/#breadcrumb","itemListElement":[{"@type":"ListItem","position":1,"name":"Home","item":"https:\/\/www.istanbulberlin.com\/"},{"@type":"ListItem","position":2,"name":"De\u011fi\u015fimler Yaz\u0131 ve Berlin&#8217;in Birle\u015fme Y\u0131llar\u0131n\u0131n Sound&#8217;u"}]},{"@type":"WebSite","@id":"https:\/\/www.istanbulberlin.com\/#website","url":"https:\/\/www.istanbulberlin.com\/","name":"istanbulberlin","description":"kar\u015f\u0131la\u015fmalar i\u00e7in bir alan . a space for encounters","publisher":{"@id":"https:\/\/www.istanbulberlin.com\/#organization"},"potentialAction":[{"@type":"SearchAction","target":{"@type":"EntryPoint","urlTemplate":"https:\/\/www.istanbulberlin.com\/?s={search_term_string}"},"query-input":{"@type":"PropertyValueSpecification","valueRequired":true,"valueName":"search_term_string"}}],"inLanguage":"en-US"},{"@type":"Organization","@id":"https:\/\/www.istanbulberlin.com\/#organization","name":"istanbulberlin","url":"https:\/\/www.istanbulberlin.com\/","logo":{"@type":"ImageObject","inLanguage":"en-US","@id":"https:\/\/www.istanbulberlin.com\/#\/schema\/logo\/image\/","url":"https:\/\/www.istanbulberlin.com\/wp-content\/uploads\/2020\/05\/logo_c_big.png","contentUrl":"https:\/\/www.istanbulberlin.com\/wp-content\/uploads\/2020\/05\/logo_c_big.png","width":1010,"height":125,"caption":"istanbulberlin"},"image":{"@id":"https:\/\/www.istanbulberlin.com\/#\/schema\/logo\/image\/"}},{"@type":"Person","@id":"https:\/\/www.istanbulberlin.com\/#\/schema\/person\/1daa4de5f72c22093adde153bda4c7f2","name":"Sedef Ilgic","url":false}]}},"_links":{"self":[{"href":"https:\/\/www.istanbulberlin.com\/en-de\/wp-json\/wp\/v2\/posts\/3200","targetHints":{"allow":["GET"]}}],"collection":[{"href":"https:\/\/www.istanbulberlin.com\/en-de\/wp-json\/wp\/v2\/posts"}],"about":[{"href":"https:\/\/www.istanbulberlin.com\/en-de\/wp-json\/wp\/v2\/types\/post"}],"author":[{"embeddable":true,"href":"https:\/\/www.istanbulberlin.com\/en-de\/wp-json\/wp\/v2\/users\/2"}],"replies":[{"embeddable":true,"href":"https:\/\/www.istanbulberlin.com\/en-de\/wp-json\/wp\/v2\/comments?post=3200"}],"version-history":[{"count":6,"href":"https:\/\/www.istanbulberlin.com\/en-de\/wp-json\/wp\/v2\/posts\/3200\/revisions"}],"predecessor-version":[{"id":3209,"href":"https:\/\/www.istanbulberlin.com\/en-de\/wp-json\/wp\/v2\/posts\/3200\/revisions\/3209"}],"wp:featuredmedia":[{"embeddable":true,"href":"https:\/\/www.istanbulberlin.com\/en-de\/wp-json\/wp\/v2\/media\/3202"}],"wp:attachment":[{"href":"https:\/\/www.istanbulberlin.com\/en-de\/wp-json\/wp\/v2\/media?parent=3200"}],"wp:term":[{"taxonomy":"category","embeddable":true,"href":"https:\/\/www.istanbulberlin.com\/en-de\/wp-json\/wp\/v2\/categories?post=3200"},{"taxonomy":"post_tag","embeddable":true,"href":"https:\/\/www.istanbulberlin.com\/en-de\/wp-json\/wp\/v2\/tags?post=3200"}],"curies":[{"name":"wp","href":"https:\/\/api.w.org\/{rel}","templated":true}]}}