{"id":3279,"date":"2024-05-06T10:26:38","date_gmt":"2024-05-06T07:26:38","guid":{"rendered":"https:\/\/www.istanbulberlin.com\/?p=3279"},"modified":"2024-05-06T10:35:36","modified_gmt":"2024-05-06T07:35:36","slug":"tant-lit-pop","status":"publish","type":"post","link":"https:\/\/www.istanbulberlin.com\/en-de\/tant-lit-pop\/","title":{"rendered":"Migration Stories in German Literature and Cultural Interaction of Today"},"content":{"rendered":"<h6><span style=\"font-weight: 400;\">We are pleased to share this article with its English translation, which we wrote in collaboration with The Art Newspaper T\u00fcrkiye and which was first published <a target=\"_blank\" href=\"https:\/\/www.artnewspaper.com.tr\/2024\/03\/13\/alman-edebiyatinda-goc-hikayeleri-ve-bugunun-kulturel-etkilesimi\">here<\/a> .\u00a0\u00a0<\/span><\/h6>\n<h6><span style=\"font-weight: 400;\">This year marks the 100th anniversary of the Treaty of Friendship between Turkey and Germany, aiming to improve post-World War I relations. Today, individuals with Turkish backgrounds constitute the largest minority in Germany, while Germany is the country receiving the most migration from Turkey. We look at the cultural interaction between people with Turkish backgrounds and German communities through the lens of lit.pop, a literature festival celebrating diversity, held in Cologne on March 8-9.<\/span><\/h6>\n<p><span style=\"font-weight: 400;\">In the photo: Miryam Schellbach, Fatma Aydemir and Antigone Akg\u00fcn.\u00a0<\/span><\/p>\n<p><span style=\"font-weight: 400;\">Two important artist residency programs are organized to host artists residing in Germany in Istanbul, one especially for the artists from Cologne and the North Rhine-Westphalia region; there is no special programs for artists from Turkey. However, interaction is meaningful only if it is bilateral. Yet, we are at times where traveling abroad is increasingly difficult and when we are becoming more inward-looking, mainly due to economic reasons. As the istanbulberlin team, a project space for cultural encounters between Turkey and Germany in the field of culture and arts, we are preparing a residency program called \"Seyir Quartier\" where writers from Turkey will be hosted in Cologne, in \"<a target=\"_blank\" href=\"https:\/\/qah.koeln\/de\/residenz\/\">Das Quartier am Hafen<\/a>\"  which is an arts center with many artists studios. We were in Cologne, attending to lit.pop to organize an event with institutions and individuals with whom we can develop cooperation and exchange ideas. <\/span><\/p>\n<p><span style=\"font-weight: 400;\">Named after literature and popular culture, and bringing different discourses to its program, lit.pop can be described as a \"festival within the festival.\" Since 2001, lit.pop has been held within lit.COLOGNE, one of Europe's largest literature festivals, with over 200 events each year. However, it differs significantly from lit.COLOGNE in terms of its target audience, format, diversity of guest writers, enriched program with film screenings and parties. Among the 18 participants in the program are two writers with Turkish backgrounds, Necati \u00d6ziri and Fatma Aydemir. <\/span><\/p>\n<p><span style=\"font-weight: 400;\">Literary critic, editor, and moderator of two events of the festival, Miryam Schellbach, states that book presentations were highly participatory and lively; however, she questions the necessity of having two stages. \"Why are some writers at lit.COLOGNE and others at lit.pop?\" Could they not be on the same stage, was such a distinction necessary? Participant Melis also touches on a similar issue: \"Only one space is opened, and it's about identity: are you German or not? However, the issue is not only about identity; I want to hear these voices everywhere.\" <\/span><\/p>\n<p><span style=\"font-weight: 400;\">This year marks the second edition of lit.pop. Bettina Fischer, director of the Literature House Cologne, with whom we had the opportunity to discuss and talk about the previous year of the festival, mentions that the program of the first year, which touched on very interesting themes, managed to reach young people. Unlike literature events in Germany, which are generally followed by an older audience and where literary readings are listened, pondered upon, and then returned home; lit.pop has a lot of audience interaction. Luisa Ringel, one of the two organizers who came up with the idea of lit.pop, also talks about their goal of appealing to a more participatory young audience. <\/span><\/p>\n<p><span style=\"font-weight: 400;\">Jana Schr\u00f6der, who enjoys listening to authors bringing their texts to life, criticizes the interaction between authors and moderators: <\/span><\/p>\n<blockquote><p><span style=\"font-weight: 400;\">There was no space for discussion, rather a feel-good atmosphere was created. There was not so much controversy. Moderators would not really challenge the authors with their questions, it was only back and forth confirmation of each other\u2019s stand points. If there were more opposing views and confrontation, perhaps the audience could be encouraged to think more.<\/span><\/p><\/blockquote>\n<p><span style=\"font-weight: 400;\">Melis agrees with Schr\u00f6der, saying, \"the festival could not realize its potential due to the harmony\" and adds: <\/span><\/p>\n<blockquote><p><span style=\"font-weight: 400;\">In environments where the young others, that is, those who are somewhat political, feminists, or people of color, come together, society is considered a common enemy, and unity is established against it. However, this criticism does not go beyond being an easy one.<\/span><\/p><\/blockquote>\n<p><span style=\"font-weight: 400;\">If there is one subject currently not up for discussion in Germany, it is the Israel-Palestine issue. Rainer Osnowski, director of lit.COLOGNE, which opened with an event titled \u201cAgainst Anti-Semitism\u201d, told in an interview with the German News Agency, expresses his intolerance towards the ignorance of one-sided pro-Palestinian statements among the so-called leftists in the cultural sphere. On the other hand, on behalf of lit.pop, Ringel says that they consider it is not their place to say which side is right or wrong and decided not to discuss these issues on stage.\u00a0<\/span><\/p>\n<p><b>\"The most interesting books are written by young immigrant-origin authors\"\u00a0<\/b><\/p>\n<p><span style=\"font-weight: 400;\">This year, the Literature House Cologne hosted two authors with Turkish backgrounds, Din\u00e7er G\u00fc\u00e7yeter and Deniz Utlu, along with Orhan Pamuk. Fischer says, \"The most interesting books right now are written by young authors with migration histories or people with other cultural diversities.\" <\/span><\/p>\n<p><span style=\"font-weight: 400;\">Schellbach also agrees that we are in a time when interest in migration stories has increased and states, \"There has been a wave, people called it a trend, and I know that people also fear there will be a backlash. German identity is being invented in a better way. Turkish and German communities are historically bound together, and there might be a new Wave in Germany recognizing that now.\" Ringel also agrees on the intensified interest and adds: \"We are too late to give them their due. Right now, the right wing politics are rising in Germany, but on the other hand, the reactions to it and activism against it is also escalating. We can see the reflections of these reactions in the field of culture and arts.\" <\/span><\/p>\n<p><span style=\"font-weight: 400;\">Fischer attributes this interest to the different circumstances in which third-generation writers express themselves: \"Now the confidence of the authors are different as well as the current atmosphere.\"\u00a0<\/span><\/p>\n<p><b>Publishing in Germany is too white\u00a0<\/b><\/p>\n<p><span style=\"font-weight: 400;\">The atmosphere in which authors find themselves cannot be considered separately from the state of the publishing world. To understand the situation of diversity in the literary scene, we can look at the state of diversity in publishing. According to Schellbach: <\/span><\/p>\n<blockquote><p><span style=\"font-weight: 400;\">There is a lot of criticism about how white the industry is. That is due to the fact that it is very complicated to get jobs in publishing companies. You need to work a lot without being paid before taking the first steps. People should change that for many reasons, first of all it is not fair. But second, there are so many perspectives and ways of lives that are not represented in producing literature. Which makes it even poorer, and less interesting.<\/span><\/p><\/blockquote>\n<p><span style=\"font-weight: 400;\">Schr\u00f6der also says that \"the festival's sensitivity to diversity did not reflect on the audience's diversity\" and mentions similar reasons: \"The audience was definitely very white because the tickets were definitely very expensive. So many people could not have been included.\" She talks about the German phrase \"worthless art of writing\" that means writing is not initially associated with making money. \"The question is also how to support all the young people to feel entitled to claim those spaces and give their voices a stage.\" <\/span><\/p>\n<p><span style=\"font-weight: 400;\">In areas where different cultures coexist, mix, and transform each other, we believe that literature can create a space for curiosity, empathy, and understanding; however, literature needs to overcome some barriers to do so. For example, can we say that all scenes are open to the writers with Turkish backgrounds in Germany? Do these books reach different audiences? Does this cultural interaction resonate in Turkey or do the books of these writers reach readers in Turkey? How much are translations from Turkish being read in Germany? <\/span><\/p>\n<p><span style=\"font-weight: 400;\">Although the answers to these questions lead us to the conclusion that there is still a long way to go, considering the stagnation in the publishing sector worldwide, the fact that tickets for the festival sold out weeks in advance holds promise. The presence of lit.pop, which has managed to appeal to young readers and open the stage to different voices, is itself evidence of the great strides made in recent years.<\/span><\/p>","protected":false},"excerpt":{"rendered":"<p>The Art Newspaper T\u00fcrkiye ile i\u015f birli\u011fi i\u00e7inde yazd\u0131\u011f\u0131m\u0131z ve ilk olarak burada yay\u0131nlanan bu yaz\u0131y\u0131 \u0130ngilizce \u00e7evirisiyle payla\u015fmaktan mutluyuz.\u00a0\u00a0 Bu ay itibariyle Birinci D\u00fcnya Sava\u015f\u0131 sonras\u0131 ili\u015fkilerini yeniden geli\u015ftirmek isteyen T\u00fcrkiye ve Almanya aras\u0131nda imzalanan Dostluk Antla\u015fmas\u0131\u2019n\u0131n \u00fczerinden 100 y\u0131l ge\u00e7ti. Bug\u00fcn T\u00fcrkiye k\u00f6kenliler, Almanya\u2019daki en yo\u011fun az\u0131nl\u0131k; ayn\u0131 zamanda Almanya, T\u00fcrkiye\u2019den en yo\u011fun g\u00f6\u00e7 alan \u00fclke. 8-9 Mart tarihlerinde K\u00f6ln\u2019de d\u00fczenlenen ve \u00e7e\u015fitlili\u011fi kutlayan edebiyat festivali lit.pop\u2019a, T\u00fcrkiye k\u00f6kenli ve Alman topluluklar aras\u0131ndaki k\u00fclt\u00fcrel etkile\u015fim a\u00e7\u0131s\u0131ndan bak\u0131yoruz. Foto\u011fraftakiler: Miryam Schellbach, Fatma Aydemir ve Antigone Akg\u00fcn.\u00a0 Biri Almanya\u2019da, di\u011feri K\u00f6ln\u2019\u00fcn de i\u00e7inde bulundu\u011fu Kuzey Ren-Vestfalya eyaletinde ikamet eden sanat\u00e7\u0131lar\u0131 [&hellip;]<\/p>","protected":false},"author":2,"featured_media":3280,"comment_status":"open","ping_status":"open","sticky":false,"template":"","format":"standard","meta":{"footnotes":""},"categories":[4],"tags":[1020,980,621,1022,1016,1018,1013,1014,1019,1017,1015,209,1012,1021,1011,1023],"class_list":["post-3279","post","type-post","status-publish","format-standard","has-post-thumbnail","hentry","category-zamanin-icinden","tag-bettina-fischer","tag-cagla-vera","tag-deniz-utlu","tag-dincer-gucyeter","tag-fatma-aydemir","tag-jana-schroder","tag-lit-cologne","tag-lit-op","tag-literaturhaus-koln","tag-miryam-schellbach","tag-necati-oziri","tag-orhan-pamuk","tag-quartier-am-hafen","tag-rainer-osnowski","tag-seyir-quartier","tag-the-artnewspaper-turkiye"],"yoast_head":"<!-- This site is optimized with the Yoast SEO plugin v26.6 - https:\/\/yoast.com\/wordpress\/plugins\/seo\/ -->\n<title>Alman Edebiyat\u0131nda G\u00f6\u00e7 Hik\u00e2yeleri ve Bug\u00fcn\u00fcn K\u00fclt\u00fcrel Etkile\u015fim<\/title>\n<meta name=\"description\" content=\"K\u00f6ln\u2019de d\u00fczenlenen ve \u00e7e\u015fitlili\u011fi kutlayan edebiyat festivali lit.pop\u2019a The Artnewspaper T\u00fcrkiye i\u015fbirli\u011fiyle bak\u0131yoruz.\" \/>\n<meta name=\"robots\" content=\"index, follow, max-snippet:-1, max-image-preview:large, max-video-preview:-1\" \/>\n<link rel=\"canonical\" href=\"https:\/\/www.istanbulberlin.com\/en-de\/tant-lit-pop\/\" \/>\n<meta property=\"og:locale\" content=\"en_US\" \/>\n<meta property=\"og:type\" content=\"article\" \/>\n<meta property=\"og:title\" content=\"Alman Edebiyat\u0131nda G\u00f6\u00e7 Hik\u00e2yeleri ve Bug\u00fcn\u00fcn K\u00fclt\u00fcrel Etkile\u015fim\" \/>\n<meta property=\"og:description\" content=\"K\u00f6ln\u2019de d\u00fczenlenen ve \u00e7e\u015fitlili\u011fi kutlayan edebiyat festivali lit.pop\u2019a The Artnewspaper T\u00fcrkiye i\u015fbirli\u011fiyle bak\u0131yoruz.\" \/>\n<meta property=\"og:url\" content=\"https:\/\/www.istanbulberlin.com\/en-de\/tant-lit-pop\/\" \/>\n<meta property=\"og:site_name\" content=\"istanbulberlin\" \/>\n<meta property=\"article:published_time\" content=\"2024-05-06T07:26:38+00:00\" \/>\n<meta property=\"article:modified_time\" content=\"2024-05-06T07:35:36+00:00\" \/>\n<meta property=\"og:image\" content=\"https:\/\/www.istanbulberlin.com\/wp-content\/uploads\/2024\/04\/DSCF0394-scaled.jpg\" \/>\n\t<meta property=\"og:image:width\" content=\"2560\" \/>\n\t<meta property=\"og:image:height\" content=\"1707\" \/>\n\t<meta property=\"og:image:type\" content=\"image\/jpeg\" \/>\n<meta name=\"author\" content=\"Sedef Ilgic\" \/>\n<meta name=\"twitter:card\" content=\"summary_large_image\" \/>\n<meta name=\"twitter:label1\" content=\"Written by\" \/>\n\t<meta name=\"twitter:data1\" content=\"Sedef Ilgic\" \/>\n\t<meta name=\"twitter:label2\" content=\"Est. reading time\" \/>\n\t<meta name=\"twitter:data2\" content=\"5 minutes\" \/>\n<script type=\"application\/ld+json\" class=\"yoast-schema-graph\">{\"@context\":\"https:\/\/schema.org\",\"@graph\":[{\"@type\":\"Article\",\"@id\":\"https:\/\/www.istanbulberlin.com\/tant-lit-pop\/#article\",\"isPartOf\":{\"@id\":\"https:\/\/www.istanbulberlin.com\/tant-lit-pop\/\"},\"author\":{\"name\":\"Sedef Ilgic\",\"@id\":\"https:\/\/www.istanbulberlin.com\/#\/schema\/person\/1daa4de5f72c22093adde153bda4c7f2\"},\"headline\":\"Alman Edebiyat\u0131nda G\u00f6\u00e7 Hik\u00e2yeleri ve Bug\u00fcn\u00fcn K\u00fclt\u00fcrel Etkile\u015fimi\",\"datePublished\":\"2024-05-06T07:26:38+00:00\",\"dateModified\":\"2024-05-06T07:35:36+00:00\",\"mainEntityOfPage\":{\"@id\":\"https:\/\/www.istanbulberlin.com\/tant-lit-pop\/\"},\"wordCount\":1560,\"commentCount\":0,\"publisher\":{\"@id\":\"https:\/\/www.istanbulberlin.com\/#organization\"},\"image\":{\"@id\":\"https:\/\/www.istanbulberlin.com\/tant-lit-pop\/#primaryimage\"},\"thumbnailUrl\":\"https:\/\/www.istanbulberlin.com\/wp-content\/uploads\/2024\/04\/DSCF0394-scaled.jpg\",\"keywords\":[\"Bettina Fischer\",\"\u00c7a\u011fla Vera\",\"Deniz Utlu\",\"Din\u00e7er G\u00fc\u00e7yeter\",\"Fatma Aydemir\",\"Jana Schr\u00f6der\",\"lit.COLOGNE\",\"lit.op\",\"Literaturhaus K\u00f6ln\",\"Miryam Schellbach\",\"Necati \u00d6ziri\",\"Orhan Pamuk\",\"Quartier am Hafen\",\"Rainer Osnowski\",\"Seyir Quartier\",\"The Artnewspaper T\u00fcrkiye\"],\"articleSection\":[\"Zaman\u0131n \u0130\u00e7inden\"],\"inLanguage\":\"en-US\",\"potentialAction\":[{\"@type\":\"CommentAction\",\"name\":\"Comment\",\"target\":[\"https:\/\/www.istanbulberlin.com\/tant-lit-pop\/#respond\"]}]},{\"@type\":\"WebPage\",\"@id\":\"https:\/\/www.istanbulberlin.com\/tant-lit-pop\/\",\"url\":\"https:\/\/www.istanbulberlin.com\/tant-lit-pop\/\",\"name\":\"Alman Edebiyat\u0131nda G\u00f6\u00e7 Hik\u00e2yeleri ve Bug\u00fcn\u00fcn K\u00fclt\u00fcrel Etkile\u015fim\",\"isPartOf\":{\"@id\":\"https:\/\/www.istanbulberlin.com\/#website\"},\"primaryImageOfPage\":{\"@id\":\"https:\/\/www.istanbulberlin.com\/tant-lit-pop\/#primaryimage\"},\"image\":{\"@id\":\"https:\/\/www.istanbulberlin.com\/tant-lit-pop\/#primaryimage\"},\"thumbnailUrl\":\"https:\/\/www.istanbulberlin.com\/wp-content\/uploads\/2024\/04\/DSCF0394-scaled.jpg\",\"datePublished\":\"2024-05-06T07:26:38+00:00\",\"dateModified\":\"2024-05-06T07:35:36+00:00\",\"description\":\"K\u00f6ln\u2019de d\u00fczenlenen ve \u00e7e\u015fitlili\u011fi kutlayan edebiyat festivali lit.pop\u2019a The Artnewspaper T\u00fcrkiye i\u015fbirli\u011fiyle bak\u0131yoruz.\",\"breadcrumb\":{\"@id\":\"https:\/\/www.istanbulberlin.com\/tant-lit-pop\/#breadcrumb\"},\"inLanguage\":\"en-US\",\"potentialAction\":[{\"@type\":\"ReadAction\",\"target\":[\"https:\/\/www.istanbulberlin.com\/tant-lit-pop\/\"]}]},{\"@type\":\"ImageObject\",\"inLanguage\":\"en-US\",\"@id\":\"https:\/\/www.istanbulberlin.com\/tant-lit-pop\/#primaryimage\",\"url\":\"https:\/\/www.istanbulberlin.com\/wp-content\/uploads\/2024\/04\/DSCF0394-scaled.jpg\",\"contentUrl\":\"https:\/\/www.istanbulberlin.com\/wp-content\/uploads\/2024\/04\/DSCF0394-scaled.jpg\",\"width\":2560,\"height\":1707},{\"@type\":\"BreadcrumbList\",\"@id\":\"https:\/\/www.istanbulberlin.com\/tant-lit-pop\/#breadcrumb\",\"itemListElement\":[{\"@type\":\"ListItem\",\"position\":1,\"name\":\"Home\",\"item\":\"https:\/\/www.istanbulberlin.com\/\"},{\"@type\":\"ListItem\",\"position\":2,\"name\":\"Alman Edebiyat\u0131nda G\u00f6\u00e7 Hik\u00e2yeleri ve Bug\u00fcn\u00fcn K\u00fclt\u00fcrel Etkile\u015fimi\"}]},{\"@type\":\"WebSite\",\"@id\":\"https:\/\/www.istanbulberlin.com\/#website\",\"url\":\"https:\/\/www.istanbulberlin.com\/\",\"name\":\"istanbulberlin\",\"description\":\"kar\u015f\u0131la\u015fmalar i\u00e7in bir alan . a space for encounters\",\"publisher\":{\"@id\":\"https:\/\/www.istanbulberlin.com\/#organization\"},\"potentialAction\":[{\"@type\":\"SearchAction\",\"target\":{\"@type\":\"EntryPoint\",\"urlTemplate\":\"https:\/\/www.istanbulberlin.com\/?s={search_term_string}\"},\"query-input\":{\"@type\":\"PropertyValueSpecification\",\"valueRequired\":true,\"valueName\":\"search_term_string\"}}],\"inLanguage\":\"en-US\"},{\"@type\":\"Organization\",\"@id\":\"https:\/\/www.istanbulberlin.com\/#organization\",\"name\":\"istanbulberlin\",\"url\":\"https:\/\/www.istanbulberlin.com\/\",\"logo\":{\"@type\":\"ImageObject\",\"inLanguage\":\"en-US\",\"@id\":\"https:\/\/www.istanbulberlin.com\/#\/schema\/logo\/image\/\",\"url\":\"https:\/\/www.istanbulberlin.com\/wp-content\/uploads\/2020\/05\/logo_c_big.png\",\"contentUrl\":\"https:\/\/www.istanbulberlin.com\/wp-content\/uploads\/2020\/05\/logo_c_big.png\",\"width\":1010,\"height\":125,\"caption\":\"istanbulberlin\"},\"image\":{\"@id\":\"https:\/\/www.istanbulberlin.com\/#\/schema\/logo\/image\/\"}},{\"@type\":\"Person\",\"@id\":\"https:\/\/www.istanbulberlin.com\/#\/schema\/person\/1daa4de5f72c22093adde153bda4c7f2\",\"name\":\"Sedef Ilgic\",\"url\":false}]}<\/script>\n<!-- \/ Yoast SEO plugin. -->","yoast_head_json":{"title":"Alman Edebiyat\u0131nda G\u00f6\u00e7 Hik\u00e2yeleri ve Bug\u00fcn\u00fcn K\u00fclt\u00fcrel Etkile\u015fim","description":"K\u00f6ln\u2019de d\u00fczenlenen ve \u00e7e\u015fitlili\u011fi kutlayan edebiyat festivali lit.pop\u2019a The Artnewspaper T\u00fcrkiye i\u015fbirli\u011fiyle bak\u0131yoruz.","robots":{"index":"index","follow":"follow","max-snippet":"max-snippet:-1","max-image-preview":"max-image-preview:large","max-video-preview":"max-video-preview:-1"},"canonical":"https:\/\/www.istanbulberlin.com\/en-de\/tant-lit-pop\/","og_locale":"en_US","og_type":"article","og_title":"Alman Edebiyat\u0131nda G\u00f6\u00e7 Hik\u00e2yeleri ve Bug\u00fcn\u00fcn K\u00fclt\u00fcrel Etkile\u015fim","og_description":"K\u00f6ln\u2019de d\u00fczenlenen ve \u00e7e\u015fitlili\u011fi kutlayan edebiyat festivali lit.pop\u2019a The Artnewspaper T\u00fcrkiye i\u015fbirli\u011fiyle bak\u0131yoruz.","og_url":"https:\/\/www.istanbulberlin.com\/en-de\/tant-lit-pop\/","og_site_name":"istanbulberlin","article_published_time":"2024-05-06T07:26:38+00:00","article_modified_time":"2024-05-06T07:35:36+00:00","og_image":[{"width":2560,"height":1707,"url":"https:\/\/www.istanbulberlin.com\/wp-content\/uploads\/2024\/04\/DSCF0394-scaled.jpg","type":"image\/jpeg"}],"author":"Sedef Ilgic","twitter_card":"summary_large_image","twitter_misc":{"Written by":"Sedef Ilgic","Est. reading time":"5 minutes"},"schema":{"@context":"https:\/\/schema.org","@graph":[{"@type":"Article","@id":"https:\/\/www.istanbulberlin.com\/tant-lit-pop\/#article","isPartOf":{"@id":"https:\/\/www.istanbulberlin.com\/tant-lit-pop\/"},"author":{"name":"Sedef Ilgic","@id":"https:\/\/www.istanbulberlin.com\/#\/schema\/person\/1daa4de5f72c22093adde153bda4c7f2"},"headline":"Alman Edebiyat\u0131nda G\u00f6\u00e7 Hik\u00e2yeleri ve Bug\u00fcn\u00fcn K\u00fclt\u00fcrel Etkile\u015fimi","datePublished":"2024-05-06T07:26:38+00:00","dateModified":"2024-05-06T07:35:36+00:00","mainEntityOfPage":{"@id":"https:\/\/www.istanbulberlin.com\/tant-lit-pop\/"},"wordCount":1560,"commentCount":0,"publisher":{"@id":"https:\/\/www.istanbulberlin.com\/#organization"},"image":{"@id":"https:\/\/www.istanbulberlin.com\/tant-lit-pop\/#primaryimage"},"thumbnailUrl":"https:\/\/www.istanbulberlin.com\/wp-content\/uploads\/2024\/04\/DSCF0394-scaled.jpg","keywords":["Bettina Fischer","\u00c7a\u011fla Vera","Deniz Utlu","Din\u00e7er G\u00fc\u00e7yeter","Fatma Aydemir","Jana Schr\u00f6der","lit.COLOGNE","lit.op","Literaturhaus K\u00f6ln","Miryam Schellbach","Necati \u00d6ziri","Orhan Pamuk","Quartier am Hafen","Rainer Osnowski","Seyir Quartier","The Artnewspaper T\u00fcrkiye"],"articleSection":["Zaman\u0131n \u0130\u00e7inden"],"inLanguage":"en-US","potentialAction":[{"@type":"CommentAction","name":"Comment","target":["https:\/\/www.istanbulberlin.com\/tant-lit-pop\/#respond"]}]},{"@type":"WebPage","@id":"https:\/\/www.istanbulberlin.com\/tant-lit-pop\/","url":"https:\/\/www.istanbulberlin.com\/tant-lit-pop\/","name":"Alman Edebiyat\u0131nda G\u00f6\u00e7 Hik\u00e2yeleri ve Bug\u00fcn\u00fcn K\u00fclt\u00fcrel Etkile\u015fim","isPartOf":{"@id":"https:\/\/www.istanbulberlin.com\/#website"},"primaryImageOfPage":{"@id":"https:\/\/www.istanbulberlin.com\/tant-lit-pop\/#primaryimage"},"image":{"@id":"https:\/\/www.istanbulberlin.com\/tant-lit-pop\/#primaryimage"},"thumbnailUrl":"https:\/\/www.istanbulberlin.com\/wp-content\/uploads\/2024\/04\/DSCF0394-scaled.jpg","datePublished":"2024-05-06T07:26:38+00:00","dateModified":"2024-05-06T07:35:36+00:00","description":"K\u00f6ln\u2019de d\u00fczenlenen ve \u00e7e\u015fitlili\u011fi kutlayan edebiyat festivali lit.pop\u2019a The Artnewspaper T\u00fcrkiye i\u015fbirli\u011fiyle bak\u0131yoruz.","breadcrumb":{"@id":"https:\/\/www.istanbulberlin.com\/tant-lit-pop\/#breadcrumb"},"inLanguage":"en-US","potentialAction":[{"@type":"ReadAction","target":["https:\/\/www.istanbulberlin.com\/tant-lit-pop\/"]}]},{"@type":"ImageObject","inLanguage":"en-US","@id":"https:\/\/www.istanbulberlin.com\/tant-lit-pop\/#primaryimage","url":"https:\/\/www.istanbulberlin.com\/wp-content\/uploads\/2024\/04\/DSCF0394-scaled.jpg","contentUrl":"https:\/\/www.istanbulberlin.com\/wp-content\/uploads\/2024\/04\/DSCF0394-scaled.jpg","width":2560,"height":1707},{"@type":"BreadcrumbList","@id":"https:\/\/www.istanbulberlin.com\/tant-lit-pop\/#breadcrumb","itemListElement":[{"@type":"ListItem","position":1,"name":"Home","item":"https:\/\/www.istanbulberlin.com\/"},{"@type":"ListItem","position":2,"name":"Alman Edebiyat\u0131nda G\u00f6\u00e7 Hik\u00e2yeleri ve Bug\u00fcn\u00fcn K\u00fclt\u00fcrel Etkile\u015fimi"}]},{"@type":"WebSite","@id":"https:\/\/www.istanbulberlin.com\/#website","url":"https:\/\/www.istanbulberlin.com\/","name":"istanbulberlin","description":"kar\u015f\u0131la\u015fmalar i\u00e7in bir alan . a space for encounters","publisher":{"@id":"https:\/\/www.istanbulberlin.com\/#organization"},"potentialAction":[{"@type":"SearchAction","target":{"@type":"EntryPoint","urlTemplate":"https:\/\/www.istanbulberlin.com\/?s={search_term_string}"},"query-input":{"@type":"PropertyValueSpecification","valueRequired":true,"valueName":"search_term_string"}}],"inLanguage":"en-US"},{"@type":"Organization","@id":"https:\/\/www.istanbulberlin.com\/#organization","name":"istanbulberlin","url":"https:\/\/www.istanbulberlin.com\/","logo":{"@type":"ImageObject","inLanguage":"en-US","@id":"https:\/\/www.istanbulberlin.com\/#\/schema\/logo\/image\/","url":"https:\/\/www.istanbulberlin.com\/wp-content\/uploads\/2020\/05\/logo_c_big.png","contentUrl":"https:\/\/www.istanbulberlin.com\/wp-content\/uploads\/2020\/05\/logo_c_big.png","width":1010,"height":125,"caption":"istanbulberlin"},"image":{"@id":"https:\/\/www.istanbulberlin.com\/#\/schema\/logo\/image\/"}},{"@type":"Person","@id":"https:\/\/www.istanbulberlin.com\/#\/schema\/person\/1daa4de5f72c22093adde153bda4c7f2","name":"Sedef Ilgic","url":false}]}},"_links":{"self":[{"href":"https:\/\/www.istanbulberlin.com\/en-de\/wp-json\/wp\/v2\/posts\/3279","targetHints":{"allow":["GET"]}}],"collection":[{"href":"https:\/\/www.istanbulberlin.com\/en-de\/wp-json\/wp\/v2\/posts"}],"about":[{"href":"https:\/\/www.istanbulberlin.com\/en-de\/wp-json\/wp\/v2\/types\/post"}],"author":[{"embeddable":true,"href":"https:\/\/www.istanbulberlin.com\/en-de\/wp-json\/wp\/v2\/users\/2"}],"replies":[{"embeddable":true,"href":"https:\/\/www.istanbulberlin.com\/en-de\/wp-json\/wp\/v2\/comments?post=3279"}],"version-history":[{"count":2,"href":"https:\/\/www.istanbulberlin.com\/en-de\/wp-json\/wp\/v2\/posts\/3279\/revisions"}],"predecessor-version":[{"id":3286,"href":"https:\/\/www.istanbulberlin.com\/en-de\/wp-json\/wp\/v2\/posts\/3279\/revisions\/3286"}],"wp:featuredmedia":[{"embeddable":true,"href":"https:\/\/www.istanbulberlin.com\/en-de\/wp-json\/wp\/v2\/media\/3280"}],"wp:attachment":[{"href":"https:\/\/www.istanbulberlin.com\/en-de\/wp-json\/wp\/v2\/media?parent=3279"}],"wp:term":[{"taxonomy":"category","embeddable":true,"href":"https:\/\/www.istanbulberlin.com\/en-de\/wp-json\/wp\/v2\/categories?post=3279"},{"taxonomy":"post_tag","embeddable":true,"href":"https:\/\/www.istanbulberlin.com\/en-de\/wp-json\/wp\/v2\/tags?post=3279"}],"curies":[{"name":"wp","href":"https:\/\/api.w.org\/{rel}","templated":true}]}}