{"id":3477,"date":"2026-09-02T16:30:56","date_gmt":"2026-09-02T13:30:56","guid":{"rendered":"https:\/\/www.istanbulberlin.com\/?p=3477"},"modified":"2026-09-02T16:33:03","modified_gmt":"2026-09-02T13:33:03","slug":"gulsumakuzum","status":"publish","type":"post","link":"https:\/\/www.istanbulberlin.com\/en-de\/gulsumakuzum\/","title":{"rendered":"Seyir Quartier Residenz: Stipendiatin G\u00fcls\u00fcm Ak\u00fcz\u00fcm"},"content":{"rendered":"<p class=\"isSelectedEnd\">Wir freuen uns G\u00fcls\u00fcm Ak\u00fcz\u00fcm als erste Stipendiatin in der 2. Staffel des Literatur Residenzprogramms Seyir Quartier willkommen zu hei\u00dfen. Sie wird vom 11.9. \u2013 23.10.2026 ihre Residenz im Quartier am Hafen verbringen und freut sich \u00fcber Austausch mit der K\u00f6lner Literaturszene.<\/p>\n<p><img loading=\"lazy\" decoding=\"async\" class=\"alignnone wp-image-3478 size-full\" src=\"https:\/\/www.istanbulberlin.com\/wp-content\/uploads\/2026\/09\/Gulsum_Insta.jpg\" alt=\"\" width=\"1080\" height=\"1350\" srcset=\"https:\/\/www.istanbulberlin.com\/wp-content\/uploads\/2026\/09\/Gulsum_Insta.jpg 1080w, https:\/\/www.istanbulberlin.com\/wp-content\/uploads\/2026\/09\/Gulsum_Insta-240x300.jpg 240w, https:\/\/www.istanbulberlin.com\/wp-content\/uploads\/2026\/09\/Gulsum_Insta-819x1024.jpg 819w, https:\/\/www.istanbulberlin.com\/wp-content\/uploads\/2026\/09\/Gulsum_Insta-768x960.jpg 768w, https:\/\/www.istanbulberlin.com\/wp-content\/uploads\/2026\/09\/Gulsum_Insta-10x12.jpg 10w\" sizes=\"auto, (max-width: 1080px) 100vw, 1080px\" \/><\/p>\n<p class=\"isSelectedEnd\">G\u00fcls\u00fcm Ak\u00fcz\u00fcm studierte Englische Sprache und Literatur an der Ege-Universit\u00e4t und absolvierte einen gemeinsamen Erasmus-Mundus-Masterstudiengang in Women\u2019s and Gender Studies. Ihre Masterarbeit konzentrierte sich auf zwischenartliche Relationalit\u00e4t und mehr-als-menschliche Zuk\u00fcnfte in der Klimaliteratur. Ihre Forschungsinteressen umfassen \u00d6kofeminismus, Posthumanismus und Multispezies-Studien, mit besonderem Augenmerk auf \u00f6kologische Anpassung und Resilienz in spekulativer Literatur. Neben ihrer akademischen Arbeit verf\u00fcgt sie \u00fcber Erfahrung mit Umwelt-NGOs und interessiert sich f\u00fcr kollaborative, interdisziplin\u00e4re Forschungs- und Kunstpraktiken, die sich auf ein Umdenken der Umwelt konzentrieren.<\/p>\n<p>Derzeit arbeitet sie an einer Sammlung von Kurzgeschichten und m\u00f6chte die Residenz nutzen, um diese Arbeit zu vertiefen und sie einer Ver\u00f6ffentlichung n\u00e4herzubringen. Ihr Schreiben bringt Mensch-Tier-Beziehungen mit Erinnerung und Beziehungsdynamiken zusammen und greift dabei auf Kindheitserinnerungen mit einem traum\u00e4hnlichen, nicht-linearen Wirklichkeitsverst\u00e4ndnis zur\u00fcck.<\/p>\n<p>Sie wurde von unserer Jury ausgew\u00e4hlt, die sich aus G\u00fcls\u00fcm Ak\u00fcz\u00fcm, der Kuratorin und Autorin Didem Yaz\u0131c\u0131, der Dozentin, Redakteurin und \u00dcbersetzerin \u015eebnem Sunar sowie dem Autor Selim \u00d6zdo\u011fan und Elif Nur Ayba\u015f, der zweiten Gastautorin von Seyir Quartier, zusammensetzte.<\/p>\n<div id=\"attachment_3349\" style=\"width: 199px\" class=\"wp-caption alignright\"><img loading=\"lazy\" decoding=\"async\" aria-describedby=\"caption-attachment-3349\" class=\"wp-image-3349\" src=\"https:\/\/www.istanbulberlin.com\/wp-content\/uploads\/2025\/06\/Selim_Ozdogan_2-225x300.jpg\" alt=\"\" width=\"189\" height=\"252\" srcset=\"https:\/\/www.istanbulberlin.com\/wp-content\/uploads\/2025\/06\/Selim_Ozdogan_2-225x300.jpg 225w, https:\/\/www.istanbulberlin.com\/wp-content\/uploads\/2025\/06\/Selim_Ozdogan_2-768x1024.jpg 768w, https:\/\/www.istanbulberlin.com\/wp-content\/uploads\/2025\/06\/Selim_Ozdogan_2-1152x1536.jpg 1152w, https:\/\/www.istanbulberlin.com\/wp-content\/uploads\/2025\/06\/Selim_Ozdogan_2-9x12.jpg 9w, https:\/\/www.istanbulberlin.com\/wp-content\/uploads\/2025\/06\/Selim_Ozdogan_2.jpg 1281w\" sizes=\"auto, (max-width: 189px) 100vw, 189px\" \/><p id=\"caption-attachment-3349\" class=\"wp-caption-text\">Selim \u00d6zdo\u011fan<\/p><\/div>\n<div id=\"attachment_3348\" style=\"width: 198px\" class=\"wp-caption alignright\"><img loading=\"lazy\" decoding=\"async\" aria-describedby=\"caption-attachment-3348\" class=\"wp-image-3348\" src=\"https:\/\/www.istanbulberlin.com\/wp-content\/uploads\/2025\/06\/Sunar_Sebnem-222x300.jpg\" alt=\"\" width=\"188\" height=\"254\" srcset=\"https:\/\/www.istanbulberlin.com\/wp-content\/uploads\/2025\/06\/Sunar_Sebnem-222x300.jpg 222w, https:\/\/www.istanbulberlin.com\/wp-content\/uploads\/2025\/06\/Sunar_Sebnem-9x12.jpg 9w, https:\/\/www.istanbulberlin.com\/wp-content\/uploads\/2025\/06\/Sunar_Sebnem.jpg 334w\" sizes=\"auto, (max-width: 188px) 100vw, 188px\" \/><p id=\"caption-attachment-3348\" class=\"wp-caption-text\">\u015eebnem Sunar<\/p><\/div>\n<div id=\"attachment_3347\" style=\"width: 201px\" class=\"wp-caption alignright\"><img loading=\"lazy\" decoding=\"async\" aria-describedby=\"caption-attachment-3347\" class=\"wp-image-3347\" src=\"https:\/\/www.istanbulberlin.com\/wp-content\/uploads\/2025\/06\/Didem_Yazici-225x300.jpg\" alt=\"\" width=\"191\" height=\"255\" srcset=\"https:\/\/www.istanbulberlin.com\/wp-content\/uploads\/2025\/06\/Didem_Yazici-225x300.jpg 225w, https:\/\/www.istanbulberlin.com\/wp-content\/uploads\/2025\/06\/Didem_Yazici-768x1024.jpg 768w, https:\/\/www.istanbulberlin.com\/wp-content\/uploads\/2025\/06\/Didem_Yazici-9x12.jpg 9w, https:\/\/www.istanbulberlin.com\/wp-content\/uploads\/2025\/06\/Didem_Yazici.jpg 809w\" sizes=\"auto, (max-width: 191px) 100vw, 191px\" \/><p id=\"caption-attachment-3347\" class=\"wp-caption-text\">Didem Yaz\u0131c\u0131 \u00a9 for Yap\u0131 Kredi K\u00fclt\u00fcr Sanat, Koray \u015eent\u00fcrk<\/p><\/div>\n<div id=\"attachment_3437\" style=\"width: 213px\" class=\"wp-caption alignleft\"><img loading=\"lazy\" decoding=\"async\" aria-describedby=\"caption-attachment-3437\" class=\"wp-image-3437 size-medium\" src=\"https:\/\/www.istanbulberlin.com\/wp-content\/uploads\/2026\/01\/SQ_1.3._Elif-203x300.jpg\" alt=\"\" width=\"203\" height=\"300\" srcset=\"https:\/\/www.istanbulberlin.com\/wp-content\/uploads\/2026\/01\/SQ_1.3._Elif-203x300.jpg 203w, https:\/\/www.istanbulberlin.com\/wp-content\/uploads\/2026\/01\/SQ_1.3._Elif-692x1024.jpg 692w, https:\/\/www.istanbulberlin.com\/wp-content\/uploads\/2026\/01\/SQ_1.3._Elif-768x1136.jpg 768w, https:\/\/www.istanbulberlin.com\/wp-content\/uploads\/2026\/01\/SQ_1.3._Elif-1038x1536.jpg 1038w, https:\/\/www.istanbulberlin.com\/wp-content\/uploads\/2026\/01\/SQ_1.3._Elif-8x12.jpg 8w, https:\/\/www.istanbulberlin.com\/wp-content\/uploads\/2026\/01\/SQ_1.3._Elif.jpg 1263w\" sizes=\"auto, (max-width: 203px) 100vw, 203px\" \/><p id=\"caption-attachment-3437\" class=\"wp-caption-text\">Seyir Quartier&#8217;nin ikinci konuk yazar\u0131 Elif Nur Ayba\u015f<\/p><\/div>\n<p><b>\u00dcber Seyir Quartier:\u00a0<\/b><\/p>\n<p><span style=\"font-weight: 400;\">Seyir Quartier verbindet das t\u00fcrkische \u201eseyir\u201c (Beobachtung in Bewegung \u2013 eine Entdeckungsreise) mit dem K\u00f6lner Quartier am Hafen als Ort kulturellen Austauschs.<\/span><\/p>\n<p><b>Veranstaltet durch<\/b><\/p>\n<p><img loading=\"lazy\" decoding=\"async\" class=\"alignnone wp-image-3319\" src=\"https:\/\/www.istanbulberlin.com\/wp-content\/uploads\/2025\/04\/org.png\" alt=\"\" width=\"386\" height=\"71\" srcset=\"https:\/\/www.istanbulberlin.com\/wp-content\/uploads\/2025\/04\/org.png 972w, https:\/\/www.istanbulberlin.com\/wp-content\/uploads\/2025\/04\/org-300x55.png 300w, https:\/\/www.istanbulberlin.com\/wp-content\/uploads\/2025\/04\/org-768x141.png 768w, https:\/\/www.istanbulberlin.com\/wp-content\/uploads\/2025\/04\/org-18x3.png 18w\" sizes=\"auto, (max-width: 386px) 100vw, 386px\" \/><\/p>\n<h6><b>Mit Unterst\u00fctzung von<\/b><\/h6>\n<p><img loading=\"lazy\" decoding=\"async\" class=\"alignnone wp-image-3441 size-full\" src=\"https:\/\/www.istanbulberlin.com\/wp-content\/uploads\/2026\/05\/sponsors.jpg\" alt=\"\" width=\"2198\" height=\"156\" srcset=\"https:\/\/www.istanbulberlin.com\/wp-content\/uploads\/2026\/05\/sponsors.jpg 2198w, https:\/\/www.istanbulberlin.com\/wp-content\/uploads\/2026\/05\/sponsors-300x21.jpg 300w, https:\/\/www.istanbulberlin.com\/wp-content\/uploads\/2026\/05\/sponsors-1024x73.jpg 1024w, https:\/\/www.istanbulberlin.com\/wp-content\/uploads\/2026\/05\/sponsors-768x55.jpg 768w, https:\/\/www.istanbulberlin.com\/wp-content\/uploads\/2026\/05\/sponsors-1536x109.jpg 1536w, https:\/\/www.istanbulberlin.com\/wp-content\/uploads\/2026\/05\/sponsors-2048x145.jpg 2048w, https:\/\/www.istanbulberlin.com\/wp-content\/uploads\/2026\/05\/sponsors-18x1.jpg 18w\" sizes=\"auto, (max-width: 2198px) 100vw, 2198px\" \/><\/p>\n<h6><b>In Zusammenarbeit mit:<\/b><\/h6>\n<p>das \u201candere\u201d Literaturcaf\u00e9, Frankfurt Kitap Fuar\u0131, Kulturbunker K\u00f6ln-M\u00fclheim, Land in Sicht e.V., NEOLA art projects e.V., Portiko Okuma ve Performanslar\u0131, Verein zur F\u00f6rderung der St\u00e4dtepartnerschaft K\u00f6ln \u2013 Istanbul e.V., Urban Cafe<\/p>","protected":false},"excerpt":{"rendered":"<p>Edebiyat alan\u0131nda konukevi program\u0131m\u0131z Seyir Quartier&#8217;nin 2. sezonunun ilk bursiyeri olarak G\u00fcls\u00fcm Ak\u00fcz\u00fcm\u2019\u00fc aram\u0131zda g\u00f6rece\u011fimizi duyurmaktan b\u00fcy\u00fck mutluluk duyuyoruz. Ak\u00fcz\u00fcm, 11 Eyl\u00fcl \u2013 23 Ekim 2026 tarihleri aras\u0131nda Quartier am Hafen&#8217;da bulunacak ve K\u00f6ln edebiyat \u00e7evresiyle fikir al\u0131\u015fveri\u015finde bulunmay\u0131 sab\u0131rs\u0131zl\u0131kla bekliyor. G\u00fcls\u00fcm Ak\u00fcz\u00fcm, Ege \u00dcniversitesi\u2019nde \u0130ngiliz Dili ve Edebiyat\u0131 okudu ve Kad\u0131n ve Toplumsal Cinsiyet \u00c7al\u0131\u015fmalar\u0131 alan\u0131nda Erasmus Mundus Ortak Y\u00fcksek Lisans Program\u0131&#8217;n\u0131 tamamlad\u0131. Y\u00fcksek lisans tezi, iklim kurgusunda t\u00fcrler aras\u0131 ili\u015fkiler ve insan \u00f6tesi gelecekler \u00fczerine odakland\u0131. Ara\u015ft\u0131rma ilgi alanlar\u0131 aras\u0131nda ekofeminizm, posth\u00fcmanizm ve t\u00fcrleraras\u0131 \u00e7al\u0131\u015fmalar yer al\u0131yor; \u00f6zellikle spek\u00fclatif edebiyatta ekolojik uyum ve dayan\u0131kl\u0131l\u0131k konular\u0131na odaklan\u0131yor. Akademik \u00e7al\u0131\u015fmalar\u0131n\u0131n [&hellip;]<\/p>\n","protected":false},"author":2,"featured_media":3478,"comment_status":"open","ping_status":"open","sticky":false,"template":"","format":"standard","meta":{"footnotes":""},"categories":[1037],"tags":[1034,1041,456,1043,1035,1033,1030,1025,1044,1032,962,1012,1024,1027,1011,1028,1029,1042,1031,1026],"class_list":["post-3477","post","type-post","status-publish","format-standard","has-post-thumbnail","hentry","category-seyir-quartier","tag-das-andere-literaturcafe","tag-elif-nur-aybas","tag-frankfurter-buchmesse","tag-iksv","tag-koln","tag-kulturbunker-koln-mulheim","tag-landinsicht-e-v","tag-literary-residency","tag-mertcan-karakus","tag-neola-art-projects-e-v","tag-open-call","tag-quartier-am-hafen","tag-residency","tag-rheinenergie-stiftung-kultur","tag-seyir-quartier","tag-stadt-koln","tag-stiftung-kunstsalon","tag-urban-cafe","tag-verein-zur-forderung-der-stadtepartnerschaft-koln-istanbul-e-v","tag-yazar-konuk-evi"],"yoast_head":"<!-- This site is optimized with the Yoast SEO plugin v27.9 - https:\/\/yoast.com\/product\/yoast-seo-wordpress\/ -->\n<title>Seyir Quartier Eyl\u00fcl-Ekim 2026 Konuk Yazar\u0131: G\u00fcls\u00fcm Ak\u00fcz\u00fcm - istanbulberlin<\/title>\n<meta name=\"description\" content=\"Seyir Quartier&#039;nin ikinci sezon ilk b\u00f6l\u00fcm\u00fc i\u00e7in Mertcan Karaku\u015f&#039;un se\u00e7ildi\u011fini duyurmaktan mutluluk duyuyoruz.\" \/>\n<meta name=\"robots\" content=\"index, follow, max-snippet:-1, max-image-preview:large, max-video-preview:-1\" \/>\n<link rel=\"canonical\" href=\"https:\/\/www.istanbulberlin.com\/en-de\/gulsumakuzum\/\" \/>\n<meta property=\"og:locale\" content=\"en_US\" \/>\n<meta property=\"og:type\" content=\"article\" \/>\n<meta property=\"og:title\" content=\"Seyir Quartier Eyl\u00fcl-Ekim 2026 Konuk Yazar\u0131: G\u00fcls\u00fcm Ak\u00fcz\u00fcm - istanbulberlin\" \/>\n<meta property=\"og:description\" content=\"Seyir Quartier&#039;nin ikinci sezon ilk b\u00f6l\u00fcm\u00fc i\u00e7in Mertcan Karaku\u015f&#039;un se\u00e7ildi\u011fini duyurmaktan mutluluk duyuyoruz.\" \/>\n<meta property=\"og:url\" content=\"https:\/\/www.istanbulberlin.com\/en-de\/gulsumakuzum\/\" \/>\n<meta property=\"og:site_name\" content=\"istanbulberlin\" \/>\n<meta property=\"article:published_time\" content=\"2026-09-02T13:30:56+00:00\" \/>\n<meta property=\"article:modified_time\" content=\"2026-09-02T13:33:03+00:00\" \/>\n<meta property=\"og:image\" content=\"https:\/\/www.istanbulberlin.com\/wp-content\/uploads\/2026\/09\/Gulsum_Insta.jpg\" \/>\n\t<meta property=\"og:image:width\" content=\"1080\" \/>\n\t<meta property=\"og:image:height\" content=\"1350\" \/>\n\t<meta property=\"og:image:type\" content=\"image\/jpeg\" \/>\n<meta name=\"author\" content=\"Sedef Ilgic\" \/>\n<meta name=\"twitter:card\" content=\"summary_large_image\" \/>\n<meta name=\"twitter:label1\" content=\"Written by\" \/>\n\t<meta name=\"twitter:data1\" content=\"Sedef Ilgic\" \/>\n\t<meta name=\"twitter:label2\" content=\"Est. reading time\" \/>\n\t<meta name=\"twitter:data2\" content=\"3 minutes\" \/>\n<script type=\"application\/ld+json\" class=\"yoast-schema-graph\">{\"@context\":\"https:\\\/\\\/schema.org\",\"@graph\":[{\"@type\":\"Article\",\"@id\":\"https:\\\/\\\/www.istanbulberlin.com\\\/gulsumakuzum\\\/#article\",\"isPartOf\":{\"@id\":\"https:\\\/\\\/www.istanbulberlin.com\\\/gulsumakuzum\\\/\"},\"author\":{\"name\":\"Sedef Ilgic\",\"@id\":\"https:\\\/\\\/www.istanbulberlin.com\\\/#\\\/schema\\\/person\\\/1daa4de5f72c22093adde153bda4c7f2\"},\"headline\":\"Seyir Quartier Eyl\u00fcl-Ekim 2026 Konuk Yazar\u0131: G\u00fcls\u00fcm Ak\u00fcz\u00fcm\",\"datePublished\":\"2026-09-02T13:30:56+00:00\",\"dateModified\":\"2026-09-02T13:33:03+00:00\",\"mainEntityOfPage\":{\"@id\":\"https:\\\/\\\/www.istanbulberlin.com\\\/gulsumakuzum\\\/\"},\"wordCount\":465,\"commentCount\":0,\"publisher\":{\"@id\":\"https:\\\/\\\/www.istanbulberlin.com\\\/#organization\"},\"image\":{\"@id\":\"https:\\\/\\\/www.istanbulberlin.com\\\/gulsumakuzum\\\/#primaryimage\"},\"thumbnailUrl\":\"https:\\\/\\\/www.istanbulberlin.com\\\/wp-content\\\/uploads\\\/2026\\\/09\\\/Gulsum_Insta.jpg\",\"keywords\":[\"das \u201candere\u201d Literaturcaf\u00e9\",\"Elif Nur Ayba\u015f\",\"Frankfurter Buchmesse\",\"iksv\",\"K\u00f6ln\",\"Kulturbunker K\u00f6ln-M\u00fclheim\",\"Landinsicht e.V.\",\"literary residency\",\"Mertcan Karaku\u015f\",\"NEOLA art projects e.V.\",\"open call\",\"Quartier am Hafen\",\"residency\",\"RheinEnergie Stiftung Kultur\",\"Seyir Quartier\",\"Stadt K\u00f6ln\",\"Stiftung Kunstsalon\",\"Urban Cafe\",\"Verein zur F\u00f6rderung der St\u00e4dtepartnerschaft K\u00f6ln - Istanbul e.V.\",\"yazar konuk evi\"],\"articleSection\":[\"Seyir Quartier\"],\"inLanguage\":\"en-US\",\"potentialAction\":[{\"@type\":\"CommentAction\",\"name\":\"Comment\",\"target\":[\"https:\\\/\\\/www.istanbulberlin.com\\\/gulsumakuzum\\\/#respond\"]}]},{\"@type\":\"WebPage\",\"@id\":\"https:\\\/\\\/www.istanbulberlin.com\\\/gulsumakuzum\\\/\",\"url\":\"https:\\\/\\\/www.istanbulberlin.com\\\/gulsumakuzum\\\/\",\"name\":\"Seyir Quartier Eyl\u00fcl-Ekim 2026 Konuk Yazar\u0131: G\u00fcls\u00fcm Ak\u00fcz\u00fcm - istanbulberlin\",\"isPartOf\":{\"@id\":\"https:\\\/\\\/www.istanbulberlin.com\\\/#website\"},\"primaryImageOfPage\":{\"@id\":\"https:\\\/\\\/www.istanbulberlin.com\\\/gulsumakuzum\\\/#primaryimage\"},\"image\":{\"@id\":\"https:\\\/\\\/www.istanbulberlin.com\\\/gulsumakuzum\\\/#primaryimage\"},\"thumbnailUrl\":\"https:\\\/\\\/www.istanbulberlin.com\\\/wp-content\\\/uploads\\\/2026\\\/09\\\/Gulsum_Insta.jpg\",\"datePublished\":\"2026-09-02T13:30:56+00:00\",\"dateModified\":\"2026-09-02T13:33:03+00:00\",\"description\":\"Seyir Quartier'nin ikinci sezon ilk b\u00f6l\u00fcm\u00fc i\u00e7in Mertcan Karaku\u015f'un se\u00e7ildi\u011fini duyurmaktan mutluluk duyuyoruz.\",\"breadcrumb\":{\"@id\":\"https:\\\/\\\/www.istanbulberlin.com\\\/gulsumakuzum\\\/#breadcrumb\"},\"inLanguage\":\"en-US\",\"potentialAction\":[{\"@type\":\"ReadAction\",\"target\":[\"https:\\\/\\\/www.istanbulberlin.com\\\/gulsumakuzum\\\/\"]}]},{\"@type\":\"ImageObject\",\"inLanguage\":\"en-US\",\"@id\":\"https:\\\/\\\/www.istanbulberlin.com\\\/gulsumakuzum\\\/#primaryimage\",\"url\":\"https:\\\/\\\/www.istanbulberlin.com\\\/wp-content\\\/uploads\\\/2026\\\/09\\\/Gulsum_Insta.jpg\",\"contentUrl\":\"https:\\\/\\\/www.istanbulberlin.com\\\/wp-content\\\/uploads\\\/2026\\\/09\\\/Gulsum_Insta.jpg\",\"width\":1080,\"height\":1350},{\"@type\":\"BreadcrumbList\",\"@id\":\"https:\\\/\\\/www.istanbulberlin.com\\\/gulsumakuzum\\\/#breadcrumb\",\"itemListElement\":[{\"@type\":\"ListItem\",\"position\":1,\"name\":\"Home\",\"item\":\"https:\\\/\\\/www.istanbulberlin.com\\\/\"},{\"@type\":\"ListItem\",\"position\":2,\"name\":\"Seyir Quartier Eyl\u00fcl-Ekim 2026 Konuk Yazar\u0131: G\u00fcls\u00fcm Ak\u00fcz\u00fcm\"}]},{\"@type\":\"WebSite\",\"@id\":\"https:\\\/\\\/www.istanbulberlin.com\\\/#website\",\"url\":\"https:\\\/\\\/www.istanbulberlin.com\\\/\",\"name\":\"istanbulberlin\",\"description\":\"kar\u015f\u0131la\u015fmalar i\u00e7in bir alan . a space for encounters\",\"publisher\":{\"@id\":\"https:\\\/\\\/www.istanbulberlin.com\\\/#organization\"},\"potentialAction\":[{\"@type\":\"SearchAction\",\"target\":{\"@type\":\"EntryPoint\",\"urlTemplate\":\"https:\\\/\\\/www.istanbulberlin.com\\\/?s={search_term_string}\"},\"query-input\":{\"@type\":\"PropertyValueSpecification\",\"valueRequired\":true,\"valueName\":\"search_term_string\"}}],\"inLanguage\":\"en-US\"},{\"@type\":\"Organization\",\"@id\":\"https:\\\/\\\/www.istanbulberlin.com\\\/#organization\",\"name\":\"istanbulberlin\",\"url\":\"https:\\\/\\\/www.istanbulberlin.com\\\/\",\"logo\":{\"@type\":\"ImageObject\",\"inLanguage\":\"en-US\",\"@id\":\"https:\\\/\\\/www.istanbulberlin.com\\\/#\\\/schema\\\/logo\\\/image\\\/\",\"url\":\"https:\\\/\\\/www.istanbulberlin.com\\\/wp-content\\\/uploads\\\/2020\\\/05\\\/logo_c_big.png\",\"contentUrl\":\"https:\\\/\\\/www.istanbulberlin.com\\\/wp-content\\\/uploads\\\/2020\\\/05\\\/logo_c_big.png\",\"width\":1010,\"height\":125,\"caption\":\"istanbulberlin\"},\"image\":{\"@id\":\"https:\\\/\\\/www.istanbulberlin.com\\\/#\\\/schema\\\/logo\\\/image\\\/\"}},{\"@type\":\"Person\",\"@id\":\"https:\\\/\\\/www.istanbulberlin.com\\\/#\\\/schema\\\/person\\\/1daa4de5f72c22093adde153bda4c7f2\",\"name\":\"Sedef Ilgic\",\"url\":false}]}<\/script>\n<!-- \/ Yoast SEO plugin. -->","yoast_head_json":{"title":"Seyir Quartier Eyl\u00fcl-Ekim 2026 Konuk Yazar\u0131: G\u00fcls\u00fcm Ak\u00fcz\u00fcm - istanbulberlin","description":"Seyir Quartier'nin ikinci sezon ilk b\u00f6l\u00fcm\u00fc i\u00e7in Mertcan Karaku\u015f'un se\u00e7ildi\u011fini duyurmaktan mutluluk duyuyoruz.","robots":{"index":"index","follow":"follow","max-snippet":"max-snippet:-1","max-image-preview":"max-image-preview:large","max-video-preview":"max-video-preview:-1"},"canonical":"https:\/\/www.istanbulberlin.com\/en-de\/gulsumakuzum\/","og_locale":"en_US","og_type":"article","og_title":"Seyir Quartier Eyl\u00fcl-Ekim 2026 Konuk Yazar\u0131: G\u00fcls\u00fcm Ak\u00fcz\u00fcm - istanbulberlin","og_description":"Seyir Quartier'nin ikinci sezon ilk b\u00f6l\u00fcm\u00fc i\u00e7in Mertcan Karaku\u015f'un se\u00e7ildi\u011fini duyurmaktan mutluluk duyuyoruz.","og_url":"https:\/\/www.istanbulberlin.com\/en-de\/gulsumakuzum\/","og_site_name":"istanbulberlin","article_published_time":"2026-09-02T13:30:56+00:00","article_modified_time":"2026-09-02T13:33:03+00:00","og_image":[{"width":1080,"height":1350,"url":"https:\/\/www.istanbulberlin.com\/wp-content\/uploads\/2026\/09\/Gulsum_Insta.jpg","type":"image\/jpeg"}],"author":"Sedef Ilgic","twitter_card":"summary_large_image","twitter_misc":{"Written by":"Sedef Ilgic","Est. reading time":"3 minutes"},"schema":{"@context":"https:\/\/schema.org","@graph":[{"@type":"Article","@id":"https:\/\/www.istanbulberlin.com\/gulsumakuzum\/#article","isPartOf":{"@id":"https:\/\/www.istanbulberlin.com\/gulsumakuzum\/"},"author":{"name":"Sedef Ilgic","@id":"https:\/\/www.istanbulberlin.com\/#\/schema\/person\/1daa4de5f72c22093adde153bda4c7f2"},"headline":"Seyir Quartier Eyl\u00fcl-Ekim 2026 Konuk Yazar\u0131: G\u00fcls\u00fcm Ak\u00fcz\u00fcm","datePublished":"2026-09-02T13:30:56+00:00","dateModified":"2026-09-02T13:33:03+00:00","mainEntityOfPage":{"@id":"https:\/\/www.istanbulberlin.com\/gulsumakuzum\/"},"wordCount":465,"commentCount":0,"publisher":{"@id":"https:\/\/www.istanbulberlin.com\/#organization"},"image":{"@id":"https:\/\/www.istanbulberlin.com\/gulsumakuzum\/#primaryimage"},"thumbnailUrl":"https:\/\/www.istanbulberlin.com\/wp-content\/uploads\/2026\/09\/Gulsum_Insta.jpg","keywords":["das \u201candere\u201d Literaturcaf\u00e9","Elif Nur Ayba\u015f","Frankfurter Buchmesse","iksv","K\u00f6ln","Kulturbunker K\u00f6ln-M\u00fclheim","Landinsicht e.V.","literary residency","Mertcan Karaku\u015f","NEOLA art projects e.V.","open call","Quartier am Hafen","residency","RheinEnergie Stiftung Kultur","Seyir Quartier","Stadt K\u00f6ln","Stiftung Kunstsalon","Urban Cafe","Verein zur F\u00f6rderung der St\u00e4dtepartnerschaft K\u00f6ln - Istanbul e.V.","yazar konuk evi"],"articleSection":["Seyir Quartier"],"inLanguage":"en-US","potentialAction":[{"@type":"CommentAction","name":"Comment","target":["https:\/\/www.istanbulberlin.com\/gulsumakuzum\/#respond"]}]},{"@type":"WebPage","@id":"https:\/\/www.istanbulberlin.com\/gulsumakuzum\/","url":"https:\/\/www.istanbulberlin.com\/gulsumakuzum\/","name":"Seyir Quartier Eyl\u00fcl-Ekim 2026 Konuk Yazar\u0131: G\u00fcls\u00fcm Ak\u00fcz\u00fcm - istanbulberlin","isPartOf":{"@id":"https:\/\/www.istanbulberlin.com\/#website"},"primaryImageOfPage":{"@id":"https:\/\/www.istanbulberlin.com\/gulsumakuzum\/#primaryimage"},"image":{"@id":"https:\/\/www.istanbulberlin.com\/gulsumakuzum\/#primaryimage"},"thumbnailUrl":"https:\/\/www.istanbulberlin.com\/wp-content\/uploads\/2026\/09\/Gulsum_Insta.jpg","datePublished":"2026-09-02T13:30:56+00:00","dateModified":"2026-09-02T13:33:03+00:00","description":"Seyir Quartier'nin ikinci sezon ilk b\u00f6l\u00fcm\u00fc i\u00e7in Mertcan Karaku\u015f'un se\u00e7ildi\u011fini duyurmaktan mutluluk duyuyoruz.","breadcrumb":{"@id":"https:\/\/www.istanbulberlin.com\/gulsumakuzum\/#breadcrumb"},"inLanguage":"en-US","potentialAction":[{"@type":"ReadAction","target":["https:\/\/www.istanbulberlin.com\/gulsumakuzum\/"]}]},{"@type":"ImageObject","inLanguage":"en-US","@id":"https:\/\/www.istanbulberlin.com\/gulsumakuzum\/#primaryimage","url":"https:\/\/www.istanbulberlin.com\/wp-content\/uploads\/2026\/09\/Gulsum_Insta.jpg","contentUrl":"https:\/\/www.istanbulberlin.com\/wp-content\/uploads\/2026\/09\/Gulsum_Insta.jpg","width":1080,"height":1350},{"@type":"BreadcrumbList","@id":"https:\/\/www.istanbulberlin.com\/gulsumakuzum\/#breadcrumb","itemListElement":[{"@type":"ListItem","position":1,"name":"Home","item":"https:\/\/www.istanbulberlin.com\/"},{"@type":"ListItem","position":2,"name":"Seyir Quartier Eyl\u00fcl-Ekim 2026 Konuk Yazar\u0131: G\u00fcls\u00fcm Ak\u00fcz\u00fcm"}]},{"@type":"WebSite","@id":"https:\/\/www.istanbulberlin.com\/#website","url":"https:\/\/www.istanbulberlin.com\/","name":"istanbulberlin","description":"kar\u015f\u0131la\u015fmalar i\u00e7in bir alan . a space for encounters","publisher":{"@id":"https:\/\/www.istanbulberlin.com\/#organization"},"potentialAction":[{"@type":"SearchAction","target":{"@type":"EntryPoint","urlTemplate":"https:\/\/www.istanbulberlin.com\/?s={search_term_string}"},"query-input":{"@type":"PropertyValueSpecification","valueRequired":true,"valueName":"search_term_string"}}],"inLanguage":"en-US"},{"@type":"Organization","@id":"https:\/\/www.istanbulberlin.com\/#organization","name":"istanbulberlin","url":"https:\/\/www.istanbulberlin.com\/","logo":{"@type":"ImageObject","inLanguage":"en-US","@id":"https:\/\/www.istanbulberlin.com\/#\/schema\/logo\/image\/","url":"https:\/\/www.istanbulberlin.com\/wp-content\/uploads\/2020\/05\/logo_c_big.png","contentUrl":"https:\/\/www.istanbulberlin.com\/wp-content\/uploads\/2020\/05\/logo_c_big.png","width":1010,"height":125,"caption":"istanbulberlin"},"image":{"@id":"https:\/\/www.istanbulberlin.com\/#\/schema\/logo\/image\/"}},{"@type":"Person","@id":"https:\/\/www.istanbulberlin.com\/#\/schema\/person\/1daa4de5f72c22093adde153bda4c7f2","name":"Sedef Ilgic","url":false}]}},"_links":{"self":[{"href":"https:\/\/www.istanbulberlin.com\/en-de\/wp-json\/wp\/v2\/posts\/3477","targetHints":{"allow":["GET"]}}],"collection":[{"href":"https:\/\/www.istanbulberlin.com\/en-de\/wp-json\/wp\/v2\/posts"}],"about":[{"href":"https:\/\/www.istanbulberlin.com\/en-de\/wp-json\/wp\/v2\/types\/post"}],"author":[{"embeddable":true,"href":"https:\/\/www.istanbulberlin.com\/en-de\/wp-json\/wp\/v2\/users\/2"}],"replies":[{"embeddable":true,"href":"https:\/\/www.istanbulberlin.com\/en-de\/wp-json\/wp\/v2\/comments?post=3477"}],"version-history":[{"count":1,"href":"https:\/\/www.istanbulberlin.com\/en-de\/wp-json\/wp\/v2\/posts\/3477\/revisions"}],"predecessor-version":[{"id":3479,"href":"https:\/\/www.istanbulberlin.com\/en-de\/wp-json\/wp\/v2\/posts\/3477\/revisions\/3479"}],"wp:featuredmedia":[{"embeddable":true,"href":"https:\/\/www.istanbulberlin.com\/en-de\/wp-json\/wp\/v2\/media\/3478"}],"wp:attachment":[{"href":"https:\/\/www.istanbulberlin.com\/en-de\/wp-json\/wp\/v2\/media?parent=3477"}],"wp:term":[{"taxonomy":"category","embeddable":true,"href":"https:\/\/www.istanbulberlin.com\/en-de\/wp-json\/wp\/v2\/categories?post=3477"},{"taxonomy":"post_tag","embeddable":true,"href":"https:\/\/www.istanbulberlin.com\/en-de\/wp-json\/wp\/v2\/tags?post=3477"}],"curies":[{"name":"wp","href":"https:\/\/api.w.org\/{rel}","templated":true}]}}