{"id":974,"date":"2020-04-19T14:13:47","date_gmt":"2020-04-19T14:13:47","guid":{"rendered":"http:\/\/www.istanbulberlin.com\/?p=974"},"modified":"2020-05-12T09:00:28","modified_gmt":"2020-05-12T09:00:28","slug":"zamanin-icinden-judith-kuckart","status":"publish","type":"post","link":"https:\/\/www.istanbulberlin.com\/en-de\/zamanin-icinden-judith-kuckart\/","title":{"rendered":"Judith Kuckart: Start from Scratch"},"content":{"rendered":"<h4 class=\"p1\">Berlin based author <a target=\"_blank\" href=\"https:\/\/judithkuckart.de\/\">Judith Kuckart<\/a> answered my three questions about the time we are passing through.<\/h4>\n<h5 class=\"p1\">How are you affected?<\/h5>\n<p class=\"p1\">I would be poor, nevertheless make safaris throughout the forests, away from the paths, as long as the ticks are not awake...<\/p>\n<h5 class=\"p1\">What will change in your country or the world?<\/h5>\n<p class=\"p1\">Constant question: What is the difference between Germany and the world?<\/p>\n<h5 class=\"p1\">What do you hope to change?<\/h5>\n<p class=\"p1\">\"Why not trust a new poverty that will lead us to start from the scratch? (Walter Benjamin)<\/p>\n<p>Photography copyright \u00a9 Burkhard Peter, 2019<\/p>","protected":false},"excerpt":{"rendered":"<p>Berlin&#8217;de ya\u015fayan yazar Judith Kuckart i\u00e7inden ge\u00e7ti\u011fimiz d\u00f6nemle ilgili \u00fc\u00e7 sorumu yan\u0131tlad\u0131. Nas\u0131l etk\u0130lend\u0130n? Be\u015f paras\u0131zsam bile ormanlar boyunca safari yapar; yollardan \u00e7\u0131kard\u0131m, keneler uyanmad\u0131k\u00e7a&#8230; \u00dclkende ya da d\u00fcnyada ne de\u011f\u0130\u015fecek? Daimi soru: Almanya ve d\u00fcnya aras\u0131ndaki fark ne? Neyin de\u011f\u0130\u015fmes\u0130n\u0130 \u0130sterd\u0130n? \u201cBizi en ba\u015ftan ba\u015flamaya getirecek bir yoksullu\u011fa g\u00fcvenmemiz i\u00e7in bir neden var m\u0131?\u201d (Walter Benjamin) Foto\u011fraf copyright \u00a9 Burkhard Peter, 2019<\/p>","protected":false},"author":2,"featured_media":975,"comment_status":"open","ping_status":"open","sticky":false,"template":"","format":"standard","meta":{"footnotes":""},"categories":[115,4],"tags":[124,125,121,100,123],"class_list":["post-974","post","type-post","status-publish","format-standard","has-post-thumbnail","hentry","category-covid-19","category-zamanin-icinden","tag-author","tag-judith-kuckart","tag-pandemic","tag-sorusturma","tag-yazar"],"yoast_head":"<!-- This site is optimized with the Yoast SEO plugin v26.6 - https:\/\/yoast.com\/wordpress\/plugins\/seo\/ -->\n<title>Judith Kuckart: En Ba\u015ftan Ba\u015flamak - istanbulberlin<\/title>\n<meta name=\"description\" content=\"Zaman\u0131n \u0130\u00e7inden: Yazar Judith Kuckart ile salg\u0131n\u0131n etkileri \u00fczerine: \u201cBizi en ba\u015ftan ba\u015flamaya getirecek bir yoksullu\u011fa g\u00fcvenmemiz i\u00e7in bir neden var m\u0131?\u201d\" \/>\n<meta name=\"robots\" content=\"index, follow, max-snippet:-1, max-image-preview:large, max-video-preview:-1\" \/>\n<link rel=\"canonical\" href=\"https:\/\/www.istanbulberlin.com\/en-de\/zamanin-icinden-judith-kuckart\/\" \/>\n<meta property=\"og:locale\" content=\"en_US\" \/>\n<meta property=\"og:type\" content=\"article\" \/>\n<meta property=\"og:title\" content=\"Judith Kuckart: En Ba\u015ftan Ba\u015flamak - istanbulberlin\" \/>\n<meta property=\"og:description\" content=\"Zaman\u0131n \u0130\u00e7inden: Yazar Judith Kuckart ile salg\u0131n\u0131n etkileri \u00fczerine: \u201cBizi en ba\u015ftan ba\u015flamaya getirecek bir yoksullu\u011fa g\u00fcvenmemiz i\u00e7in bir neden var m\u0131?\u201d\" \/>\n<meta property=\"og:url\" content=\"https:\/\/www.istanbulberlin.com\/en-de\/zamanin-icinden-judith-kuckart\/\" \/>\n<meta property=\"og:site_name\" content=\"istanbulberlin\" \/>\n<meta property=\"article:published_time\" content=\"2020-04-19T14:13:47+00:00\" \/>\n<meta property=\"article:modified_time\" content=\"2020-05-12T09:00:28+00:00\" \/>\n<meta property=\"og:image\" content=\"https:\/\/www.istanbulberlin.com\/wp-content\/uploads\/2020\/04\/IB_Judith-Kuckart_Burkhard-Peter--e1587305809298.jpg\" \/>\n\t<meta property=\"og:image:width\" content=\"1920\" \/>\n\t<meta property=\"og:image:height\" content=\"921\" \/>\n\t<meta property=\"og:image:type\" content=\"image\/jpeg\" \/>\n<meta name=\"author\" content=\"Sedef Ilgic\" \/>\n<meta name=\"twitter:card\" content=\"summary_large_image\" \/>\n<meta name=\"twitter:label1\" content=\"Written by\" \/>\n\t<meta name=\"twitter:data1\" content=\"Sedef Ilgic\" \/>\n<script type=\"application\/ld+json\" class=\"yoast-schema-graph\">{\"@context\":\"https:\/\/schema.org\",\"@graph\":[{\"@type\":\"Article\",\"@id\":\"https:\/\/www.istanbulberlin.com\/en-de\/zamanin-icinden-judith-kuckart\/#article\",\"isPartOf\":{\"@id\":\"https:\/\/www.istanbulberlin.com\/en-de\/zamanin-icinden-judith-kuckart\/\"},\"author\":{\"name\":\"Sedef Ilgic\",\"@id\":\"https:\/\/www.istanbulberlin.com\/#\/schema\/person\/1daa4de5f72c22093adde153bda4c7f2\"},\"headline\":\"Judith Kuckart: En Ba\u015ftan Ba\u015flamak\",\"datePublished\":\"2020-04-19T14:13:47+00:00\",\"dateModified\":\"2020-05-12T09:00:28+00:00\",\"mainEntityOfPage\":{\"@id\":\"https:\/\/www.istanbulberlin.com\/en-de\/zamanin-icinden-judith-kuckart\/\"},\"wordCount\":93,\"commentCount\":0,\"publisher\":{\"@id\":\"https:\/\/www.istanbulberlin.com\/#organization\"},\"image\":{\"@id\":\"https:\/\/www.istanbulberlin.com\/en-de\/zamanin-icinden-judith-kuckart\/#primaryimage\"},\"thumbnailUrl\":\"https:\/\/www.istanbulberlin.com\/wp-content\/uploads\/2020\/04\/IB_Judith-Kuckart_Burkhard-Peter--e1587305809298.jpg\",\"keywords\":[\"author\",\"judith kuckart\",\"pandemic\",\"soru\u015fturma\",\"yazar\"],\"articleSection\":[\"COVID-19\",\"Zaman\u0131n \u0130\u00e7inden\"],\"inLanguage\":\"en-US\",\"potentialAction\":[{\"@type\":\"CommentAction\",\"name\":\"Comment\",\"target\":[\"https:\/\/www.istanbulberlin.com\/en-de\/zamanin-icinden-judith-kuckart\/#respond\"]}]},{\"@type\":\"WebPage\",\"@id\":\"https:\/\/www.istanbulberlin.com\/en-de\/zamanin-icinden-judith-kuckart\/\",\"url\":\"https:\/\/www.istanbulberlin.com\/en-de\/zamanin-icinden-judith-kuckart\/\",\"name\":\"Judith Kuckart: En Ba\u015ftan Ba\u015flamak - istanbulberlin\",\"isPartOf\":{\"@id\":\"https:\/\/www.istanbulberlin.com\/#website\"},\"primaryImageOfPage\":{\"@id\":\"https:\/\/www.istanbulberlin.com\/en-de\/zamanin-icinden-judith-kuckart\/#primaryimage\"},\"image\":{\"@id\":\"https:\/\/www.istanbulberlin.com\/en-de\/zamanin-icinden-judith-kuckart\/#primaryimage\"},\"thumbnailUrl\":\"https:\/\/www.istanbulberlin.com\/wp-content\/uploads\/2020\/04\/IB_Judith-Kuckart_Burkhard-Peter--e1587305809298.jpg\",\"datePublished\":\"2020-04-19T14:13:47+00:00\",\"dateModified\":\"2020-05-12T09:00:28+00:00\",\"description\":\"Zaman\u0131n \u0130\u00e7inden: Yazar Judith Kuckart ile salg\u0131n\u0131n etkileri \u00fczerine: \u201cBizi en ba\u015ftan ba\u015flamaya getirecek bir yoksullu\u011fa g\u00fcvenmemiz i\u00e7in bir neden var m\u0131?\u201d\",\"breadcrumb\":{\"@id\":\"https:\/\/www.istanbulberlin.com\/en-de\/zamanin-icinden-judith-kuckart\/#breadcrumb\"},\"inLanguage\":\"en-US\",\"potentialAction\":[{\"@type\":\"ReadAction\",\"target\":[\"https:\/\/www.istanbulberlin.com\/en-de\/zamanin-icinden-judith-kuckart\/\"]}]},{\"@type\":\"ImageObject\",\"inLanguage\":\"en-US\",\"@id\":\"https:\/\/www.istanbulberlin.com\/en-de\/zamanin-icinden-judith-kuckart\/#primaryimage\",\"url\":\"https:\/\/www.istanbulberlin.com\/wp-content\/uploads\/2020\/04\/IB_Judith-Kuckart_Burkhard-Peter--e1587305809298.jpg\",\"contentUrl\":\"https:\/\/www.istanbulberlin.com\/wp-content\/uploads\/2020\/04\/IB_Judith-Kuckart_Burkhard-Peter--e1587305809298.jpg\",\"width\":1920,\"height\":921},{\"@type\":\"BreadcrumbList\",\"@id\":\"https:\/\/www.istanbulberlin.com\/en-de\/zamanin-icinden-judith-kuckart\/#breadcrumb\",\"itemListElement\":[{\"@type\":\"ListItem\",\"position\":1,\"name\":\"Home\",\"item\":\"https:\/\/www.istanbulberlin.com\/\"},{\"@type\":\"ListItem\",\"position\":2,\"name\":\"Judith Kuckart: En Ba\u015ftan Ba\u015flamak\"}]},{\"@type\":\"WebSite\",\"@id\":\"https:\/\/www.istanbulberlin.com\/#website\",\"url\":\"https:\/\/www.istanbulberlin.com\/\",\"name\":\"istanbulberlin\",\"description\":\"kar\u015f\u0131la\u015fmalar i\u00e7in bir alan . a space for encounters\",\"publisher\":{\"@id\":\"https:\/\/www.istanbulberlin.com\/#organization\"},\"potentialAction\":[{\"@type\":\"SearchAction\",\"target\":{\"@type\":\"EntryPoint\",\"urlTemplate\":\"https:\/\/www.istanbulberlin.com\/?s={search_term_string}\"},\"query-input\":{\"@type\":\"PropertyValueSpecification\",\"valueRequired\":true,\"valueName\":\"search_term_string\"}}],\"inLanguage\":\"en-US\"},{\"@type\":\"Organization\",\"@id\":\"https:\/\/www.istanbulberlin.com\/#organization\",\"name\":\"istanbulberlin\",\"url\":\"https:\/\/www.istanbulberlin.com\/\",\"logo\":{\"@type\":\"ImageObject\",\"inLanguage\":\"en-US\",\"@id\":\"https:\/\/www.istanbulberlin.com\/#\/schema\/logo\/image\/\",\"url\":\"https:\/\/www.istanbulberlin.com\/wp-content\/uploads\/2020\/05\/logo_c_big.png\",\"contentUrl\":\"https:\/\/www.istanbulberlin.com\/wp-content\/uploads\/2020\/05\/logo_c_big.png\",\"width\":1010,\"height\":125,\"caption\":\"istanbulberlin\"},\"image\":{\"@id\":\"https:\/\/www.istanbulberlin.com\/#\/schema\/logo\/image\/\"}},{\"@type\":\"Person\",\"@id\":\"https:\/\/www.istanbulberlin.com\/#\/schema\/person\/1daa4de5f72c22093adde153bda4c7f2\",\"name\":\"Sedef Ilgic\",\"url\":false}]}<\/script>\n<!-- \/ Yoast SEO plugin. -->","yoast_head_json":{"title":"Judith Kuckart: En Ba\u015ftan Ba\u015flamak - istanbulberlin","description":"Zaman\u0131n \u0130\u00e7inden: Yazar Judith Kuckart ile salg\u0131n\u0131n etkileri \u00fczerine: \u201cBizi en ba\u015ftan ba\u015flamaya getirecek bir yoksullu\u011fa g\u00fcvenmemiz i\u00e7in bir neden var m\u0131?\u201d","robots":{"index":"index","follow":"follow","max-snippet":"max-snippet:-1","max-image-preview":"max-image-preview:large","max-video-preview":"max-video-preview:-1"},"canonical":"https:\/\/www.istanbulberlin.com\/en-de\/zamanin-icinden-judith-kuckart\/","og_locale":"en_US","og_type":"article","og_title":"Judith Kuckart: En Ba\u015ftan Ba\u015flamak - istanbulberlin","og_description":"Zaman\u0131n \u0130\u00e7inden: Yazar Judith Kuckart ile salg\u0131n\u0131n etkileri \u00fczerine: \u201cBizi en ba\u015ftan ba\u015flamaya getirecek bir yoksullu\u011fa g\u00fcvenmemiz i\u00e7in bir neden var m\u0131?\u201d","og_url":"https:\/\/www.istanbulberlin.com\/en-de\/zamanin-icinden-judith-kuckart\/","og_site_name":"istanbulberlin","article_published_time":"2020-04-19T14:13:47+00:00","article_modified_time":"2020-05-12T09:00:28+00:00","og_image":[{"width":1920,"height":921,"url":"https:\/\/www.istanbulberlin.com\/wp-content\/uploads\/2020\/04\/IB_Judith-Kuckart_Burkhard-Peter--e1587305809298.jpg","type":"image\/jpeg"}],"author":"Sedef Ilgic","twitter_card":"summary_large_image","twitter_misc":{"Written by":"Sedef Ilgic"},"schema":{"@context":"https:\/\/schema.org","@graph":[{"@type":"Article","@id":"https:\/\/www.istanbulberlin.com\/en-de\/zamanin-icinden-judith-kuckart\/#article","isPartOf":{"@id":"https:\/\/www.istanbulberlin.com\/en-de\/zamanin-icinden-judith-kuckart\/"},"author":{"name":"Sedef Ilgic","@id":"https:\/\/www.istanbulberlin.com\/#\/schema\/person\/1daa4de5f72c22093adde153bda4c7f2"},"headline":"Judith Kuckart: En Ba\u015ftan Ba\u015flamak","datePublished":"2020-04-19T14:13:47+00:00","dateModified":"2020-05-12T09:00:28+00:00","mainEntityOfPage":{"@id":"https:\/\/www.istanbulberlin.com\/en-de\/zamanin-icinden-judith-kuckart\/"},"wordCount":93,"commentCount":0,"publisher":{"@id":"https:\/\/www.istanbulberlin.com\/#organization"},"image":{"@id":"https:\/\/www.istanbulberlin.com\/en-de\/zamanin-icinden-judith-kuckart\/#primaryimage"},"thumbnailUrl":"https:\/\/www.istanbulberlin.com\/wp-content\/uploads\/2020\/04\/IB_Judith-Kuckart_Burkhard-Peter--e1587305809298.jpg","keywords":["author","judith kuckart","pandemic","soru\u015fturma","yazar"],"articleSection":["COVID-19","Zaman\u0131n \u0130\u00e7inden"],"inLanguage":"en-US","potentialAction":[{"@type":"CommentAction","name":"Comment","target":["https:\/\/www.istanbulberlin.com\/en-de\/zamanin-icinden-judith-kuckart\/#respond"]}]},{"@type":"WebPage","@id":"https:\/\/www.istanbulberlin.com\/en-de\/zamanin-icinden-judith-kuckart\/","url":"https:\/\/www.istanbulberlin.com\/en-de\/zamanin-icinden-judith-kuckart\/","name":"Judith Kuckart: En Ba\u015ftan Ba\u015flamak - istanbulberlin","isPartOf":{"@id":"https:\/\/www.istanbulberlin.com\/#website"},"primaryImageOfPage":{"@id":"https:\/\/www.istanbulberlin.com\/en-de\/zamanin-icinden-judith-kuckart\/#primaryimage"},"image":{"@id":"https:\/\/www.istanbulberlin.com\/en-de\/zamanin-icinden-judith-kuckart\/#primaryimage"},"thumbnailUrl":"https:\/\/www.istanbulberlin.com\/wp-content\/uploads\/2020\/04\/IB_Judith-Kuckart_Burkhard-Peter--e1587305809298.jpg","datePublished":"2020-04-19T14:13:47+00:00","dateModified":"2020-05-12T09:00:28+00:00","description":"Zaman\u0131n \u0130\u00e7inden: Yazar Judith Kuckart ile salg\u0131n\u0131n etkileri \u00fczerine: \u201cBizi en ba\u015ftan ba\u015flamaya getirecek bir yoksullu\u011fa g\u00fcvenmemiz i\u00e7in bir neden var m\u0131?\u201d","breadcrumb":{"@id":"https:\/\/www.istanbulberlin.com\/en-de\/zamanin-icinden-judith-kuckart\/#breadcrumb"},"inLanguage":"en-US","potentialAction":[{"@type":"ReadAction","target":["https:\/\/www.istanbulberlin.com\/en-de\/zamanin-icinden-judith-kuckart\/"]}]},{"@type":"ImageObject","inLanguage":"en-US","@id":"https:\/\/www.istanbulberlin.com\/en-de\/zamanin-icinden-judith-kuckart\/#primaryimage","url":"https:\/\/www.istanbulberlin.com\/wp-content\/uploads\/2020\/04\/IB_Judith-Kuckart_Burkhard-Peter--e1587305809298.jpg","contentUrl":"https:\/\/www.istanbulberlin.com\/wp-content\/uploads\/2020\/04\/IB_Judith-Kuckart_Burkhard-Peter--e1587305809298.jpg","width":1920,"height":921},{"@type":"BreadcrumbList","@id":"https:\/\/www.istanbulberlin.com\/en-de\/zamanin-icinden-judith-kuckart\/#breadcrumb","itemListElement":[{"@type":"ListItem","position":1,"name":"Home","item":"https:\/\/www.istanbulberlin.com\/"},{"@type":"ListItem","position":2,"name":"Judith Kuckart: En Ba\u015ftan Ba\u015flamak"}]},{"@type":"WebSite","@id":"https:\/\/www.istanbulberlin.com\/#website","url":"https:\/\/www.istanbulberlin.com\/","name":"istanbulberlin","description":"kar\u015f\u0131la\u015fmalar i\u00e7in bir alan . a space for encounters","publisher":{"@id":"https:\/\/www.istanbulberlin.com\/#organization"},"potentialAction":[{"@type":"SearchAction","target":{"@type":"EntryPoint","urlTemplate":"https:\/\/www.istanbulberlin.com\/?s={search_term_string}"},"query-input":{"@type":"PropertyValueSpecification","valueRequired":true,"valueName":"search_term_string"}}],"inLanguage":"en-US"},{"@type":"Organization","@id":"https:\/\/www.istanbulberlin.com\/#organization","name":"istanbulberlin","url":"https:\/\/www.istanbulberlin.com\/","logo":{"@type":"ImageObject","inLanguage":"en-US","@id":"https:\/\/www.istanbulberlin.com\/#\/schema\/logo\/image\/","url":"https:\/\/www.istanbulberlin.com\/wp-content\/uploads\/2020\/05\/logo_c_big.png","contentUrl":"https:\/\/www.istanbulberlin.com\/wp-content\/uploads\/2020\/05\/logo_c_big.png","width":1010,"height":125,"caption":"istanbulberlin"},"image":{"@id":"https:\/\/www.istanbulberlin.com\/#\/schema\/logo\/image\/"}},{"@type":"Person","@id":"https:\/\/www.istanbulberlin.com\/#\/schema\/person\/1daa4de5f72c22093adde153bda4c7f2","name":"Sedef Ilgic","url":false}]}},"_links":{"self":[{"href":"https:\/\/www.istanbulberlin.com\/en-de\/wp-json\/wp\/v2\/posts\/974","targetHints":{"allow":["GET"]}}],"collection":[{"href":"https:\/\/www.istanbulberlin.com\/en-de\/wp-json\/wp\/v2\/posts"}],"about":[{"href":"https:\/\/www.istanbulberlin.com\/en-de\/wp-json\/wp\/v2\/types\/post"}],"author":[{"embeddable":true,"href":"https:\/\/www.istanbulberlin.com\/en-de\/wp-json\/wp\/v2\/users\/2"}],"replies":[{"embeddable":true,"href":"https:\/\/www.istanbulberlin.com\/en-de\/wp-json\/wp\/v2\/comments?post=974"}],"version-history":[{"count":1,"href":"https:\/\/www.istanbulberlin.com\/en-de\/wp-json\/wp\/v2\/posts\/974\/revisions"}],"predecessor-version":[{"id":1269,"href":"https:\/\/www.istanbulberlin.com\/en-de\/wp-json\/wp\/v2\/posts\/974\/revisions\/1269"}],"wp:featuredmedia":[{"embeddable":true,"href":"https:\/\/www.istanbulberlin.com\/en-de\/wp-json\/wp\/v2\/media\/975"}],"wp:attachment":[{"href":"https:\/\/www.istanbulberlin.com\/en-de\/wp-json\/wp\/v2\/media?parent=974"}],"wp:term":[{"taxonomy":"category","embeddable":true,"href":"https:\/\/www.istanbulberlin.com\/en-de\/wp-json\/wp\/v2\/categories?post=974"},{"taxonomy":"post_tag","embeddable":true,"href":"https:\/\/www.istanbulberlin.com\/en-de\/wp-json\/wp\/v2\/tags?post=974"}],"curies":[{"name":"wp","href":"https:\/\/api.w.org\/{rel}","templated":true}]}}